{"id":34,"date":"2024-09-15T16:09:51","date_gmt":"2024-09-15T14:09:51","guid":{"rendered":"http:\/\/localhost\/usmv\/2024\/09\/05\/maximizing-your-blogs-reach-seo-tips-for-bloggers\/"},"modified":"2025-06-18T15:29:44","modified_gmt":"2025-06-18T13:29:44","slug":"inicio-curso-2024-2025","status":"publish","type":"post","link":"https:\/\/orsolinesmvarallo.org\/es\/inicio-curso-2024-2025\/","title":{"rendered":"Inicio del a\u00f1o pastoral 2024-2025"},"content":{"rendered":"<style>.kb-row-layout-id34_846e2e-49 > .kt-row-column-wrap{align-content:center;}:where(.kb-row-layout-id34_846e2e-49 > .kt-row-column-wrap) > .wp-block-kadence-column{justify-content:center;}.kb-row-layout-id34_846e2e-49 > .kt-row-column-wrap{column-gap:var(--global-kb-gap-md, 2rem);row-gap:var(--global-kb-gap-md, 2rem);max-width:var( --global-content-width, 1290px );padding-left:var(--global-content-edge-padding);padding-right:var(--global-content-edge-padding);padding-top:var(--global-kb-spacing-5xl, 10rem);padding-bottom:var(--global-kb-spacing-5xl, 10rem);grid-template-columns:minmax(0, 1fr);}.kb-row-layout-id34_846e2e-49{background-image:url('https:\/\/orsolinesmvarallo.org\/wp-content\/uploads\/2025\/01\/Varallo-Sacro-Monte-1024x522-1.webp');background-size:cover;background-position:center center;background-attachment:scroll;background-repeat:no-repeat;}.kb-row-layout-id34_846e2e-49 > .kt-row-layout-overlay{opacity:0.90;background:linear-gradient(135deg,var(--global-palette1,#ffffff) 0%,var(--global-palette2,#EDF2F7) 100%);mix-blend-mode:normal;}.kb-row-layout-id34_846e2e-49 .kt-row-layout-bottom-sep{height:100px;}.kb-row-layout-id34_846e2e-49 .kt-row-layout-bottom-sep svg{width:100%;}.kb-row-layout-id34_846e2e-49 .kt-row-layout-bottom-sep svg{fill:var(--global-palette9, #ffffff)!important;}@media all and (max-width: 1024px){.kb-row-layout-id34_846e2e-49 > .kt-row-column-wrap{grid-template-columns:minmax(0, 1fr);}}@media all and (max-width: 1024px){.kb-row-layout-id34_846e2e-49 .kt-row-layout-bottom-sep{height:px;}}@media all and (max-width: 1024px){.kb-row-layout-id34_846e2e-49 .kt-row-layout-bottom-sep svg{width:%;}}@media all and (max-width: 767px){.kb-row-layout-id34_846e2e-49 > .kt-row-column-wrap{padding-top:var(--global-kb-spacing-xl, 4rem);padding-bottom:var(--global-kb-spacing-xl, 4rem);grid-template-columns:minmax(0, 1fr);}.kb-row-layout-id34_846e2e-49 .kt-row-layout-bottom-sep{height:px;}.kb-row-layout-id34_846e2e-49 .kt-row-layout-bottom-sep svg{width:%;}}<\/style><div class=\"kb-row-layout-wrap kb-row-layout-id34_846e2e-49 alignfull kt-row-has-bg kb-divider-static wp-block-kadence-rowlayout\"><div class=\"kt-row-layout-overlay kt-row-overlay-gradient\"><\/div><div class=\"kt-row-layout-bottom-sep kt-row-sep-type-sltl\"><svg viewbox=\"0 0 1000 100\" preserveaspectratio=\"none\"><path d=\"M1000,0l-1000,100l1000,0l0,-100Z\" \/><\/svg><\/div><div class=\"kt-row-column-wrap kt-has-1-columns kt-row-layout-equal kt-tab-layout-inherit kt-mobile-layout-row kt-row-valign-middle kb-theme-content-width\">\n<style>.kadence-column34_06484a-a8 > .kt-inside-inner-col,.kadence-column34_06484a-a8 > .kt-inside-inner-col:before{border-top-left-radius:0px;border-top-right-radius:0px;border-bottom-right-radius:0px;border-bottom-left-radius:0px;}.kadence-column34_06484a-a8 > .kt-inside-inner-col{column-gap:var(--global-kb-gap-sm, 1rem);}.kadence-column34_06484a-a8 > .kt-inside-inner-col{flex-direction:column;}.kadence-column34_06484a-a8 > .kt-inside-inner-col > .aligncenter{width:100%;}.kadence-column34_06484a-a8 > .kt-inside-inner-col:before{opacity:0.3;}.kadence-column34_06484a-a8{position:relative;}@media all and (max-width: 1024px){.kadence-column34_06484a-a8 > .kt-inside-inner-col{flex-direction:column;}}@media all and (max-width: 767px){.kadence-column34_06484a-a8 > .kt-inside-inner-col{flex-direction:column;}}<\/style>\n<div class=\"wp-block-kadence-column kadence-column34_06484a-a8 inner-column-1\"><div class=\"kt-inside-inner-col\"><style>.wp-block-kadence-advancedheading.kt-adv-heading34_a251f5-89, .wp-block-kadence-advancedheading.kt-adv-heading34_a251f5-89[data-kb-block=\"kb-adv-heading34_a251f5-89\"]{margin-top:var(--global-kb-spacing-xs, 1rem);text-align:center;font-size:var(--global-kb-font-size-xl, 3rem);line-height:1;font-style:normal;}.wp-block-kadence-advancedheading.kt-adv-heading34_a251f5-89 mark.kt-highlight, .wp-block-kadence-advancedheading.kt-adv-heading34_a251f5-89[data-kb-block=\"kb-adv-heading34_a251f5-89\"] mark.kt-highlight{font-style:normal;color:#f76a0c;-webkit-box-decoration-break:clone;box-decoration-break:clone;padding-top:0px;padding-right:0px;padding-bottom:0px;padding-left:0px;}@media all and (max-width: 1024px){.wp-block-kadence-advancedheading.kt-adv-heading34_a251f5-89, .wp-block-kadence-advancedheading.kt-adv-heading34_a251f5-89[data-kb-block=\"kb-adv-heading34_a251f5-89\"]{font-size:60px;}}@media all and (max-width: 767px){.wp-block-kadence-advancedheading.kt-adv-heading34_a251f5-89, .wp-block-kadence-advancedheading.kt-adv-heading34_a251f5-89[data-kb-block=\"kb-adv-heading34_a251f5-89\"]{font-size:40px;}}<\/style>\n<h1 class=\"kt-adv-heading34_a251f5-89 wp-block-kadence-advancedheading has-theme-palette-9-color has-text-color\" data-kb-block=\"kb-adv-heading34_a251f5-89\">Inicio del a\u00f1o pastoral 2024-2025<\/h1>\n\n\n<style>.wp-block-kadence-advancedheading.kt-adv-heading34_680633-ce, .wp-block-kadence-advancedheading.kt-adv-heading34_680633-ce[data-kb-block=\"kb-adv-heading34_680633-ce\"]{display:block;text-align:center;font-size:20px;line-height:1;font-weight:300;font-style:normal;letter-spacing:1px;}.wp-block-kadence-advancedheading.kt-adv-heading34_680633-ce mark.kt-highlight, .wp-block-kadence-advancedheading.kt-adv-heading34_680633-ce[data-kb-block=\"kb-adv-heading34_680633-ce\"] mark.kt-highlight{font-style:normal;color:#f76a0c;-webkit-box-decoration-break:clone;box-decoration-break:clone;padding-top:0px;padding-right:0px;padding-bottom:0px;padding-left:0px;}<\/style>\n<span class=\"kt-adv-heading34_680633-ce wp-block-kadence-advancedheading has-theme-palette-9-color has-text-color\" data-kb-block=\"kb-adv-heading34_680633-ce\"><\/span>\n<\/div><\/div>\n\n<\/div><\/div>\n\n\n<h2 class=\"wp-block-heading\"><strong>Llamadas a Servir con Coraz\u00f3n de Esposa de Cristo<\/strong><\/h2>\n\n\n\n<p class=\"has-text-align-center\">Con la alegr\u00eda y entrega que nos caracteriza como esposas de Cristo, iniciamos un nuevo curso pastoral en nuestras parroquias, preparadas para servir y acompa\u00f1ar a la comunidad con un coraz\u00f3n dispuesto y generoso.<\/p>\n\n\n\n<p class=\"has-text-align-center translation-block\">Nuestras parroquias se preparan para renovar su misi\u00f3n de evangelizaci\u00f3n, servicio y comunidad. Es un tiempo de esperanza, lleno de oportunidades para crecer en la fe, fortalecer la vida comunitaria y seguir la llamada de Cristo. Desde los m\u00e1s peque\u00f1os en la catequesis, los grupos de adultos, hasta el acompa\u00f1amiento espiritual, todos estamos invitados a caminar juntos, compartir nuestros dones y hacer viva la Palabra de Dios en nuestras vidas.<br> Que este nuevo ciclo nos impulse a construir una comunidad parroquial m\u00e1s unida y comprometida con el Reino de Dios.<\/p>\n\n\n<style>.kb-image34_b46c24-59 .kb-image-has-overlay:after{opacity:0.3;}<\/style>\n<figure class=\"wp-block-kadence-image kb-image34_b46c24-59 size-full kb-image-is-ratio-size\"><div class=\"kb-is-ratio-image kb-image-ratio-land32\"><img fetchpriority=\"high\" decoding=\"async\" width=\"1280\" height=\"960\" src=\"https:\/\/orsolinesmvarallo.org\/wp-content\/uploads\/2024\/09\/IMG-20240602-WA0008.jpg\" alt=\"\" class=\"kb-img wp-image-150\" srcset=\"https:\/\/orsolinesmvarallo.org\/wp-content\/uploads\/2024\/09\/IMG-20240602-WA0008.jpg 1280w, https:\/\/orsolinesmvarallo.org\/wp-content\/uploads\/2024\/09\/IMG-20240602-WA0008-600x450.jpg 600w\" sizes=\"(max-width: 1280px) 100vw, 1280px\" \/><\/div><\/figure>\n\n\n\n<h2 class=\"wp-block-heading\"><\/h2>","protected":false},"excerpt":{"rendered":"<p>Inizio dell&#8217;anno pastorale 2024 &#8211; 2025 Un Invito a Servire con il Cuore di Sposa di&#8230;<\/p>","protected":false},"author":1,"featured_media":150,"comment_status":"closed","ping_status":"open","sticky":false,"template":"","format":"standard","meta":{"_eb_attr":"","_kadence_starter_templates_imported_post":true,"_kad_post_transparent":"","_kad_post_title":"hide","_kad_post_layout":"narrow","_kad_post_sidebar_id":"","_kad_post_content_style":"","_kad_post_vertical_padding":"","_kad_post_feature":"","_kad_post_feature_position":"","_kad_post_header":false,"_kad_post_footer":false,"footnotes":""},"categories":[8],"tags":[],"class_list":["post-34","post","type-post","status-publish","format-standard","has-post-thumbnail","hentry","category-pastorale"],"yoast_head":"<!-- This site is optimized with the Yoast SEO plugin v24.8.1 - https:\/\/yoast.com\/wordpress\/plugins\/seo\/ -->\n<title>Inizio dell&#039;anno pastorale 2024 - 2025 - OSMV<\/title>\n<meta name=\"robots\" content=\"index, follow, max-snippet:-1, max-image-preview:large, max-video-preview:-1\" \/>\n<link rel=\"canonical\" href=\"https:\/\/orsolinesmvarallo.org\/es\/inicio-curso-2024-2025\/\" \/>\n<meta property=\"og:locale\" content=\"es_ES\" \/>\n<meta property=\"og:type\" content=\"article\" \/>\n<meta property=\"og:title\" content=\"Inizio dell&#039;anno pastorale 2024 - 2025 - OSMV\" \/>\n<meta property=\"og:description\" content=\"Inizio dell&#8217;anno pastorale 2024 &#8211; 2025 Un Invito a Servire con il Cuore di Sposa di...\" \/>\n<meta property=\"og:url\" content=\"https:\/\/orsolinesmvarallo.org\/es\/inicio-curso-2024-2025\/\" \/>\n<meta property=\"og:site_name\" content=\"OSMV\" \/>\n<meta property=\"article:published_time\" content=\"2024-09-15T14:09:51+00:00\" \/>\n<meta property=\"article:modified_time\" content=\"2025-06-18T13:29:44+00:00\" \/>\n<meta property=\"og:image\" content=\"https:\/\/orsolinesmvarallo.org\/wp-content\/uploads\/2024\/09\/IMG-20240602-WA0008.jpg\" \/>\n\t<meta property=\"og:image:width\" content=\"1280\" \/>\n\t<meta property=\"og:image:height\" content=\"960\" \/>\n\t<meta property=\"og:image:type\" content=\"image\/jpeg\" \/>\n<meta name=\"author\" content=\"admin\" \/>\n<meta name=\"twitter:card\" content=\"summary_large_image\" \/>\n<meta name=\"twitter:label1\" content=\"Escrito por\" \/>\n\t<meta name=\"twitter:data1\" content=\"admin\" \/>\n\t<meta name=\"twitter:label2\" content=\"Tiempo de lectura\" \/>\n\t<meta name=\"twitter:data2\" content=\"1 minuto\" \/>\n<script type=\"application\/ld+json\" class=\"yoast-schema-graph\">{\"@context\":\"https:\/\/schema.org\",\"@graph\":[{\"@type\":\"Article\",\"@id\":\"https:\/\/orsolinesmvarallo.org\/inicio-curso-2024-2025\/#article\",\"isPartOf\":{\"@id\":\"https:\/\/orsolinesmvarallo.org\/inicio-curso-2024-2025\/\"},\"author\":{\"name\":\"admin\",\"@id\":\"https:\/\/orsolinesmvarallo.org\/es\/#\/schema\/person\/61bcbe28ec16a268abe35517ccfd1b3d\"},\"headline\":\"Inizio dell&#8217;anno pastorale 2024 &#8211; 2025\",\"datePublished\":\"2024-09-15T14:09:51+00:00\",\"dateModified\":\"2025-06-18T13:29:44+00:00\",\"mainEntityOfPage\":{\"@id\":\"https:\/\/orsolinesmvarallo.org\/inicio-curso-2024-2025\/\"},\"wordCount\":146,\"publisher\":{\"@id\":\"https:\/\/orsolinesmvarallo.org\/es\/#organization\"},\"image\":{\"@id\":\"https:\/\/orsolinesmvarallo.org\/inicio-curso-2024-2025\/#primaryimage\"},\"thumbnailUrl\":\"https:\/\/orsolinesmvarallo.org\/wp-content\/uploads\/2024\/09\/IMG-20240602-WA0008.jpg\",\"articleSection\":[\"Pastorale\"],\"inLanguage\":\"es\"},{\"@type\":\"WebPage\",\"@id\":\"https:\/\/orsolinesmvarallo.org\/inicio-curso-2024-2025\/\",\"url\":\"https:\/\/orsolinesmvarallo.org\/inicio-curso-2024-2025\/\",\"name\":\"Inizio dell'anno pastorale 2024 - 2025 - OSMV\",\"isPartOf\":{\"@id\":\"https:\/\/orsolinesmvarallo.org\/es\/#website\"},\"primaryImageOfPage\":{\"@id\":\"https:\/\/orsolinesmvarallo.org\/inicio-curso-2024-2025\/#primaryimage\"},\"image\":{\"@id\":\"https:\/\/orsolinesmvarallo.org\/inicio-curso-2024-2025\/#primaryimage\"},\"thumbnailUrl\":\"https:\/\/orsolinesmvarallo.org\/wp-content\/uploads\/2024\/09\/IMG-20240602-WA0008.jpg\",\"datePublished\":\"2024-09-15T14:09:51+00:00\",\"dateModified\":\"2025-06-18T13:29:44+00:00\",\"breadcrumb\":{\"@id\":\"https:\/\/orsolinesmvarallo.org\/inicio-curso-2024-2025\/#breadcrumb\"},\"inLanguage\":\"es\",\"potentialAction\":[{\"@type\":\"ReadAction\",\"target\":[\"https:\/\/orsolinesmvarallo.org\/inicio-curso-2024-2025\/\"]}]},{\"@type\":\"ImageObject\",\"inLanguage\":\"es\",\"@id\":\"https:\/\/orsolinesmvarallo.org\/inicio-curso-2024-2025\/#primaryimage\",\"url\":\"https:\/\/orsolinesmvarallo.org\/wp-content\/uploads\/2024\/09\/IMG-20240602-WA0008.jpg\",\"contentUrl\":\"https:\/\/orsolinesmvarallo.org\/wp-content\/uploads\/2024\/09\/IMG-20240602-WA0008.jpg\",\"width\":1280,\"height\":960,\"caption\":\"Comunidad Madrid\"},{\"@type\":\"BreadcrumbList\",\"@id\":\"https:\/\/orsolinesmvarallo.org\/inicio-curso-2024-2025\/#breadcrumb\",\"itemListElement\":[{\"@type\":\"ListItem\",\"position\":1,\"name\":\"Portada\",\"item\":\"https:\/\/orsolinesmvarallo.org\/\"},{\"@type\":\"ListItem\",\"position\":2,\"name\":\"Inizio dell&#8217;anno pastorale 2024 &#8211; 2025\"}]},{\"@type\":\"WebSite\",\"@id\":\"https:\/\/orsolinesmvarallo.org\/es\/#website\",\"url\":\"https:\/\/orsolinesmvarallo.org\/es\/\",\"name\":\"OSMV\",\"description\":\"Suore Orsoline Sacro Monte di Varallo\",\"publisher\":{\"@id\":\"https:\/\/orsolinesmvarallo.org\/es\/#organization\"},\"potentialAction\":[{\"@type\":\"SearchAction\",\"target\":{\"@type\":\"EntryPoint\",\"urlTemplate\":\"https:\/\/orsolinesmvarallo.org\/es\/?s={search_term_string}\"},\"query-input\":{\"@type\":\"PropertyValueSpecification\",\"valueRequired\":true,\"valueName\":\"search_term_string\"}}],\"inLanguage\":\"es\"},{\"@type\":\"Organization\",\"@id\":\"https:\/\/orsolinesmvarallo.org\/es\/#organization\",\"name\":\"OSMV\",\"url\":\"https:\/\/orsolinesmvarallo.org\/es\/\",\"logo\":{\"@type\":\"ImageObject\",\"inLanguage\":\"es\",\"@id\":\"https:\/\/orsolinesmvarallo.org\/es\/#\/schema\/logo\/image\/\",\"url\":\"https:\/\/orsolinesmvarallo.org\/wp-content\/uploads\/2024\/12\/cropped-logoeuca-blanco.png\",\"contentUrl\":\"https:\/\/orsolinesmvarallo.org\/wp-content\/uploads\/2024\/12\/cropped-logoeuca-blanco.png\",\"width\":772,\"height\":742,\"caption\":\"OSMV\"},\"image\":{\"@id\":\"https:\/\/orsolinesmvarallo.org\/es\/#\/schema\/logo\/image\/\"}},{\"@type\":\"Person\",\"@id\":\"https:\/\/orsolinesmvarallo.org\/es\/#\/schema\/person\/61bcbe28ec16a268abe35517ccfd1b3d\",\"name\":\"admin\",\"image\":{\"@type\":\"ImageObject\",\"inLanguage\":\"es\",\"@id\":\"https:\/\/orsolinesmvarallo.org\/es\/#\/schema\/person\/image\/\",\"url\":\"https:\/\/secure.gravatar.com\/avatar\/48e6239e9fa94be050f37e1c9541cfb0?s=96&d=mm&r=g\",\"contentUrl\":\"https:\/\/secure.gravatar.com\/avatar\/48e6239e9fa94be050f37e1c9541cfb0?s=96&d=mm&r=g\",\"caption\":\"admin\"},\"sameAs\":[\"https:\/\/orsolinesmvarallo.org\"],\"url\":\"https:\/\/orsolinesmvarallo.org\/es\/author\/admin\/\"}]}<\/script>\n<!-- \/ Yoast SEO plugin. -->","yoast_head_json":{"title":"Inizio dell'anno pastorale 2024 - 2025 - OSMV","robots":{"index":"index","follow":"follow","max-snippet":"max-snippet:-1","max-image-preview":"max-image-preview:large","max-video-preview":"max-video-preview:-1"},"canonical":"https:\/\/orsolinesmvarallo.org\/es\/inicio-curso-2024-2025\/","og_locale":"es_ES","og_type":"article","og_title":"Inizio dell'anno pastorale 2024 - 2025 - OSMV","og_description":"Inizio dell&#8217;anno pastorale 2024 &#8211; 2025 Un Invito a Servire con il Cuore di Sposa di...","og_url":"https:\/\/orsolinesmvarallo.org\/es\/inicio-curso-2024-2025\/","og_site_name":"OSMV","article_published_time":"2024-09-15T14:09:51+00:00","article_modified_time":"2025-06-18T13:29:44+00:00","og_image":[{"width":1280,"height":960,"url":"https:\/\/orsolinesmvarallo.org\/wp-content\/uploads\/2024\/09\/IMG-20240602-WA0008.jpg","type":"image\/jpeg"}],"author":"admin","twitter_card":"summary_large_image","twitter_misc":{"Escrito por":"admin","Tiempo de lectura":"1 minuto"},"schema":{"@context":"https:\/\/schema.org","@graph":[{"@type":"Article","@id":"https:\/\/orsolinesmvarallo.org\/inicio-curso-2024-2025\/#article","isPartOf":{"@id":"https:\/\/orsolinesmvarallo.org\/inicio-curso-2024-2025\/"},"author":{"name":"admin","@id":"https:\/\/orsolinesmvarallo.org\/es\/#\/schema\/person\/61bcbe28ec16a268abe35517ccfd1b3d"},"headline":"Inizio dell&#8217;anno pastorale 2024 &#8211; 2025","datePublished":"2024-09-15T14:09:51+00:00","dateModified":"2025-06-18T13:29:44+00:00","mainEntityOfPage":{"@id":"https:\/\/orsolinesmvarallo.org\/inicio-curso-2024-2025\/"},"wordCount":146,"publisher":{"@id":"https:\/\/orsolinesmvarallo.org\/es\/#organization"},"image":{"@id":"https:\/\/orsolinesmvarallo.org\/inicio-curso-2024-2025\/#primaryimage"},"thumbnailUrl":"https:\/\/orsolinesmvarallo.org\/wp-content\/uploads\/2024\/09\/IMG-20240602-WA0008.jpg","articleSection":["Pastorale"],"inLanguage":"es"},{"@type":"WebPage","@id":"https:\/\/orsolinesmvarallo.org\/inicio-curso-2024-2025\/","url":"https:\/\/orsolinesmvarallo.org\/inicio-curso-2024-2025\/","name":"Inizio dell'anno pastorale 2024 - 2025 - OSMV","isPartOf":{"@id":"https:\/\/orsolinesmvarallo.org\/es\/#website"},"primaryImageOfPage":{"@id":"https:\/\/orsolinesmvarallo.org\/inicio-curso-2024-2025\/#primaryimage"},"image":{"@id":"https:\/\/orsolinesmvarallo.org\/inicio-curso-2024-2025\/#primaryimage"},"thumbnailUrl":"https:\/\/orsolinesmvarallo.org\/wp-content\/uploads\/2024\/09\/IMG-20240602-WA0008.jpg","datePublished":"2024-09-15T14:09:51+00:00","dateModified":"2025-06-18T13:29:44+00:00","breadcrumb":{"@id":"https:\/\/orsolinesmvarallo.org\/inicio-curso-2024-2025\/#breadcrumb"},"inLanguage":"es","potentialAction":[{"@type":"ReadAction","target":["https:\/\/orsolinesmvarallo.org\/inicio-curso-2024-2025\/"]}]},{"@type":"ImageObject","inLanguage":"es","@id":"https:\/\/orsolinesmvarallo.org\/inicio-curso-2024-2025\/#primaryimage","url":"https:\/\/orsolinesmvarallo.org\/wp-content\/uploads\/2024\/09\/IMG-20240602-WA0008.jpg","contentUrl":"https:\/\/orsolinesmvarallo.org\/wp-content\/uploads\/2024\/09\/IMG-20240602-WA0008.jpg","width":1280,"height":960,"caption":"Comunidad Madrid"},{"@type":"BreadcrumbList","@id":"https:\/\/orsolinesmvarallo.org\/inicio-curso-2024-2025\/#breadcrumb","itemListElement":[{"@type":"ListItem","position":1,"name":"Portada","item":"https:\/\/orsolinesmvarallo.org\/"},{"@type":"ListItem","position":2,"name":"Inizio dell&#8217;anno pastorale 2024 &#8211; 2025"}]},{"@type":"WebSite","@id":"https:\/\/orsolinesmvarallo.org\/es\/#website","url":"https:\/\/orsolinesmvarallo.org\/es\/","name":"OSMV","description":"Suore Orsoline Sacro Monte di Varallo","publisher":{"@id":"https:\/\/orsolinesmvarallo.org\/es\/#organization"},"potentialAction":[{"@type":"SearchAction","target":{"@type":"EntryPoint","urlTemplate":"https:\/\/orsolinesmvarallo.org\/es\/?s={search_term_string}"},"query-input":{"@type":"PropertyValueSpecification","valueRequired":true,"valueName":"search_term_string"}}],"inLanguage":"es"},{"@type":"Organization","@id":"https:\/\/orsolinesmvarallo.org\/es\/#organization","name":"OSMV","url":"https:\/\/orsolinesmvarallo.org\/es\/","logo":{"@type":"ImageObject","inLanguage":"es","@id":"https:\/\/orsolinesmvarallo.org\/es\/#\/schema\/logo\/image\/","url":"https:\/\/orsolinesmvarallo.org\/wp-content\/uploads\/2024\/12\/cropped-logoeuca-blanco.png","contentUrl":"https:\/\/orsolinesmvarallo.org\/wp-content\/uploads\/2024\/12\/cropped-logoeuca-blanco.png","width":772,"height":742,"caption":"OSMV"},"image":{"@id":"https:\/\/orsolinesmvarallo.org\/es\/#\/schema\/logo\/image\/"}},{"@type":"Person","@id":"https:\/\/orsolinesmvarallo.org\/es\/#\/schema\/person\/61bcbe28ec16a268abe35517ccfd1b3d","name":"admin","image":{"@type":"ImageObject","inLanguage":"es","@id":"https:\/\/orsolinesmvarallo.org\/es\/#\/schema\/person\/image\/","url":"https:\/\/secure.gravatar.com\/avatar\/48e6239e9fa94be050f37e1c9541cfb0?s=96&d=mm&r=g","contentUrl":"https:\/\/secure.gravatar.com\/avatar\/48e6239e9fa94be050f37e1c9541cfb0?s=96&d=mm&r=g","caption":"admin"},"sameAs":["https:\/\/orsolinesmvarallo.org"],"url":"https:\/\/orsolinesmvarallo.org\/es\/author\/admin\/"}]}},"jetpack_featured_media_url":"https:\/\/orsolinesmvarallo.org\/wp-content\/uploads\/2024\/09\/IMG-20240602-WA0008.jpg","_links":{"self":[{"href":"https:\/\/orsolinesmvarallo.org\/es\/wp-json\/wp\/v2\/posts\/34","targetHints":{"allow":["GET"]}}],"collection":[{"href":"https:\/\/orsolinesmvarallo.org\/es\/wp-json\/wp\/v2\/posts"}],"about":[{"href":"https:\/\/orsolinesmvarallo.org\/es\/wp-json\/wp\/v2\/types\/post"}],"author":[{"embeddable":true,"href":"https:\/\/orsolinesmvarallo.org\/es\/wp-json\/wp\/v2\/users\/1"}],"replies":[{"embeddable":true,"href":"https:\/\/orsolinesmvarallo.org\/es\/wp-json\/wp\/v2\/comments?post=34"}],"version-history":[{"count":7,"href":"https:\/\/orsolinesmvarallo.org\/es\/wp-json\/wp\/v2\/posts\/34\/revisions"}],"predecessor-version":[{"id":5640,"href":"https:\/\/orsolinesmvarallo.org\/es\/wp-json\/wp\/v2\/posts\/34\/revisions\/5640"}],"wp:featuredmedia":[{"embeddable":true,"href":"https:\/\/orsolinesmvarallo.org\/es\/wp-json\/wp\/v2\/media\/150"}],"wp:attachment":[{"href":"https:\/\/orsolinesmvarallo.org\/es\/wp-json\/wp\/v2\/media?parent=34"}],"wp:term":[{"taxonomy":"category","embeddable":true,"href":"https:\/\/orsolinesmvarallo.org\/es\/wp-json\/wp\/v2\/categories?post=34"},{"taxonomy":"post_tag","embeddable":true,"href":"https:\/\/orsolinesmvarallo.org\/es\/wp-json\/wp\/v2\/tags?post=34"}],"curies":[{"name":"wp","href":"https:\/\/api.w.org\/{rel}","templated":true}]}}