{"id":5797,"date":"2025-03-09T19:47:01","date_gmt":"2025-03-09T18:47:01","guid":{"rendered":"https:\/\/prueba2024.orsolinesmvarallo.org\/?p=5797"},"modified":"2025-06-18T15:29:44","modified_gmt":"2025-06-18T13:29:44","slug":"visita-al-nostro-fondatore-don-alfonso-chiara","status":"publish","type":"post","link":"https:\/\/orsolinesmvarallo.org\/es\/visita-al-nostro-fondatore-don-alfonso-chiara\/","title":{"rendered":"Visita a nuestro fundador Don Alfonso Chiara"},"content":{"rendered":"<style>.kb-row-layout-id5797_69450f-5a > .kt-row-column-wrap{align-content:center;}:where(.kb-row-layout-id5797_69450f-5a > .kt-row-column-wrap) > .wp-block-kadence-column{justify-content:center;}.kb-row-layout-id5797_69450f-5a > .kt-row-column-wrap{column-gap:var(--global-kb-gap-md, 2rem);row-gap:var(--global-kb-gap-md, 2rem);max-width:var( --global-content-width, 1290px );padding-left:var(--global-content-edge-padding);padding-right:var(--global-content-edge-padding);padding-top:var(--global-kb-spacing-5xl, 10rem);padding-bottom:var(--global-kb-spacing-5xl, 10rem);grid-template-columns:minmax(0, 1fr);}.kb-row-layout-id5797_69450f-5a{background-image:url('https:\/\/orsolinesmvarallo.org\/wp-content\/uploads\/2025\/01\/Varallo-Sacro-Monte-1024x522-1.webp');background-size:cover;background-position:center center;background-attachment:scroll;background-repeat:no-repeat;}.kb-row-layout-id5797_69450f-5a > .kt-row-layout-overlay{opacity:0.90;background:linear-gradient(135deg,var(--global-palette1,#ffffff) 0%,var(--global-palette2,#EDF2F7) 100%);mix-blend-mode:normal;}.kb-row-layout-id5797_69450f-5a .kt-row-layout-bottom-sep{height:100px;}.kb-row-layout-id5797_69450f-5a .kt-row-layout-bottom-sep svg{width:100%;}.kb-row-layout-id5797_69450f-5a .kt-row-layout-bottom-sep svg{fill:var(--global-palette9, #ffffff)!important;}@media all and (max-width: 1024px){.kb-row-layout-id5797_69450f-5a > .kt-row-column-wrap{grid-template-columns:minmax(0, 1fr);}}@media all and (max-width: 1024px){.kb-row-layout-id5797_69450f-5a .kt-row-layout-bottom-sep{height:px;}}@media all and (max-width: 1024px){.kb-row-layout-id5797_69450f-5a .kt-row-layout-bottom-sep svg{width:%;}}@media all and (max-width: 767px){.kb-row-layout-id5797_69450f-5a > .kt-row-column-wrap{padding-top:var(--global-kb-spacing-xl, 4rem);padding-bottom:var(--global-kb-spacing-xl, 4rem);grid-template-columns:minmax(0, 1fr);}.kb-row-layout-id5797_69450f-5a .kt-row-layout-bottom-sep{height:px;}.kb-row-layout-id5797_69450f-5a .kt-row-layout-bottom-sep svg{width:%;}}<\/style><div class=\"kb-row-layout-wrap kb-row-layout-id5797_69450f-5a alignfull kt-row-has-bg kb-divider-static wp-block-kadence-rowlayout\"><div class=\"kt-row-layout-overlay kt-row-overlay-gradient\"><\/div><div class=\"kt-row-layout-bottom-sep kt-row-sep-type-sltl\"><svg viewbox=\"0 0 1000 100\" preserveaspectratio=\"none\"><path d=\"M1000,0l-1000,100l1000,0l0,-100Z\" \/><\/svg><\/div><div class=\"kt-row-column-wrap kt-has-1-columns kt-row-layout-equal kt-tab-layout-inherit kt-mobile-layout-row kt-row-valign-middle kb-theme-content-width\">\n<style>.kadence-column5797_0130b3-91 > .kt-inside-inner-col,.kadence-column5797_0130b3-91 > .kt-inside-inner-col:before{border-top-left-radius:0px;border-top-right-radius:0px;border-bottom-right-radius:0px;border-bottom-left-radius:0px;}.kadence-column5797_0130b3-91 > .kt-inside-inner-col{column-gap:var(--global-kb-gap-sm, 1rem);}.kadence-column5797_0130b3-91 > .kt-inside-inner-col{flex-direction:column;}.kadence-column5797_0130b3-91 > .kt-inside-inner-col > .aligncenter{width:100%;}.kadence-column5797_0130b3-91 > .kt-inside-inner-col:before{opacity:0.3;}.kadence-column5797_0130b3-91{position:relative;}@media all and (max-width: 1024px){.kadence-column5797_0130b3-91 > .kt-inside-inner-col{flex-direction:column;}}@media all and (max-width: 767px){.kadence-column5797_0130b3-91 > .kt-inside-inner-col{flex-direction:column;}}<\/style>\n<div class=\"wp-block-kadence-column kadence-column5797_0130b3-91 inner-column-1\"><div class=\"kt-inside-inner-col\"><style>.wp-block-kadence-advancedheading.kt-adv-heading5797_76ab90-e0, .wp-block-kadence-advancedheading.kt-adv-heading5797_76ab90-e0[data-kb-block=\"kb-adv-heading5797_76ab90-e0\"]{margin-top:var(--global-kb-spacing-xs, 1rem);text-align:center;font-size:var(--global-kb-font-size-xl, 3rem);line-height:1;font-style:normal;}.wp-block-kadence-advancedheading.kt-adv-heading5797_76ab90-e0 mark.kt-highlight, .wp-block-kadence-advancedheading.kt-adv-heading5797_76ab90-e0[data-kb-block=\"kb-adv-heading5797_76ab90-e0\"] mark.kt-highlight{font-style:normal;color:#f76a0c;-webkit-box-decoration-break:clone;box-decoration-break:clone;padding-top:0px;padding-right:0px;padding-bottom:0px;padding-left:0px;}@media all and (max-width: 1024px){.wp-block-kadence-advancedheading.kt-adv-heading5797_76ab90-e0, .wp-block-kadence-advancedheading.kt-adv-heading5797_76ab90-e0[data-kb-block=\"kb-adv-heading5797_76ab90-e0\"]{font-size:60px;}}@media all and (max-width: 767px){.wp-block-kadence-advancedheading.kt-adv-heading5797_76ab90-e0, .wp-block-kadence-advancedheading.kt-adv-heading5797_76ab90-e0[data-kb-block=\"kb-adv-heading5797_76ab90-e0\"]{font-size:40px;}}<\/style>\n<h1 class=\"kt-adv-heading5797_76ab90-e0 wp-block-kadence-advancedheading has-theme-palette-9-color has-text-color\" data-kb-block=\"kb-adv-heading5797_76ab90-e0\">Visita a nuestro fundador<\/h1>\n\n\n<style>.wp-block-kadence-advancedheading.kt-adv-heading5797_a025e5-12, .wp-block-kadence-advancedheading.kt-adv-heading5797_a025e5-12[data-kb-block=\"kb-adv-heading5797_a025e5-12\"]{display:block;text-align:center;font-size:20px;line-height:1;font-weight:300;font-style:normal;letter-spacing:1px;}.wp-block-kadence-advancedheading.kt-adv-heading5797_a025e5-12 mark.kt-highlight, .wp-block-kadence-advancedheading.kt-adv-heading5797_a025e5-12[data-kb-block=\"kb-adv-heading5797_a025e5-12\"] mark.kt-highlight{font-style:normal;color:#f76a0c;-webkit-box-decoration-break:clone;box-decoration-break:clone;padding-top:0px;padding-right:0px;padding-bottom:0px;padding-left:0px;}<\/style>\n<span class=\"kt-adv-heading5797_a025e5-12 wp-block-kadence-advancedheading has-theme-palette-9-color has-text-color\" data-kb-block=\"kb-adv-heading5797_a025e5-12\">Don Alfonso Chiara<\/span>\n<\/div><\/div>\n\n<\/div><\/div>\n\n\n<h2 class=\"wp-block-heading has-text-align-center\"><strong><strong>Encuentro con nuestras Ra\u00edces Espirituales en Carpignano Sesia (VC)\u00a0<\/strong><\/strong><\/h2>\n\n\n\n<p class=\"has-text-align-center\">Con profundo agradecimiento en el coraz\u00f3n, nuestra comunidad vivi\u00f3 una experiencia especial: la visita a Carpignano, Italia, lugar donde nuestro amado fundador, Don Alfonso Chiara, dedic\u00f3 tantos a\u00f1os de su vida al servicio de Dios y de su pueblo. All\u00ed, en la parroquia donde trabaj\u00f3 con tanto fervor, visitamos los mismos lugares que lo vieron guiar almas, predicar el Evangelio y difundir la alegr\u00eda de Cristo.<\/p>\n\n\n\n<p class=\"has-text-align-center\">Fue un momento de reconexi\u00f3n con nuestras ra\u00edces espirituales, donde nos sentimos profundamente unidas a su legado de amor y servicio. Tambi\u00e9n tuvimos la oportunidad de visitar su tumba, donde elevamos nuestras oraciones pidiendo su intercesi\u00f3n para seguir su ejemplo con fidelidad en nuestra vocaci\u00f3n.<\/p>\n\n\n\n<p class=\"has-text-align-center\">Regresamos con el firme prop\u00f3sito de continuar su misi\u00f3n, seguros de que desde el cielo nos acompa\u00f1a en cada paso de nuestro camino.<br><strong>\u00a1Gracias, Don Alfonso, por ser luz y gu\u00eda para nuestra comunidad!<\/strong><\/p>\n\n\n\n<figure class=\"wp-block-gallery has-nested-images columns-default is-cropped wp-block-gallery-1 is-layout-flex wp-block-gallery-is-layout-flex\">\n<figure class=\"wp-block-image size-large\"><img fetchpriority=\"high\" decoding=\"async\" width=\"1600\" height=\"1200\" data-id=\"195\" src=\"https:\/\/orsolinesmvarallo.org\/wp-content\/uploads\/2024\/09\/IMG-20240831-WA0032.jpg\" alt=\"\" class=\"wp-image-195\" srcset=\"https:\/\/orsolinesmvarallo.org\/wp-content\/uploads\/2024\/09\/IMG-20240831-WA0032.jpg 1600w, https:\/\/orsolinesmvarallo.org\/wp-content\/uploads\/2024\/09\/IMG-20240831-WA0032-600x450.jpg 600w\" sizes=\"(max-width: 1600px) 100vw, 1600px\" \/><\/figure>\n\n\n\n<figure class=\"wp-block-image size-large\"><img decoding=\"async\" width=\"2560\" height=\"1707\" data-id=\"202\" src=\"https:\/\/orsolinesmvarallo.org\/wp-content\/uploads\/2024\/09\/IMG_8331-1-scaled.jpg\" alt=\"\" class=\"wp-image-202\" srcset=\"https:\/\/orsolinesmvarallo.org\/wp-content\/uploads\/2024\/09\/IMG_8331-1-scaled.jpg 2560w, https:\/\/orsolinesmvarallo.org\/wp-content\/uploads\/2024\/09\/IMG_8331-1-600x400.jpg 600w\" sizes=\"(max-width: 2560px) 100vw, 2560px\" \/><figcaption class=\"wp-element-caption\">Estandarte bordado por las primeras Ursulinas<\/figcaption><\/figure>\n\n\n\n<figure class=\"wp-block-image size-large\"><img decoding=\"async\" width=\"2560\" height=\"1707\" data-id=\"203\" src=\"https:\/\/orsolinesmvarallo.org\/wp-content\/uploads\/2024\/09\/IMG_8337-scaled.jpg\" alt=\"\" class=\"wp-image-203\" srcset=\"https:\/\/orsolinesmvarallo.org\/wp-content\/uploads\/2024\/09\/IMG_8337-scaled.jpg 2560w, https:\/\/orsolinesmvarallo.org\/wp-content\/uploads\/2024\/09\/IMG_8337-600x400.jpg 600w\" sizes=\"(max-width: 2560px) 100vw, 2560px\" \/><figcaption class=\"wp-element-caption\">Casulla antigua hecha por las 1ras. hrnas.<\/figcaption><\/figure>\n\n\n\n<figure class=\"wp-block-image size-large\"><img loading=\"lazy\" decoding=\"async\" width=\"2560\" height=\"1707\" data-id=\"205\" src=\"https:\/\/orsolinesmvarallo.org\/wp-content\/uploads\/2024\/09\/IMG_8388-scaled.jpg\" alt=\"\" class=\"wp-image-205\" srcset=\"https:\/\/orsolinesmvarallo.org\/wp-content\/uploads\/2024\/09\/IMG_8388-scaled.jpg 2560w, https:\/\/orsolinesmvarallo.org\/wp-content\/uploads\/2024\/09\/IMG_8388-600x400.jpg 600w\" sizes=\"(max-width: 2560px) 100vw, 2560px\" \/><\/figure>\n\n\n\n<figure class=\"wp-block-image size-large\"><img loading=\"lazy\" decoding=\"async\" width=\"1600\" height=\"1200\" data-id=\"196\" src=\"https:\/\/orsolinesmvarallo.org\/wp-content\/uploads\/2024\/09\/IMG-20240831-WA0036.jpg\" alt=\"\" class=\"wp-image-196\" srcset=\"https:\/\/orsolinesmvarallo.org\/wp-content\/uploads\/2024\/09\/IMG-20240831-WA0036.jpg 1600w, https:\/\/orsolinesmvarallo.org\/wp-content\/uploads\/2024\/09\/IMG-20240831-WA0036-600x450.jpg 600w\" sizes=\"(max-width: 1600px) 100vw, 1600px\" \/><\/figure>\n\n\n\n<figure class=\"wp-block-image size-large\"><img loading=\"lazy\" decoding=\"async\" width=\"1600\" height=\"1200\" data-id=\"208\" src=\"https:\/\/orsolinesmvarallo.org\/wp-content\/uploads\/2024\/09\/IMG-20240831-WA0024.jpg\" alt=\"\" class=\"wp-image-208\" srcset=\"https:\/\/orsolinesmvarallo.org\/wp-content\/uploads\/2024\/09\/IMG-20240831-WA0024.jpg 1600w, https:\/\/orsolinesmvarallo.org\/wp-content\/uploads\/2024\/09\/IMG-20240831-WA0024-600x450.jpg 600w\" sizes=\"(max-width: 1600px) 100vw, 1600px\" \/><figcaption class=\"wp-element-caption\">Reliquias de Martir<\/figcaption><\/figure>\n<\/figure>\n\n\n\n<p class=\"has-text-align-center\"><\/p>\n\n\n\n<figure class=\"wp-block-embed is-type-video is-provider-youtube wp-block-embed-youtube wp-embed-aspect-16-9 wp-has-aspect-ratio\"><div class=\"wp-block-embed__wrapper\">\n<iframe title=\"Visita a Carpignano\" width=\"720\" height=\"405\" src=\"https:\/\/www.youtube.com\/embed\/idNZ-5mYYJc?feature=oembed\" frameborder=\"0\" allow=\"accelerometer; autoplay; clipboard-write; encrypted-media; gyroscope; picture-in-picture; web-share\" referrerpolicy=\"strict-origin-when-cross-origin\" allowfullscreen><\/iframe>\n<\/div><\/figure>\n\n\n\n<h2 class=\"wp-block-heading\"><\/h2>","protected":false},"excerpt":{"rendered":"<p>Visita al nostro fondatore Don Alfonso Chiara Incontro a Carpignano Sesia (VC) con le nostre radici&#8230;<\/p>","protected":false},"author":1,"featured_media":207,"comment_status":"closed","ping_status":"open","sticky":false,"template":"","format":"standard","meta":{"_eb_attr":"","_kadence_starter_templates_imported_post":true,"_kad_post_transparent":"disable","_kad_post_title":"hide","_kad_post_layout":"narrow","_kad_post_sidebar_id":"","_kad_post_content_style":"","_kad_post_vertical_padding":"","_kad_post_feature":"","_kad_post_feature_position":"","_kad_post_header":false,"_kad_post_footer":false,"footnotes":""},"categories":[7],"tags":[],"class_list":["post-5797","post","type-post","status-publish","format-standard","has-post-thumbnail","hentry","category-fraternita"],"yoast_head":"<!-- This site is optimized with the Yoast SEO plugin v24.8.1 - https:\/\/yoast.com\/wordpress\/plugins\/seo\/ -->\n<title>Visita al nostro fondatore Don Alfonso Chiara - OSMV<\/title>\n<meta name=\"robots\" content=\"index, follow, max-snippet:-1, max-image-preview:large, max-video-preview:-1\" \/>\n<link rel=\"canonical\" href=\"https:\/\/orsolinesmvarallo.org\/es\/visita-al-nostro-fondatore-don-alfonso-chiara\/\" \/>\n<meta property=\"og:locale\" content=\"es_ES\" \/>\n<meta property=\"og:type\" content=\"article\" \/>\n<meta property=\"og:title\" content=\"Visita al nostro fondatore Don Alfonso Chiara - OSMV\" \/>\n<meta property=\"og:description\" content=\"Visita al nostro fondatore Don Alfonso Chiara Incontro a Carpignano Sesia (VC) con le nostre radici...\" \/>\n<meta property=\"og:url\" content=\"https:\/\/orsolinesmvarallo.org\/es\/visita-al-nostro-fondatore-don-alfonso-chiara\/\" \/>\n<meta property=\"og:site_name\" content=\"OSMV\" \/>\n<meta property=\"article:published_time\" content=\"2025-03-09T18:47:01+00:00\" \/>\n<meta property=\"article:modified_time\" content=\"2025-06-18T13:29:44+00:00\" \/>\n<meta property=\"og:image\" content=\"https:\/\/orsolinesmvarallo.org\/wp-content\/uploads\/2024\/09\/IMG-20240831-WA0036-1.jpg\" \/>\n\t<meta property=\"og:image:width\" content=\"1600\" \/>\n\t<meta property=\"og:image:height\" content=\"1200\" \/>\n\t<meta property=\"og:image:type\" content=\"image\/jpeg\" \/>\n<meta name=\"author\" content=\"admin\" \/>\n<meta name=\"twitter:card\" content=\"summary_large_image\" \/>\n<meta name=\"twitter:label1\" content=\"Escrito por\" \/>\n\t<meta name=\"twitter:data1\" content=\"admin\" \/>\n\t<meta name=\"twitter:label2\" content=\"Tiempo de lectura\" \/>\n\t<meta name=\"twitter:data2\" content=\"1 minuto\" \/>\n<script type=\"application\/ld+json\" class=\"yoast-schema-graph\">{\"@context\":\"https:\/\/schema.org\",\"@graph\":[{\"@type\":\"Article\",\"@id\":\"https:\/\/orsolinesmvarallo.org\/visita-al-nostro-fondatore-don-alfonso-chiara\/#article\",\"isPartOf\":{\"@id\":\"https:\/\/orsolinesmvarallo.org\/visita-al-nostro-fondatore-don-alfonso-chiara\/\"},\"author\":{\"name\":\"admin\",\"@id\":\"https:\/\/orsolinesmvarallo.org\/es\/#\/schema\/person\/61bcbe28ec16a268abe35517ccfd1b3d\"},\"headline\":\"Visita al nostro fondatore Don Alfonso Chiara\",\"datePublished\":\"2025-03-09T18:47:01+00:00\",\"dateModified\":\"2025-06-18T13:29:44+00:00\",\"mainEntityOfPage\":{\"@id\":\"https:\/\/orsolinesmvarallo.org\/visita-al-nostro-fondatore-don-alfonso-chiara\/\"},\"wordCount\":209,\"publisher\":{\"@id\":\"https:\/\/orsolinesmvarallo.org\/es\/#organization\"},\"image\":{\"@id\":\"https:\/\/orsolinesmvarallo.org\/visita-al-nostro-fondatore-don-alfonso-chiara\/#primaryimage\"},\"thumbnailUrl\":\"https:\/\/orsolinesmvarallo.org\/wp-content\/uploads\/2024\/09\/IMG-20240831-WA0036-1.jpg\",\"articleSection\":[\"Fraternit\u00e0\"],\"inLanguage\":\"es\"},{\"@type\":\"WebPage\",\"@id\":\"https:\/\/orsolinesmvarallo.org\/visita-al-nostro-fondatore-don-alfonso-chiara\/\",\"url\":\"https:\/\/orsolinesmvarallo.org\/visita-al-nostro-fondatore-don-alfonso-chiara\/\",\"name\":\"Visita al nostro fondatore Don Alfonso Chiara - OSMV\",\"isPartOf\":{\"@id\":\"https:\/\/orsolinesmvarallo.org\/es\/#website\"},\"primaryImageOfPage\":{\"@id\":\"https:\/\/orsolinesmvarallo.org\/visita-al-nostro-fondatore-don-alfonso-chiara\/#primaryimage\"},\"image\":{\"@id\":\"https:\/\/orsolinesmvarallo.org\/visita-al-nostro-fondatore-don-alfonso-chiara\/#primaryimage\"},\"thumbnailUrl\":\"https:\/\/orsolinesmvarallo.org\/wp-content\/uploads\/2024\/09\/IMG-20240831-WA0036-1.jpg\",\"datePublished\":\"2025-03-09T18:47:01+00:00\",\"dateModified\":\"2025-06-18T13:29:44+00:00\",\"breadcrumb\":{\"@id\":\"https:\/\/orsolinesmvarallo.org\/visita-al-nostro-fondatore-don-alfonso-chiara\/#breadcrumb\"},\"inLanguage\":\"es\",\"potentialAction\":[{\"@type\":\"ReadAction\",\"target\":[\"https:\/\/orsolinesmvarallo.org\/visita-al-nostro-fondatore-don-alfonso-chiara\/\"]}]},{\"@type\":\"ImageObject\",\"inLanguage\":\"es\",\"@id\":\"https:\/\/orsolinesmvarallo.org\/visita-al-nostro-fondatore-don-alfonso-chiara\/#primaryimage\",\"url\":\"https:\/\/orsolinesmvarallo.org\/wp-content\/uploads\/2024\/09\/IMG-20240831-WA0036-1.jpg\",\"contentUrl\":\"https:\/\/orsolinesmvarallo.org\/wp-content\/uploads\/2024\/09\/IMG-20240831-WA0036-1.jpg\",\"width\":1600,\"height\":1200,\"caption\":\"Tumba de D. Chiara\"},{\"@type\":\"BreadcrumbList\",\"@id\":\"https:\/\/orsolinesmvarallo.org\/visita-al-nostro-fondatore-don-alfonso-chiara\/#breadcrumb\",\"itemListElement\":[{\"@type\":\"ListItem\",\"position\":1,\"name\":\"Portada\",\"item\":\"https:\/\/orsolinesmvarallo.org\/\"},{\"@type\":\"ListItem\",\"position\":2,\"name\":\"Visita al nostro fondatore Don Alfonso Chiara\"}]},{\"@type\":\"WebSite\",\"@id\":\"https:\/\/orsolinesmvarallo.org\/es\/#website\",\"url\":\"https:\/\/orsolinesmvarallo.org\/es\/\",\"name\":\"OSMV\",\"description\":\"Suore Orsoline Sacro Monte di Varallo\",\"publisher\":{\"@id\":\"https:\/\/orsolinesmvarallo.org\/es\/#organization\"},\"potentialAction\":[{\"@type\":\"SearchAction\",\"target\":{\"@type\":\"EntryPoint\",\"urlTemplate\":\"https:\/\/orsolinesmvarallo.org\/es\/?s={search_term_string}\"},\"query-input\":{\"@type\":\"PropertyValueSpecification\",\"valueRequired\":true,\"valueName\":\"search_term_string\"}}],\"inLanguage\":\"es\"},{\"@type\":\"Organization\",\"@id\":\"https:\/\/orsolinesmvarallo.org\/es\/#organization\",\"name\":\"OSMV\",\"url\":\"https:\/\/orsolinesmvarallo.org\/es\/\",\"logo\":{\"@type\":\"ImageObject\",\"inLanguage\":\"es\",\"@id\":\"https:\/\/orsolinesmvarallo.org\/es\/#\/schema\/logo\/image\/\",\"url\":\"https:\/\/orsolinesmvarallo.org\/wp-content\/uploads\/2024\/12\/cropped-logoeuca-blanco.png\",\"contentUrl\":\"https:\/\/orsolinesmvarallo.org\/wp-content\/uploads\/2024\/12\/cropped-logoeuca-blanco.png\",\"width\":772,\"height\":742,\"caption\":\"OSMV\"},\"image\":{\"@id\":\"https:\/\/orsolinesmvarallo.org\/es\/#\/schema\/logo\/image\/\"}},{\"@type\":\"Person\",\"@id\":\"https:\/\/orsolinesmvarallo.org\/es\/#\/schema\/person\/61bcbe28ec16a268abe35517ccfd1b3d\",\"name\":\"admin\",\"image\":{\"@type\":\"ImageObject\",\"inLanguage\":\"es\",\"@id\":\"https:\/\/orsolinesmvarallo.org\/es\/#\/schema\/person\/image\/\",\"url\":\"https:\/\/secure.gravatar.com\/avatar\/48e6239e9fa94be050f37e1c9541cfb0?s=96&d=mm&r=g\",\"contentUrl\":\"https:\/\/secure.gravatar.com\/avatar\/48e6239e9fa94be050f37e1c9541cfb0?s=96&d=mm&r=g\",\"caption\":\"admin\"},\"sameAs\":[\"https:\/\/orsolinesmvarallo.org\"],\"url\":\"https:\/\/orsolinesmvarallo.org\/es\/author\/admin\/\"}]}<\/script>\n<!-- \/ Yoast SEO plugin. -->","yoast_head_json":{"title":"Visita al nostro fondatore Don Alfonso Chiara - OSMV","robots":{"index":"index","follow":"follow","max-snippet":"max-snippet:-1","max-image-preview":"max-image-preview:large","max-video-preview":"max-video-preview:-1"},"canonical":"https:\/\/orsolinesmvarallo.org\/es\/visita-al-nostro-fondatore-don-alfonso-chiara\/","og_locale":"es_ES","og_type":"article","og_title":"Visita al nostro fondatore Don Alfonso Chiara - OSMV","og_description":"Visita al nostro fondatore Don Alfonso Chiara Incontro a Carpignano Sesia (VC) con le nostre radici...","og_url":"https:\/\/orsolinesmvarallo.org\/es\/visita-al-nostro-fondatore-don-alfonso-chiara\/","og_site_name":"OSMV","article_published_time":"2025-03-09T18:47:01+00:00","article_modified_time":"2025-06-18T13:29:44+00:00","og_image":[{"width":1600,"height":1200,"url":"https:\/\/orsolinesmvarallo.org\/wp-content\/uploads\/2024\/09\/IMG-20240831-WA0036-1.jpg","type":"image\/jpeg"}],"author":"admin","twitter_card":"summary_large_image","twitter_misc":{"Escrito por":"admin","Tiempo de lectura":"1 minuto"},"schema":{"@context":"https:\/\/schema.org","@graph":[{"@type":"Article","@id":"https:\/\/orsolinesmvarallo.org\/visita-al-nostro-fondatore-don-alfonso-chiara\/#article","isPartOf":{"@id":"https:\/\/orsolinesmvarallo.org\/visita-al-nostro-fondatore-don-alfonso-chiara\/"},"author":{"name":"admin","@id":"https:\/\/orsolinesmvarallo.org\/es\/#\/schema\/person\/61bcbe28ec16a268abe35517ccfd1b3d"},"headline":"Visita al nostro fondatore Don Alfonso Chiara","datePublished":"2025-03-09T18:47:01+00:00","dateModified":"2025-06-18T13:29:44+00:00","mainEntityOfPage":{"@id":"https:\/\/orsolinesmvarallo.org\/visita-al-nostro-fondatore-don-alfonso-chiara\/"},"wordCount":209,"publisher":{"@id":"https:\/\/orsolinesmvarallo.org\/es\/#organization"},"image":{"@id":"https:\/\/orsolinesmvarallo.org\/visita-al-nostro-fondatore-don-alfonso-chiara\/#primaryimage"},"thumbnailUrl":"https:\/\/orsolinesmvarallo.org\/wp-content\/uploads\/2024\/09\/IMG-20240831-WA0036-1.jpg","articleSection":["Fraternit\u00e0"],"inLanguage":"es"},{"@type":"WebPage","@id":"https:\/\/orsolinesmvarallo.org\/visita-al-nostro-fondatore-don-alfonso-chiara\/","url":"https:\/\/orsolinesmvarallo.org\/visita-al-nostro-fondatore-don-alfonso-chiara\/","name":"Visita al nostro fondatore Don Alfonso Chiara - OSMV","isPartOf":{"@id":"https:\/\/orsolinesmvarallo.org\/es\/#website"},"primaryImageOfPage":{"@id":"https:\/\/orsolinesmvarallo.org\/visita-al-nostro-fondatore-don-alfonso-chiara\/#primaryimage"},"image":{"@id":"https:\/\/orsolinesmvarallo.org\/visita-al-nostro-fondatore-don-alfonso-chiara\/#primaryimage"},"thumbnailUrl":"https:\/\/orsolinesmvarallo.org\/wp-content\/uploads\/2024\/09\/IMG-20240831-WA0036-1.jpg","datePublished":"2025-03-09T18:47:01+00:00","dateModified":"2025-06-18T13:29:44+00:00","breadcrumb":{"@id":"https:\/\/orsolinesmvarallo.org\/visita-al-nostro-fondatore-don-alfonso-chiara\/#breadcrumb"},"inLanguage":"es","potentialAction":[{"@type":"ReadAction","target":["https:\/\/orsolinesmvarallo.org\/visita-al-nostro-fondatore-don-alfonso-chiara\/"]}]},{"@type":"ImageObject","inLanguage":"es","@id":"https:\/\/orsolinesmvarallo.org\/visita-al-nostro-fondatore-don-alfonso-chiara\/#primaryimage","url":"https:\/\/orsolinesmvarallo.org\/wp-content\/uploads\/2024\/09\/IMG-20240831-WA0036-1.jpg","contentUrl":"https:\/\/orsolinesmvarallo.org\/wp-content\/uploads\/2024\/09\/IMG-20240831-WA0036-1.jpg","width":1600,"height":1200,"caption":"Tumba de D. Chiara"},{"@type":"BreadcrumbList","@id":"https:\/\/orsolinesmvarallo.org\/visita-al-nostro-fondatore-don-alfonso-chiara\/#breadcrumb","itemListElement":[{"@type":"ListItem","position":1,"name":"Portada","item":"https:\/\/orsolinesmvarallo.org\/"},{"@type":"ListItem","position":2,"name":"Visita al nostro fondatore Don Alfonso Chiara"}]},{"@type":"WebSite","@id":"https:\/\/orsolinesmvarallo.org\/es\/#website","url":"https:\/\/orsolinesmvarallo.org\/es\/","name":"OSMV","description":"Suore Orsoline Sacro Monte di Varallo","publisher":{"@id":"https:\/\/orsolinesmvarallo.org\/es\/#organization"},"potentialAction":[{"@type":"SearchAction","target":{"@type":"EntryPoint","urlTemplate":"https:\/\/orsolinesmvarallo.org\/es\/?s={search_term_string}"},"query-input":{"@type":"PropertyValueSpecification","valueRequired":true,"valueName":"search_term_string"}}],"inLanguage":"es"},{"@type":"Organization","@id":"https:\/\/orsolinesmvarallo.org\/es\/#organization","name":"OSMV","url":"https:\/\/orsolinesmvarallo.org\/es\/","logo":{"@type":"ImageObject","inLanguage":"es","@id":"https:\/\/orsolinesmvarallo.org\/es\/#\/schema\/logo\/image\/","url":"https:\/\/orsolinesmvarallo.org\/wp-content\/uploads\/2024\/12\/cropped-logoeuca-blanco.png","contentUrl":"https:\/\/orsolinesmvarallo.org\/wp-content\/uploads\/2024\/12\/cropped-logoeuca-blanco.png","width":772,"height":742,"caption":"OSMV"},"image":{"@id":"https:\/\/orsolinesmvarallo.org\/es\/#\/schema\/logo\/image\/"}},{"@type":"Person","@id":"https:\/\/orsolinesmvarallo.org\/es\/#\/schema\/person\/61bcbe28ec16a268abe35517ccfd1b3d","name":"admin","image":{"@type":"ImageObject","inLanguage":"es","@id":"https:\/\/orsolinesmvarallo.org\/es\/#\/schema\/person\/image\/","url":"https:\/\/secure.gravatar.com\/avatar\/48e6239e9fa94be050f37e1c9541cfb0?s=96&d=mm&r=g","contentUrl":"https:\/\/secure.gravatar.com\/avatar\/48e6239e9fa94be050f37e1c9541cfb0?s=96&d=mm&r=g","caption":"admin"},"sameAs":["https:\/\/orsolinesmvarallo.org"],"url":"https:\/\/orsolinesmvarallo.org\/es\/author\/admin\/"}]}},"jetpack_featured_media_url":"https:\/\/orsolinesmvarallo.org\/wp-content\/uploads\/2024\/09\/IMG-20240831-WA0036-1.jpg","_links":{"self":[{"href":"https:\/\/orsolinesmvarallo.org\/es\/wp-json\/wp\/v2\/posts\/5797","targetHints":{"allow":["GET"]}}],"collection":[{"href":"https:\/\/orsolinesmvarallo.org\/es\/wp-json\/wp\/v2\/posts"}],"about":[{"href":"https:\/\/orsolinesmvarallo.org\/es\/wp-json\/wp\/v2\/types\/post"}],"author":[{"embeddable":true,"href":"https:\/\/orsolinesmvarallo.org\/es\/wp-json\/wp\/v2\/users\/1"}],"replies":[{"embeddable":true,"href":"https:\/\/orsolinesmvarallo.org\/es\/wp-json\/wp\/v2\/comments?post=5797"}],"version-history":[{"count":4,"href":"https:\/\/orsolinesmvarallo.org\/es\/wp-json\/wp\/v2\/posts\/5797\/revisions"}],"predecessor-version":[{"id":5996,"href":"https:\/\/orsolinesmvarallo.org\/es\/wp-json\/wp\/v2\/posts\/5797\/revisions\/5996"}],"wp:featuredmedia":[{"embeddable":true,"href":"https:\/\/orsolinesmvarallo.org\/es\/wp-json\/wp\/v2\/media\/207"}],"wp:attachment":[{"href":"https:\/\/orsolinesmvarallo.org\/es\/wp-json\/wp\/v2\/media?parent=5797"}],"wp:term":[{"taxonomy":"category","embeddable":true,"href":"https:\/\/orsolinesmvarallo.org\/es\/wp-json\/wp\/v2\/categories?post=5797"},{"taxonomy":"post_tag","embeddable":true,"href":"https:\/\/orsolinesmvarallo.org\/es\/wp-json\/wp\/v2\/tags?post=5797"}],"curies":[{"name":"wp","href":"https:\/\/api.w.org\/{rel}","templated":true}]}}