{"id":6183,"date":"2021-12-23T09:15:41","date_gmt":"2021-12-23T08:15:41","guid":{"rendered":"https:\/\/prueba2024.orsolinesmvarallo.org\/?p=6183"},"modified":"2025-03-20T13:15:49","modified_gmt":"2025-03-20T12:15:49","slug":"la-alegria-que-nadie-nos-puede-quitar","status":"publish","type":"post","link":"https:\/\/orsolinesmvarallo.org\/es\/la-alegria-que-nadie-nos-puede-quitar\/","title":{"rendered":"La alegr\u00eda que nadie nos puede quitar."},"content":{"rendered":"<p><strong>La anunciaci\u00f3n<\/strong> (Lc. 1, 26-28)<\/p>\n\n\n\n<p>El \u00e1ngel sorprende a Mar\u00eda con un saludo totalmente inesperado: \u201cAl\u00e9grate, amada de Dios, el Se\u00f1or busca en ti un lugar protegido para su Hijo\u201d. Hoy, cada uno de nosotros podemos personalizar el relato y sentir la declaraci\u00f3n del \u00e1ngel como una propuesta inmerecida que nos hace: recibir con alegr\u00eda al Hijo de Dios.<br><br>El Se\u00f1or siempre llega a nosotros en la alegr\u00eda y no en la aflicci\u00f3n. Es la proximidad de Dios la causa de la alegr\u00eda en la Virgen. Queda un d\u00eda para el nacimiento de Jes\u00fas, la fiesta de toda la humanidad, que, sin saberlo, est\u00e1 buscando a Cristo. Llegar\u00e1 la Navidad, y Dios nos espera alegres, como los pastores, como los magos, como Jos\u00e9 y Mar\u00eda.<br><br>Podremos estar alegres si el Se\u00f1or est\u00e1 verdaderamente presente en nuestra vida, si no lo hemos perdido, si seguimos la estrella de la caridad. Cuando, en la b\u00fasqueda de la felicidad, se toman otros caminos fuera del que lleva a Dios, al final solo se halla tristeza; nos sentimos perdidos, preocupados y asustados en medio de la oscuridad.<br><br>La alegr\u00eda del mundo nace precisamente cuando el hombre logra escapar de s\u00ed mismo, cuando mira hacia afuera, cuando desv\u00eda su mirada del mundo interior que, al centrarse en s\u00ed mismo, produce soledad porque es mirar al vac\u00edo.<br><br>La alegr\u00eda de tener a Jes\u00fas en nuestro coraz\u00f3n no es una alegr\u00eda cualquiera. Es la alegr\u00eda de la paz, del gozo en s\u00ed mismo porque encuentra a Dios en su alma en gracia, capaz de fortalecernos y acompa\u00f1arnos en medio de las dificultades. &#8220;Yo os dar\u00e9 una alegr\u00eda que nadie os podr\u00e1 quitar&#8221;, ha prometido el Se\u00f1or. Solo \u00c9l puede darla y conservarla, porque el mundo no posee su secreto.<br><br>No nos es dif\u00edcil imaginar a la Virgen, en estos momentos, radiante de alegr\u00eda con el Hijo de Dios en su seno. Abandon\u00e9monos con humildad a la voluntad de Dios. Como Mar\u00eda, que al confesarse esclava del Se\u00f1or fue hecha Madre del Verbo Divino y se llen\u00f3 de gozo. Que este j\u00fabilo suyo de Madre Buena se nos contagie a todos y recordemos estar siempre alegres: el Se\u00f1or est\u00e1 cerca.<\/p>","protected":false},"excerpt":{"rendered":"<p>La anunciaci\u00f3n (Lc. 1, 26-28) El \u00e1ngel sorprende a Mar\u00eda con un saludo totalmente inesperado: \u201cAl\u00e9grate,&#8230;<\/p>","protected":false},"author":3,"featured_media":0,"comment_status":"open","ping_status":"open","sticky":false,"template":"","format":"standard","meta":{"_eb_attr":"","_kadence_starter_templates_imported_post":false,"_kad_post_transparent":"","_kad_post_title":"default","_kad_post_layout":"","_kad_post_sidebar_id":"","_kad_post_content_style":"","_kad_post_vertical_padding":"","_kad_post_feature":"","_kad_post_feature_position":"","_kad_post_header":false,"_kad_post_footer":false,"footnotes":""},"categories":[44],"tags":[],"class_list":["post-6183","post","type-post","status-publish","format-standard","hentry","category-meditaciones"],"yoast_head":"<!-- This site is optimized with the Yoast SEO plugin v24.8.1 - https:\/\/yoast.com\/wordpress\/plugins\/seo\/ -->\n<title>La alegr\u00eda que nadie nos puede quitar. - OSMV<\/title>\n<meta name=\"robots\" content=\"index, follow, max-snippet:-1, max-image-preview:large, max-video-preview:-1\" \/>\n<link rel=\"canonical\" href=\"https:\/\/orsolinesmvarallo.org\/es\/la-alegria-que-nadie-nos-puede-quitar\/\" \/>\n<meta property=\"og:locale\" content=\"es_ES\" \/>\n<meta property=\"og:type\" content=\"article\" \/>\n<meta property=\"og:title\" content=\"La alegr\u00eda que nadie nos puede quitar. - OSMV\" \/>\n<meta property=\"og:description\" content=\"La anunciaci\u00f3n (Lc. 1, 26-28) El \u00e1ngel sorprende a Mar\u00eda con un saludo totalmente inesperado: \u201cAl\u00e9grate,...\" \/>\n<meta property=\"og:url\" content=\"https:\/\/orsolinesmvarallo.org\/es\/la-alegria-que-nadie-nos-puede-quitar\/\" \/>\n<meta property=\"og:site_name\" content=\"OSMV\" \/>\n<meta property=\"article:published_time\" content=\"2021-12-23T08:15:41+00:00\" \/>\n<meta property=\"article:modified_time\" content=\"2025-03-20T12:15:49+00:00\" \/>\n<meta name=\"author\" content=\"Stephanie Chiu\" \/>\n<meta name=\"twitter:card\" content=\"summary_large_image\" \/>\n<meta name=\"twitter:label1\" content=\"Escrito por\" \/>\n\t<meta name=\"twitter:data1\" content=\"Stephanie Chiu\" \/>\n\t<meta name=\"twitter:label2\" content=\"Tiempo de lectura\" \/>\n\t<meta name=\"twitter:data2\" content=\"2 minutos\" \/>\n<script type=\"application\/ld+json\" class=\"yoast-schema-graph\">{\"@context\":\"https:\/\/schema.org\",\"@graph\":[{\"@type\":\"Article\",\"@id\":\"https:\/\/orsolinesmvarallo.org\/la-alegria-que-nadie-nos-puede-quitar\/#article\",\"isPartOf\":{\"@id\":\"https:\/\/orsolinesmvarallo.org\/la-alegria-que-nadie-nos-puede-quitar\/\"},\"author\":{\"name\":\"Stephanie Chiu\",\"@id\":\"https:\/\/orsolinesmvarallo.org\/es\/#\/schema\/person\/43f72d3f802f865bd12208e84b86afbf\"},\"headline\":\"La alegr\u00eda que nadie nos puede quitar.\",\"datePublished\":\"2021-12-23T08:15:41+00:00\",\"dateModified\":\"2025-03-20T12:15:49+00:00\",\"mainEntityOfPage\":{\"@id\":\"https:\/\/orsolinesmvarallo.org\/la-alegria-que-nadie-nos-puede-quitar\/\"},\"wordCount\":402,\"commentCount\":0,\"publisher\":{\"@id\":\"https:\/\/orsolinesmvarallo.org\/es\/#organization\"},\"articleSection\":[\"Meditaciones\"],\"inLanguage\":\"es\",\"potentialAction\":[{\"@type\":\"CommentAction\",\"name\":\"Comment\",\"target\":[\"https:\/\/orsolinesmvarallo.org\/la-alegria-que-nadie-nos-puede-quitar\/#respond\"]}]},{\"@type\":\"WebPage\",\"@id\":\"https:\/\/orsolinesmvarallo.org\/la-alegria-que-nadie-nos-puede-quitar\/\",\"url\":\"https:\/\/orsolinesmvarallo.org\/la-alegria-que-nadie-nos-puede-quitar\/\",\"name\":\"La alegr\u00eda que nadie nos puede quitar. - OSMV\",\"isPartOf\":{\"@id\":\"https:\/\/orsolinesmvarallo.org\/es\/#website\"},\"datePublished\":\"2021-12-23T08:15:41+00:00\",\"dateModified\":\"2025-03-20T12:15:49+00:00\",\"breadcrumb\":{\"@id\":\"https:\/\/orsolinesmvarallo.org\/la-alegria-que-nadie-nos-puede-quitar\/#breadcrumb\"},\"inLanguage\":\"es\",\"potentialAction\":[{\"@type\":\"ReadAction\",\"target\":[\"https:\/\/orsolinesmvarallo.org\/la-alegria-que-nadie-nos-puede-quitar\/\"]}]},{\"@type\":\"BreadcrumbList\",\"@id\":\"https:\/\/orsolinesmvarallo.org\/la-alegria-que-nadie-nos-puede-quitar\/#breadcrumb\",\"itemListElement\":[{\"@type\":\"ListItem\",\"position\":1,\"name\":\"Portada\",\"item\":\"https:\/\/orsolinesmvarallo.org\/\"},{\"@type\":\"ListItem\",\"position\":2,\"name\":\"La alegr\u00eda que nadie nos puede quitar.\"}]},{\"@type\":\"WebSite\",\"@id\":\"https:\/\/orsolinesmvarallo.org\/es\/#website\",\"url\":\"https:\/\/orsolinesmvarallo.org\/es\/\",\"name\":\"OSMV\",\"description\":\"Suore Orsoline Sacro Monte di Varallo\",\"publisher\":{\"@id\":\"https:\/\/orsolinesmvarallo.org\/es\/#organization\"},\"potentialAction\":[{\"@type\":\"SearchAction\",\"target\":{\"@type\":\"EntryPoint\",\"urlTemplate\":\"https:\/\/orsolinesmvarallo.org\/es\/?s={search_term_string}\"},\"query-input\":{\"@type\":\"PropertyValueSpecification\",\"valueRequired\":true,\"valueName\":\"search_term_string\"}}],\"inLanguage\":\"es\"},{\"@type\":\"Organization\",\"@id\":\"https:\/\/orsolinesmvarallo.org\/es\/#organization\",\"name\":\"OSMV\",\"url\":\"https:\/\/orsolinesmvarallo.org\/es\/\",\"logo\":{\"@type\":\"ImageObject\",\"inLanguage\":\"es\",\"@id\":\"https:\/\/orsolinesmvarallo.org\/es\/#\/schema\/logo\/image\/\",\"url\":\"https:\/\/orsolinesmvarallo.org\/wp-content\/uploads\/2024\/12\/cropped-logoeuca-blanco.png\",\"contentUrl\":\"https:\/\/orsolinesmvarallo.org\/wp-content\/uploads\/2024\/12\/cropped-logoeuca-blanco.png\",\"width\":772,\"height\":742,\"caption\":\"OSMV\"},\"image\":{\"@id\":\"https:\/\/orsolinesmvarallo.org\/es\/#\/schema\/logo\/image\/\"}},{\"@type\":\"Person\",\"@id\":\"https:\/\/orsolinesmvarallo.org\/es\/#\/schema\/person\/43f72d3f802f865bd12208e84b86afbf\",\"name\":\"Stephanie Chiu\",\"image\":{\"@type\":\"ImageObject\",\"inLanguage\":\"es\",\"@id\":\"https:\/\/orsolinesmvarallo.org\/es\/#\/schema\/person\/image\/\",\"url\":\"https:\/\/secure.gravatar.com\/avatar\/600d05f406a8a52669b6ba9c1cb1a2a1?s=96&d=mm&r=g\",\"contentUrl\":\"https:\/\/secure.gravatar.com\/avatar\/600d05f406a8a52669b6ba9c1cb1a2a1?s=96&d=mm&r=g\",\"caption\":\"Stephanie Chiu\"},\"url\":\"https:\/\/orsolinesmvarallo.org\/es\/author\/stephanie\/\"}]}<\/script>\n<!-- \/ Yoast SEO plugin. -->","yoast_head_json":{"title":"La alegr\u00eda que nadie nos puede quitar. - OSMV","robots":{"index":"index","follow":"follow","max-snippet":"max-snippet:-1","max-image-preview":"max-image-preview:large","max-video-preview":"max-video-preview:-1"},"canonical":"https:\/\/orsolinesmvarallo.org\/es\/la-alegria-que-nadie-nos-puede-quitar\/","og_locale":"es_ES","og_type":"article","og_title":"La alegr\u00eda que nadie nos puede quitar. - OSMV","og_description":"La anunciaci\u00f3n (Lc. 1, 26-28) El \u00e1ngel sorprende a Mar\u00eda con un saludo totalmente inesperado: \u201cAl\u00e9grate,...","og_url":"https:\/\/orsolinesmvarallo.org\/es\/la-alegria-que-nadie-nos-puede-quitar\/","og_site_name":"OSMV","article_published_time":"2021-12-23T08:15:41+00:00","article_modified_time":"2025-03-20T12:15:49+00:00","author":"Stephanie Chiu","twitter_card":"summary_large_image","twitter_misc":{"Escrito por":"Stephanie Chiu","Tiempo de lectura":"2 minutos"},"schema":{"@context":"https:\/\/schema.org","@graph":[{"@type":"Article","@id":"https:\/\/orsolinesmvarallo.org\/la-alegria-que-nadie-nos-puede-quitar\/#article","isPartOf":{"@id":"https:\/\/orsolinesmvarallo.org\/la-alegria-que-nadie-nos-puede-quitar\/"},"author":{"name":"Stephanie Chiu","@id":"https:\/\/orsolinesmvarallo.org\/es\/#\/schema\/person\/43f72d3f802f865bd12208e84b86afbf"},"headline":"La alegr\u00eda que nadie nos puede quitar.","datePublished":"2021-12-23T08:15:41+00:00","dateModified":"2025-03-20T12:15:49+00:00","mainEntityOfPage":{"@id":"https:\/\/orsolinesmvarallo.org\/la-alegria-que-nadie-nos-puede-quitar\/"},"wordCount":402,"commentCount":0,"publisher":{"@id":"https:\/\/orsolinesmvarallo.org\/es\/#organization"},"articleSection":["Meditaciones"],"inLanguage":"es","potentialAction":[{"@type":"CommentAction","name":"Comment","target":["https:\/\/orsolinesmvarallo.org\/la-alegria-que-nadie-nos-puede-quitar\/#respond"]}]},{"@type":"WebPage","@id":"https:\/\/orsolinesmvarallo.org\/la-alegria-que-nadie-nos-puede-quitar\/","url":"https:\/\/orsolinesmvarallo.org\/la-alegria-que-nadie-nos-puede-quitar\/","name":"La alegr\u00eda que nadie nos puede quitar. - OSMV","isPartOf":{"@id":"https:\/\/orsolinesmvarallo.org\/es\/#website"},"datePublished":"2021-12-23T08:15:41+00:00","dateModified":"2025-03-20T12:15:49+00:00","breadcrumb":{"@id":"https:\/\/orsolinesmvarallo.org\/la-alegria-que-nadie-nos-puede-quitar\/#breadcrumb"},"inLanguage":"es","potentialAction":[{"@type":"ReadAction","target":["https:\/\/orsolinesmvarallo.org\/la-alegria-que-nadie-nos-puede-quitar\/"]}]},{"@type":"BreadcrumbList","@id":"https:\/\/orsolinesmvarallo.org\/la-alegria-que-nadie-nos-puede-quitar\/#breadcrumb","itemListElement":[{"@type":"ListItem","position":1,"name":"Portada","item":"https:\/\/orsolinesmvarallo.org\/"},{"@type":"ListItem","position":2,"name":"La alegr\u00eda que nadie nos puede quitar."}]},{"@type":"WebSite","@id":"https:\/\/orsolinesmvarallo.org\/es\/#website","url":"https:\/\/orsolinesmvarallo.org\/es\/","name":"OSMV","description":"Suore Orsoline Sacro Monte di Varallo","publisher":{"@id":"https:\/\/orsolinesmvarallo.org\/es\/#organization"},"potentialAction":[{"@type":"SearchAction","target":{"@type":"EntryPoint","urlTemplate":"https:\/\/orsolinesmvarallo.org\/es\/?s={search_term_string}"},"query-input":{"@type":"PropertyValueSpecification","valueRequired":true,"valueName":"search_term_string"}}],"inLanguage":"es"},{"@type":"Organization","@id":"https:\/\/orsolinesmvarallo.org\/es\/#organization","name":"OSMV","url":"https:\/\/orsolinesmvarallo.org\/es\/","logo":{"@type":"ImageObject","inLanguage":"es","@id":"https:\/\/orsolinesmvarallo.org\/es\/#\/schema\/logo\/image\/","url":"https:\/\/orsolinesmvarallo.org\/wp-content\/uploads\/2024\/12\/cropped-logoeuca-blanco.png","contentUrl":"https:\/\/orsolinesmvarallo.org\/wp-content\/uploads\/2024\/12\/cropped-logoeuca-blanco.png","width":772,"height":742,"caption":"OSMV"},"image":{"@id":"https:\/\/orsolinesmvarallo.org\/es\/#\/schema\/logo\/image\/"}},{"@type":"Person","@id":"https:\/\/orsolinesmvarallo.org\/es\/#\/schema\/person\/43f72d3f802f865bd12208e84b86afbf","name":"Stephanie Chiu","image":{"@type":"ImageObject","inLanguage":"es","@id":"https:\/\/orsolinesmvarallo.org\/es\/#\/schema\/person\/image\/","url":"https:\/\/secure.gravatar.com\/avatar\/600d05f406a8a52669b6ba9c1cb1a2a1?s=96&d=mm&r=g","contentUrl":"https:\/\/secure.gravatar.com\/avatar\/600d05f406a8a52669b6ba9c1cb1a2a1?s=96&d=mm&r=g","caption":"Stephanie Chiu"},"url":"https:\/\/orsolinesmvarallo.org\/es\/author\/stephanie\/"}]}},"jetpack_featured_media_url":"","_links":{"self":[{"href":"https:\/\/orsolinesmvarallo.org\/es\/wp-json\/wp\/v2\/posts\/6183","targetHints":{"allow":["GET"]}}],"collection":[{"href":"https:\/\/orsolinesmvarallo.org\/es\/wp-json\/wp\/v2\/posts"}],"about":[{"href":"https:\/\/orsolinesmvarallo.org\/es\/wp-json\/wp\/v2\/types\/post"}],"author":[{"embeddable":true,"href":"https:\/\/orsolinesmvarallo.org\/es\/wp-json\/wp\/v2\/users\/3"}],"replies":[{"embeddable":true,"href":"https:\/\/orsolinesmvarallo.org\/es\/wp-json\/wp\/v2\/comments?post=6183"}],"version-history":[{"count":4,"href":"https:\/\/orsolinesmvarallo.org\/es\/wp-json\/wp\/v2\/posts\/6183\/revisions"}],"predecessor-version":[{"id":6277,"href":"https:\/\/orsolinesmvarallo.org\/es\/wp-json\/wp\/v2\/posts\/6183\/revisions\/6277"}],"wp:attachment":[{"href":"https:\/\/orsolinesmvarallo.org\/es\/wp-json\/wp\/v2\/media?parent=6183"}],"wp:term":[{"taxonomy":"category","embeddable":true,"href":"https:\/\/orsolinesmvarallo.org\/es\/wp-json\/wp\/v2\/categories?post=6183"},{"taxonomy":"post_tag","embeddable":true,"href":"https:\/\/orsolinesmvarallo.org\/es\/wp-json\/wp\/v2\/tags?post=6183"}],"curies":[{"name":"wp","href":"https:\/\/api.w.org\/{rel}","templated":true}]}}