{"id":6229,"date":"2022-12-29T10:12:40","date_gmt":"2022-12-29T09:12:40","guid":{"rendered":"https:\/\/prueba2024.orsolinesmvarallo.org\/?p=6229"},"modified":"2025-03-20T13:15:41","modified_gmt":"2025-03-20T12:15:41","slug":"gustad-y-ved","status":"publish","type":"post","link":"https:\/\/orsolinesmvarallo.org\/es\/gustad-y-ved\/","title":{"rendered":"&#8220;Gustad y Ved: La fe m\u00e1s all\u00e1 de los sentidos&#8221;."},"content":{"rendered":"<p><strong>&#8220;Los pastores fueron a toda prisa hacia Bel\u00e9n y vieron a Mar\u00eda, a Jos\u00e9 y al ni\u00f1o, recostado en el pesebre.&#8221; (Lucas 2, 16)<\/strong><br><br>Mientras el mundo estaba sumergido en la noche\u2014en el individualismo, el ego\u00edsmo y la falta de fe, esperanza y caridad\u2014impidiendo ver y acoger la presencia del Ni\u00f1o Dios, Dios encuentra su alegr\u00eda en darse a conocer a los pastores.<br><br>Fueron y vieron. El \u00e1ngel no lleva al Ni\u00f1o, solo les da el mensaje; ellos tienen la libertad de decidir si ponerse en camino para el encuentro, ejercitar su fe y avanzar sin haber visto. Nos relacionamos con el mundo a trav\u00e9s de los sentidos: vemos, escuchamos, gustamos, tocamos, olemos y abrazamos. Sentir, emocionarse y vibrar interiormente es esencial para la vida humana, incluso en la vida espiritual. Si no gustamos sensiblemente la presencia y ternura de Dios, como los pastores con el Ni\u00f1o, \u00c9l ser\u00e1 para nosotros un extra\u00f1o, lejano y abstracto, una idea sin vida, reducida a un simple mensaje.<br><br>El Salmo 34 tambi\u00e9n nos invita: &#8220;Gustad y ved qu\u00e9 bueno es el Se\u00f1or.&#8221; Es leg\u00edtimo pedir gracias sensibles para poder experimentar, a trav\u00e9s de nuestra emotividad y nuestro cuerpo, algo del misterio de Dios y de las verdades de la fe. El cristianismo es la religi\u00f3n de la Encarnaci\u00f3n: creemos en un Dios que se ha hecho carne, que ha tomado un cuerpo humano. \u00a1Los pastores lo hallaron hecho Ni\u00f1o, acostado en un pesebre! Hallaron a Jes\u00fas, verdadero Dios y verdadero Hombre. El cristianismo es tambi\u00e9n la religi\u00f3n de la resurrecci\u00f3n de la carne, y lo confesamos en el Credo: &#8220;Creo en la resurrecci\u00f3n de la carne&#8221;, &#8220;Espero la resurrecci\u00f3n de los muertos y la vida del mundo futuro.&#8221;<br><br>En este momento de silencio, los invito a meditar si somos testigos de ese Dios encarnado, del Dios-Amor que ha venido a nosotros en forma de Ni\u00f1o, comenzando en nuestro propio hogar.<br><br>\u00bfTe has preguntado por qu\u00e9 la Navidad se celebra en el hogar, con la familia? Madre Teresa de Calcuta, en su libro Sobre tus huellas, dec\u00eda que el amor debe comenzar en casa. Ah\u00ed es donde nace y debe vivir. Cuando no hay amor en el hogar, esto se convierte en la causa de tanto sufrimiento y tanta infelicidad en el mundo. Hoy en d\u00eda, el mundo parece estar dominado por la prisa, por la ansiedad de desarrollar riquezas. Los ni\u00f1os tienen muy poco tiempo con sus padres, y los padres, muy poco tiempo para sus hijos. Sin amor en el hogar, comienza la destrucci\u00f3n de la paz del mundo.<br><br>Sin embargo, tambi\u00e9n debemos reconocer los l\u00edmites de la sensibilidad. Dios es infinitamente m\u00e1s grande y est\u00e1 m\u00e1s all\u00e1 de lo que la sensibilidad puede captar. La b\u00fasqueda de lo sensible puede convertirse en un fin en s\u00ed mismo, llev\u00e1ndonos a apegos y a la falta de libertad.<br><br>Hoy nos seduce la publicidad que nos invita a disfrutar con &#8220;libertad&#8221; de todo: barra libre, buffet libre, consume sin l\u00edmites, viaja sin restricciones, megas ilimitadas. La publicidad sabe que ofrecer algo &#8220;ilimitado&#8221; atrae a cualquiera. Pero estos esl\u00f3ganes no son m\u00e1s que versiones modernas del apetitoso fruto prohibido que Satan\u00e1s ofreci\u00f3 a Ad\u00e1n y Eva: &#8220;Ser\u00e9is como dioses&#8221;, &#8220;Ya no tendr\u00e9is l\u00edmites&#8221;, &#8220;Ser\u00e9is ilimitadamente libres para disponer de todo, de todos y de ustedes mismos como quieran.&#8221;<br><br>Recientemente, en Espa\u00f1a se ha aprobado la Ley Trans y la reforma de la Ley del Aborto, promoviendo la idea de disponer libremente de nuestro cuerpo. Pero aqu\u00ed radica nuestro error: querer hacer ilimitado lo que es limitado. No aceptamos nuestras propias limitaciones.<br><br>Necesitamos purificar nuestra sensibilidad. Lo que importa no es lo que sentimos (me siento hombre, me siento mujer, no me siento madre), sino lo que somos y lo que creemos. A esto lo llamamos actos de fe: creer sin ver ni sentir. Ir m\u00e1s all\u00e1 de las emociones, encontrar a Dios incluso en la sequedad espiritual.<br><br>Ser fieles a la oraci\u00f3n, incluso en la aridez, nos ayudar\u00e1 progresivamente a ser libres respecto a lo sensible y a dejar de fundamentar nuestras relaciones en el placer que nos procuran. La verdadera libertad consiste en amar al otro, nos complazca o no.<br><br>&#8220;Mar\u00eda, por su parte, guardaba todas estas cosas y las meditaba en su coraz\u00f3n.&#8221; (Lucas 2:19) En la cultura hebrea, el coraz\u00f3n no simboliza la afectividad, sino la conciencia y la interioridad. La fe de Mar\u00eda va m\u00e1s all\u00e1 de cualquier vacilaci\u00f3n, pero tambi\u00e9n ella tuvo que descubrir, lenta y penosamente, el camino de la salvaci\u00f3n.<br><br>Pid\u00e1mosle su intercesi\u00f3n para guardar fielmente la pura caridad, ejercit\u00e1ndola mutuamente unos con otros con actos de fe, hasta alcanzar la perfecci\u00f3n.<\/p>\n\n\n\n<p><\/p>","protected":false},"excerpt":{"rendered":"<p>&#8220;Los pastores fueron a toda prisa hacia Bel\u00e9n y vieron a Mar\u00eda, a Jos\u00e9 y al&#8230;<\/p>","protected":false},"author":3,"featured_media":0,"comment_status":"open","ping_status":"open","sticky":false,"template":"","format":"standard","meta":{"_eb_attr":"","_kadence_starter_templates_imported_post":false,"_kad_post_transparent":"","_kad_post_title":"","_kad_post_layout":"","_kad_post_sidebar_id":"","_kad_post_content_style":"","_kad_post_vertical_padding":"","_kad_post_feature":"","_kad_post_feature_position":"","_kad_post_header":false,"_kad_post_footer":false,"footnotes":""},"categories":[44],"tags":[],"class_list":["post-6229","post","type-post","status-publish","format-standard","hentry","category-meditaciones"],"yoast_head":"<!-- This site is optimized with the Yoast SEO plugin v24.8.1 - https:\/\/yoast.com\/wordpress\/plugins\/seo\/ -->\n<title>&quot;Gustad y Ved: La fe m\u00e1s all\u00e1 de los sentidos&quot;. - OSMV<\/title>\n<meta name=\"robots\" content=\"index, follow, max-snippet:-1, max-image-preview:large, max-video-preview:-1\" \/>\n<link rel=\"canonical\" href=\"https:\/\/orsolinesmvarallo.org\/es\/gustad-y-ved\/\" \/>\n<meta property=\"og:locale\" content=\"es_ES\" \/>\n<meta property=\"og:type\" content=\"article\" \/>\n<meta property=\"og:title\" content=\"&quot;Gustad y Ved: La fe m\u00e1s all\u00e1 de los sentidos&quot;. - OSMV\" \/>\n<meta property=\"og:description\" content=\"&#8220;Los pastores fueron a toda prisa hacia Bel\u00e9n y vieron a Mar\u00eda, a Jos\u00e9 y al...\" \/>\n<meta property=\"og:url\" content=\"https:\/\/orsolinesmvarallo.org\/es\/gustad-y-ved\/\" \/>\n<meta property=\"og:site_name\" content=\"OSMV\" \/>\n<meta property=\"article:published_time\" content=\"2022-12-29T09:12:40+00:00\" \/>\n<meta property=\"article:modified_time\" content=\"2025-03-20T12:15:41+00:00\" \/>\n<meta name=\"author\" content=\"Stephanie Chiu\" \/>\n<meta name=\"twitter:card\" content=\"summary_large_image\" \/>\n<meta name=\"twitter:label1\" content=\"Escrito por\" \/>\n\t<meta name=\"twitter:data1\" content=\"Stephanie Chiu\" \/>\n\t<meta name=\"twitter:label2\" content=\"Tiempo de lectura\" \/>\n\t<meta name=\"twitter:data2\" content=\"4 minutos\" \/>\n<script type=\"application\/ld+json\" class=\"yoast-schema-graph\">{\"@context\":\"https:\/\/schema.org\",\"@graph\":[{\"@type\":\"Article\",\"@id\":\"https:\/\/orsolinesmvarallo.org\/es\/gustad-y-ved\/#article\",\"isPartOf\":{\"@id\":\"https:\/\/orsolinesmvarallo.org\/es\/gustad-y-ved\/\"},\"author\":{\"name\":\"Stephanie Chiu\",\"@id\":\"https:\/\/orsolinesmvarallo.org\/es\/#\/schema\/person\/43f72d3f802f865bd12208e84b86afbf\"},\"headline\":\"&#8220;Gustad y Ved: La fe m\u00e1s all\u00e1 de los sentidos&#8221;.\",\"datePublished\":\"2022-12-29T09:12:40+00:00\",\"dateModified\":\"2025-03-20T12:15:41+00:00\",\"mainEntityOfPage\":{\"@id\":\"https:\/\/orsolinesmvarallo.org\/es\/gustad-y-ved\/\"},\"wordCount\":841,\"commentCount\":0,\"publisher\":{\"@id\":\"https:\/\/orsolinesmvarallo.org\/es\/#organization\"},\"articleSection\":[\"Meditaciones\"],\"inLanguage\":\"es\",\"potentialAction\":[{\"@type\":\"CommentAction\",\"name\":\"Comment\",\"target\":[\"https:\/\/orsolinesmvarallo.org\/es\/gustad-y-ved\/#respond\"]}]},{\"@type\":\"WebPage\",\"@id\":\"https:\/\/orsolinesmvarallo.org\/es\/gustad-y-ved\/\",\"url\":\"https:\/\/orsolinesmvarallo.org\/es\/gustad-y-ved\/\",\"name\":\"\\\"Gustad y Ved: La fe m\u00e1s all\u00e1 de los sentidos\\\". - OSMV\",\"isPartOf\":{\"@id\":\"https:\/\/orsolinesmvarallo.org\/es\/#website\"},\"datePublished\":\"2022-12-29T09:12:40+00:00\",\"dateModified\":\"2025-03-20T12:15:41+00:00\",\"breadcrumb\":{\"@id\":\"https:\/\/orsolinesmvarallo.org\/es\/gustad-y-ved\/#breadcrumb\"},\"inLanguage\":\"es\",\"potentialAction\":[{\"@type\":\"ReadAction\",\"target\":[\"https:\/\/orsolinesmvarallo.org\/es\/gustad-y-ved\/\"]}]},{\"@type\":\"BreadcrumbList\",\"@id\":\"https:\/\/orsolinesmvarallo.org\/es\/gustad-y-ved\/#breadcrumb\",\"itemListElement\":[{\"@type\":\"ListItem\",\"position\":1,\"name\":\"Portada\",\"item\":\"https:\/\/orsolinesmvarallo.org\/\"},{\"@type\":\"ListItem\",\"position\":2,\"name\":\"&#8220;Gustad y Ved: La fe m\u00e1s all\u00e1 de los sentidos&#8221;.\"}]},{\"@type\":\"WebSite\",\"@id\":\"https:\/\/orsolinesmvarallo.org\/es\/#website\",\"url\":\"https:\/\/orsolinesmvarallo.org\/es\/\",\"name\":\"OSMV\",\"description\":\"Suore Orsoline Sacro Monte di Varallo\",\"publisher\":{\"@id\":\"https:\/\/orsolinesmvarallo.org\/es\/#organization\"},\"potentialAction\":[{\"@type\":\"SearchAction\",\"target\":{\"@type\":\"EntryPoint\",\"urlTemplate\":\"https:\/\/orsolinesmvarallo.org\/es\/?s={search_term_string}\"},\"query-input\":{\"@type\":\"PropertyValueSpecification\",\"valueRequired\":true,\"valueName\":\"search_term_string\"}}],\"inLanguage\":\"es\"},{\"@type\":\"Organization\",\"@id\":\"https:\/\/orsolinesmvarallo.org\/es\/#organization\",\"name\":\"OSMV\",\"url\":\"https:\/\/orsolinesmvarallo.org\/es\/\",\"logo\":{\"@type\":\"ImageObject\",\"inLanguage\":\"es\",\"@id\":\"https:\/\/orsolinesmvarallo.org\/es\/#\/schema\/logo\/image\/\",\"url\":\"https:\/\/orsolinesmvarallo.org\/wp-content\/uploads\/2024\/12\/cropped-logoeuca-blanco.png\",\"contentUrl\":\"https:\/\/orsolinesmvarallo.org\/wp-content\/uploads\/2024\/12\/cropped-logoeuca-blanco.png\",\"width\":772,\"height\":742,\"caption\":\"OSMV\"},\"image\":{\"@id\":\"https:\/\/orsolinesmvarallo.org\/es\/#\/schema\/logo\/image\/\"}},{\"@type\":\"Person\",\"@id\":\"https:\/\/orsolinesmvarallo.org\/es\/#\/schema\/person\/43f72d3f802f865bd12208e84b86afbf\",\"name\":\"Stephanie Chiu\",\"image\":{\"@type\":\"ImageObject\",\"inLanguage\":\"es\",\"@id\":\"https:\/\/orsolinesmvarallo.org\/es\/#\/schema\/person\/image\/\",\"url\":\"https:\/\/secure.gravatar.com\/avatar\/600d05f406a8a52669b6ba9c1cb1a2a1?s=96&d=mm&r=g\",\"contentUrl\":\"https:\/\/secure.gravatar.com\/avatar\/600d05f406a8a52669b6ba9c1cb1a2a1?s=96&d=mm&r=g\",\"caption\":\"Stephanie Chiu\"},\"url\":\"https:\/\/orsolinesmvarallo.org\/es\/author\/stephanie\/\"}]}<\/script>\n<!-- \/ Yoast SEO plugin. -->","yoast_head_json":{"title":"\"Gustad y Ved: La fe m\u00e1s all\u00e1 de los sentidos\". - OSMV","robots":{"index":"index","follow":"follow","max-snippet":"max-snippet:-1","max-image-preview":"max-image-preview:large","max-video-preview":"max-video-preview:-1"},"canonical":"https:\/\/orsolinesmvarallo.org\/es\/gustad-y-ved\/","og_locale":"es_ES","og_type":"article","og_title":"\"Gustad y Ved: La fe m\u00e1s all\u00e1 de los sentidos\". - OSMV","og_description":"&#8220;Los pastores fueron a toda prisa hacia Bel\u00e9n y vieron a Mar\u00eda, a Jos\u00e9 y al...","og_url":"https:\/\/orsolinesmvarallo.org\/es\/gustad-y-ved\/","og_site_name":"OSMV","article_published_time":"2022-12-29T09:12:40+00:00","article_modified_time":"2025-03-20T12:15:41+00:00","author":"Stephanie Chiu","twitter_card":"summary_large_image","twitter_misc":{"Escrito por":"Stephanie Chiu","Tiempo de lectura":"4 minutos"},"schema":{"@context":"https:\/\/schema.org","@graph":[{"@type":"Article","@id":"https:\/\/orsolinesmvarallo.org\/es\/gustad-y-ved\/#article","isPartOf":{"@id":"https:\/\/orsolinesmvarallo.org\/es\/gustad-y-ved\/"},"author":{"name":"Stephanie Chiu","@id":"https:\/\/orsolinesmvarallo.org\/es\/#\/schema\/person\/43f72d3f802f865bd12208e84b86afbf"},"headline":"&#8220;Gustad y Ved: La fe m\u00e1s all\u00e1 de los sentidos&#8221;.","datePublished":"2022-12-29T09:12:40+00:00","dateModified":"2025-03-20T12:15:41+00:00","mainEntityOfPage":{"@id":"https:\/\/orsolinesmvarallo.org\/es\/gustad-y-ved\/"},"wordCount":841,"commentCount":0,"publisher":{"@id":"https:\/\/orsolinesmvarallo.org\/es\/#organization"},"articleSection":["Meditaciones"],"inLanguage":"es","potentialAction":[{"@type":"CommentAction","name":"Comment","target":["https:\/\/orsolinesmvarallo.org\/es\/gustad-y-ved\/#respond"]}]},{"@type":"WebPage","@id":"https:\/\/orsolinesmvarallo.org\/es\/gustad-y-ved\/","url":"https:\/\/orsolinesmvarallo.org\/es\/gustad-y-ved\/","name":"\"Gustad y Ved: La fe m\u00e1s all\u00e1 de los sentidos\". - OSMV","isPartOf":{"@id":"https:\/\/orsolinesmvarallo.org\/es\/#website"},"datePublished":"2022-12-29T09:12:40+00:00","dateModified":"2025-03-20T12:15:41+00:00","breadcrumb":{"@id":"https:\/\/orsolinesmvarallo.org\/es\/gustad-y-ved\/#breadcrumb"},"inLanguage":"es","potentialAction":[{"@type":"ReadAction","target":["https:\/\/orsolinesmvarallo.org\/es\/gustad-y-ved\/"]}]},{"@type":"BreadcrumbList","@id":"https:\/\/orsolinesmvarallo.org\/es\/gustad-y-ved\/#breadcrumb","itemListElement":[{"@type":"ListItem","position":1,"name":"Portada","item":"https:\/\/orsolinesmvarallo.org\/"},{"@type":"ListItem","position":2,"name":"&#8220;Gustad y Ved: La fe m\u00e1s all\u00e1 de los sentidos&#8221;."}]},{"@type":"WebSite","@id":"https:\/\/orsolinesmvarallo.org\/es\/#website","url":"https:\/\/orsolinesmvarallo.org\/es\/","name":"OSMV","description":"Suore Orsoline Sacro Monte di Varallo","publisher":{"@id":"https:\/\/orsolinesmvarallo.org\/es\/#organization"},"potentialAction":[{"@type":"SearchAction","target":{"@type":"EntryPoint","urlTemplate":"https:\/\/orsolinesmvarallo.org\/es\/?s={search_term_string}"},"query-input":{"@type":"PropertyValueSpecification","valueRequired":true,"valueName":"search_term_string"}}],"inLanguage":"es"},{"@type":"Organization","@id":"https:\/\/orsolinesmvarallo.org\/es\/#organization","name":"OSMV","url":"https:\/\/orsolinesmvarallo.org\/es\/","logo":{"@type":"ImageObject","inLanguage":"es","@id":"https:\/\/orsolinesmvarallo.org\/es\/#\/schema\/logo\/image\/","url":"https:\/\/orsolinesmvarallo.org\/wp-content\/uploads\/2024\/12\/cropped-logoeuca-blanco.png","contentUrl":"https:\/\/orsolinesmvarallo.org\/wp-content\/uploads\/2024\/12\/cropped-logoeuca-blanco.png","width":772,"height":742,"caption":"OSMV"},"image":{"@id":"https:\/\/orsolinesmvarallo.org\/es\/#\/schema\/logo\/image\/"}},{"@type":"Person","@id":"https:\/\/orsolinesmvarallo.org\/es\/#\/schema\/person\/43f72d3f802f865bd12208e84b86afbf","name":"Stephanie Chiu","image":{"@type":"ImageObject","inLanguage":"es","@id":"https:\/\/orsolinesmvarallo.org\/es\/#\/schema\/person\/image\/","url":"https:\/\/secure.gravatar.com\/avatar\/600d05f406a8a52669b6ba9c1cb1a2a1?s=96&d=mm&r=g","contentUrl":"https:\/\/secure.gravatar.com\/avatar\/600d05f406a8a52669b6ba9c1cb1a2a1?s=96&d=mm&r=g","caption":"Stephanie Chiu"},"url":"https:\/\/orsolinesmvarallo.org\/es\/author\/stephanie\/"}]}},"jetpack_featured_media_url":"","_links":{"self":[{"href":"https:\/\/orsolinesmvarallo.org\/es\/wp-json\/wp\/v2\/posts\/6229","targetHints":{"allow":["GET"]}}],"collection":[{"href":"https:\/\/orsolinesmvarallo.org\/es\/wp-json\/wp\/v2\/posts"}],"about":[{"href":"https:\/\/orsolinesmvarallo.org\/es\/wp-json\/wp\/v2\/types\/post"}],"author":[{"embeddable":true,"href":"https:\/\/orsolinesmvarallo.org\/es\/wp-json\/wp\/v2\/users\/3"}],"replies":[{"embeddable":true,"href":"https:\/\/orsolinesmvarallo.org\/es\/wp-json\/wp\/v2\/comments?post=6229"}],"version-history":[{"count":6,"href":"https:\/\/orsolinesmvarallo.org\/es\/wp-json\/wp\/v2\/posts\/6229\/revisions"}],"predecessor-version":[{"id":6279,"href":"https:\/\/orsolinesmvarallo.org\/es\/wp-json\/wp\/v2\/posts\/6229\/revisions\/6279"}],"wp:attachment":[{"href":"https:\/\/orsolinesmvarallo.org\/es\/wp-json\/wp\/v2\/media?parent=6229"}],"wp:term":[{"taxonomy":"category","embeddable":true,"href":"https:\/\/orsolinesmvarallo.org\/es\/wp-json\/wp\/v2\/categories?post=6229"},{"taxonomy":"post_tag","embeddable":true,"href":"https:\/\/orsolinesmvarallo.org\/es\/wp-json\/wp\/v2\/tags?post=6229"}],"curies":[{"name":"wp","href":"https:\/\/api.w.org\/{rel}","templated":true}]}}