{"id":6263,"date":"2022-03-31T10:38:16","date_gmt":"2022-03-31T08:38:16","guid":{"rendered":"https:\/\/prueba2024.orsolinesmvarallo.org\/?p=6263"},"modified":"2025-03-20T13:15:46","modified_gmt":"2025-03-20T12:15:46","slug":"misericordia-y-renovacion-el-perdon-de-jesus-a-la-adultera","status":"publish","type":"post","link":"https:\/\/orsolinesmvarallo.org\/es\/misericordia-y-renovacion-el-perdon-de-jesus-a-la-adultera\/","title":{"rendered":"&#8220;Misericordia y Renovaci\u00f3n: El Perd\u00f3n de Jes\u00fas a la Ad\u00faltera de&#8221;."},"content":{"rendered":"<p><strong>&#8220;Tampoco yo te condeno. Anda y en adelante no peques m\u00e1s.&#8221; (Juan 8, 11)<\/strong><br><br>Jes\u00fas, frente a la ad\u00faltera, signific\u00f3 la realizaci\u00f3n de algo nuevo: el camino de la salvaci\u00f3n para quienes se sienten condenados, como la mujer sorprendida en adulterio.<br><br>Jes\u00fas no absuelve el adulterio; a quien absuelve es a la ad\u00faltera. Es claro al decirle: &#8220;En adelante, no peques m\u00e1s.&#8221; Condena el pecado, pero no al pecador.<br><br>Los fariseos, continuamente, enfrentan a Jes\u00fas contra la Ley. Primero, \u00c9l adopta una actitud de indiferencia, como si el caso no fuera con \u00c9l: inclin\u00e1ndose, escrib\u00eda con el dedo en el suelo. Pero los acusadores insisten en un pronunciamiento p\u00fablico. Entonces, Jes\u00fas se incorpora y les dice: &#8220;El que est\u00e9 sin pecado, que le tire la primera piedra.&#8221; Luego, vuelve a escribir en el suelo.<br><br>Dios sabe la verdad de las cosas y el grado de implicaci\u00f3n de las personas en los hechos, pero el \u00fanico que puede condenar no lo hace; salva al pecador.<br><br>Nuestro pecado, muchas veces, consiste en lanzar piedras al fango de nuestros resentimientos, odios, antipat\u00edas y malos humores. Y cuando uno maneja fango, inevitablemente se ensucia. En realidad, ya est\u00e1 sucio, porque el fango que lanza lo saca de su propio coraz\u00f3n. En la vida exigimos a los dem\u00e1s lo que nosotros mismos no damos.<br><br>En una ocasi\u00f3n, le preguntaron a la Madre Teresa de Calcuta:<br>&#8220;\u00bfQu\u00e9 mejorar\u00eda usted en la Iglesia?&#8221;<br>&#8220;A m\u00ed misma,&#8221; respondi\u00f3 ella al instante.<br><br>Esa es la actitud correcta cuando uno es consciente de sus propios pecados.<br><br>Jes\u00fas puede ser para tu vida un significado, un camino de salida, un agua capaz de calmar tu sed de felicidad. Acerqu\u00e9monos a Aquel que puede perdonarnos, esperando escuchar esas palabras sanadoras que escuch\u00f3 la ad\u00faltera: &#8220;Yo tampoco te condeno, vete en paz y no peques m\u00e1s.&#8221;<br><br>Se\u00f1or, a veces el peor acusador puedo ser yo mismo. En ocasiones mido mis actos y los de los dem\u00e1s con la dureza de una ley escrita en piedra para Mois\u00e9s. Sin embargo, T\u00fa me perdonas con la blandura de un Evangelio escrito en arena y me dices:<br><br>&#8220;No recuerdes m\u00e1s lo pasado, no pienses en lo antiguo, porque quiero realizar algo nuevo en ti; algo que ya est\u00e1 brotando, \u00bfno lo notas?<br>He venido a ofrecer agua en el desierto para apagar la sed de mi pueblo, y t\u00fa eres mi escogido para llevar mi amor y proclamar mi alabanza.&#8221;<br><br>A menudo me siento frustrado porque veo la meta muy lejana. Como dice san Pablo, es una meta que parece inalcanzable, pues somos r\u00e1pidos para acusar a nuestros hermanos. Estoy dispuesto a lanzar a otros la piedra de mi propio pecado, porque no soy capaz de creer en tu perd\u00f3n, de olvidar lo que qued\u00f3 atr\u00e1s y lanzarme hacia lo que est\u00e1 por delante. No soy capaz de mostrarte mi alma desnuda y avergonzada.<br><br>En este momento, Se\u00f1or, quiero ser capaz de dejarme mirar por tu mirada de perd\u00f3n, que me purifica, y poder responder con fidelidad a ese amor que me manifiestas.<\/p>\n\n\n\n<p><\/p>","protected":false},"excerpt":{"rendered":"<p>&#8220;Tampoco yo te condeno. Anda y en adelante no peques m\u00e1s.&#8221; (Juan 8, 11) Jes\u00fas, frente&#8230;<\/p>","protected":false},"author":3,"featured_media":0,"comment_status":"open","ping_status":"open","sticky":false,"template":"","format":"standard","meta":{"_eb_attr":"","_kadence_starter_templates_imported_post":false,"_kad_post_transparent":"","_kad_post_title":"","_kad_post_layout":"","_kad_post_sidebar_id":"","_kad_post_content_style":"","_kad_post_vertical_padding":"","_kad_post_feature":"","_kad_post_feature_position":"","_kad_post_header":false,"_kad_post_footer":false,"footnotes":""},"categories":[44],"tags":[],"class_list":["post-6263","post","type-post","status-publish","format-standard","hentry","category-meditaciones"],"yoast_head":"<!-- This site is optimized with the Yoast SEO plugin v24.8.1 - https:\/\/yoast.com\/wordpress\/plugins\/seo\/ -->\n<title>&quot;Misericordia y Renovaci\u00f3n: El Perd\u00f3n de Jes\u00fas a la Ad\u00faltera de&quot;. - OSMV<\/title>\n<meta name=\"robots\" content=\"index, follow, max-snippet:-1, max-image-preview:large, max-video-preview:-1\" \/>\n<link rel=\"canonical\" href=\"https:\/\/orsolinesmvarallo.org\/es\/misericordia-y-renovacion-el-perdon-de-jesus-a-la-adultera\/\" \/>\n<meta property=\"og:locale\" content=\"es_ES\" \/>\n<meta property=\"og:type\" content=\"article\" \/>\n<meta property=\"og:title\" content=\"&quot;Misericordia y Renovaci\u00f3n: El Perd\u00f3n de Jes\u00fas a la Ad\u00faltera de&quot;. - OSMV\" \/>\n<meta property=\"og:description\" content=\"&#8220;Tampoco yo te condeno. Anda y en adelante no peques m\u00e1s.&#8221; (Juan 8, 11) Jes\u00fas, frente...\" \/>\n<meta property=\"og:url\" content=\"https:\/\/orsolinesmvarallo.org\/es\/misericordia-y-renovacion-el-perdon-de-jesus-a-la-adultera\/\" \/>\n<meta property=\"og:site_name\" content=\"OSMV\" \/>\n<meta property=\"article:published_time\" content=\"2022-03-31T08:38:16+00:00\" \/>\n<meta property=\"article:modified_time\" content=\"2025-03-20T12:15:46+00:00\" \/>\n<meta name=\"author\" content=\"Stephanie Chiu\" \/>\n<meta name=\"twitter:card\" content=\"summary_large_image\" \/>\n<meta name=\"twitter:label1\" content=\"Escrito por\" \/>\n\t<meta name=\"twitter:data1\" content=\"Stephanie Chiu\" \/>\n\t<meta name=\"twitter:label2\" content=\"Tiempo de lectura\" \/>\n\t<meta name=\"twitter:data2\" content=\"3 minutos\" \/>\n<script type=\"application\/ld+json\" class=\"yoast-schema-graph\">{\"@context\":\"https:\/\/schema.org\",\"@graph\":[{\"@type\":\"Article\",\"@id\":\"https:\/\/orsolinesmvarallo.org\/es\/misericordia-y-renovacion-el-perdon-de-jesus-a-la-adultera\/#article\",\"isPartOf\":{\"@id\":\"https:\/\/orsolinesmvarallo.org\/es\/misericordia-y-renovacion-el-perdon-de-jesus-a-la-adultera\/\"},\"author\":{\"name\":\"Stephanie Chiu\",\"@id\":\"https:\/\/orsolinesmvarallo.org\/es\/#\/schema\/person\/43f72d3f802f865bd12208e84b86afbf\"},\"headline\":\"&#8220;Misericordia y Renovaci\u00f3n: El Perd\u00f3n de Jes\u00fas a la Ad\u00faltera de&#8221;.\",\"datePublished\":\"2022-03-31T08:38:16+00:00\",\"dateModified\":\"2025-03-20T12:15:46+00:00\",\"mainEntityOfPage\":{\"@id\":\"https:\/\/orsolinesmvarallo.org\/es\/misericordia-y-renovacion-el-perdon-de-jesus-a-la-adultera\/\"},\"wordCount\":552,\"commentCount\":0,\"publisher\":{\"@id\":\"https:\/\/orsolinesmvarallo.org\/es\/#organization\"},\"articleSection\":[\"Meditaciones\"],\"inLanguage\":\"es\",\"potentialAction\":[{\"@type\":\"CommentAction\",\"name\":\"Comment\",\"target\":[\"https:\/\/orsolinesmvarallo.org\/es\/misericordia-y-renovacion-el-perdon-de-jesus-a-la-adultera\/#respond\"]}]},{\"@type\":\"WebPage\",\"@id\":\"https:\/\/orsolinesmvarallo.org\/es\/misericordia-y-renovacion-el-perdon-de-jesus-a-la-adultera\/\",\"url\":\"https:\/\/orsolinesmvarallo.org\/es\/misericordia-y-renovacion-el-perdon-de-jesus-a-la-adultera\/\",\"name\":\"\\\"Misericordia y Renovaci\u00f3n: El Perd\u00f3n de Jes\u00fas a la Ad\u00faltera de\\\". - OSMV\",\"isPartOf\":{\"@id\":\"https:\/\/orsolinesmvarallo.org\/es\/#website\"},\"datePublished\":\"2022-03-31T08:38:16+00:00\",\"dateModified\":\"2025-03-20T12:15:46+00:00\",\"breadcrumb\":{\"@id\":\"https:\/\/orsolinesmvarallo.org\/es\/misericordia-y-renovacion-el-perdon-de-jesus-a-la-adultera\/#breadcrumb\"},\"inLanguage\":\"es\",\"potentialAction\":[{\"@type\":\"ReadAction\",\"target\":[\"https:\/\/orsolinesmvarallo.org\/es\/misericordia-y-renovacion-el-perdon-de-jesus-a-la-adultera\/\"]}]},{\"@type\":\"BreadcrumbList\",\"@id\":\"https:\/\/orsolinesmvarallo.org\/es\/misericordia-y-renovacion-el-perdon-de-jesus-a-la-adultera\/#breadcrumb\",\"itemListElement\":[{\"@type\":\"ListItem\",\"position\":1,\"name\":\"Portada\",\"item\":\"https:\/\/orsolinesmvarallo.org\/\"},{\"@type\":\"ListItem\",\"position\":2,\"name\":\"&#8220;Misericordia y Renovaci\u00f3n: El Perd\u00f3n de Jes\u00fas a la Ad\u00faltera de&#8221;.\"}]},{\"@type\":\"WebSite\",\"@id\":\"https:\/\/orsolinesmvarallo.org\/es\/#website\",\"url\":\"https:\/\/orsolinesmvarallo.org\/es\/\",\"name\":\"OSMV\",\"description\":\"Suore Orsoline Sacro Monte di Varallo\",\"publisher\":{\"@id\":\"https:\/\/orsolinesmvarallo.org\/es\/#organization\"},\"potentialAction\":[{\"@type\":\"SearchAction\",\"target\":{\"@type\":\"EntryPoint\",\"urlTemplate\":\"https:\/\/orsolinesmvarallo.org\/es\/?s={search_term_string}\"},\"query-input\":{\"@type\":\"PropertyValueSpecification\",\"valueRequired\":true,\"valueName\":\"search_term_string\"}}],\"inLanguage\":\"es\"},{\"@type\":\"Organization\",\"@id\":\"https:\/\/orsolinesmvarallo.org\/es\/#organization\",\"name\":\"OSMV\",\"url\":\"https:\/\/orsolinesmvarallo.org\/es\/\",\"logo\":{\"@type\":\"ImageObject\",\"inLanguage\":\"es\",\"@id\":\"https:\/\/orsolinesmvarallo.org\/es\/#\/schema\/logo\/image\/\",\"url\":\"https:\/\/orsolinesmvarallo.org\/wp-content\/uploads\/2024\/12\/cropped-logoeuca-blanco.png\",\"contentUrl\":\"https:\/\/orsolinesmvarallo.org\/wp-content\/uploads\/2024\/12\/cropped-logoeuca-blanco.png\",\"width\":772,\"height\":742,\"caption\":\"OSMV\"},\"image\":{\"@id\":\"https:\/\/orsolinesmvarallo.org\/es\/#\/schema\/logo\/image\/\"}},{\"@type\":\"Person\",\"@id\":\"https:\/\/orsolinesmvarallo.org\/es\/#\/schema\/person\/43f72d3f802f865bd12208e84b86afbf\",\"name\":\"Stephanie Chiu\",\"image\":{\"@type\":\"ImageObject\",\"inLanguage\":\"es\",\"@id\":\"https:\/\/orsolinesmvarallo.org\/es\/#\/schema\/person\/image\/\",\"url\":\"https:\/\/secure.gravatar.com\/avatar\/600d05f406a8a52669b6ba9c1cb1a2a1?s=96&d=mm&r=g\",\"contentUrl\":\"https:\/\/secure.gravatar.com\/avatar\/600d05f406a8a52669b6ba9c1cb1a2a1?s=96&d=mm&r=g\",\"caption\":\"Stephanie Chiu\"},\"url\":\"https:\/\/orsolinesmvarallo.org\/es\/author\/stephanie\/\"}]}<\/script>\n<!-- \/ Yoast SEO plugin. -->","yoast_head_json":{"title":"\"Misericordia y Renovaci\u00f3n: El Perd\u00f3n de Jes\u00fas a la Ad\u00faltera de\". - OSMV","robots":{"index":"index","follow":"follow","max-snippet":"max-snippet:-1","max-image-preview":"max-image-preview:large","max-video-preview":"max-video-preview:-1"},"canonical":"https:\/\/orsolinesmvarallo.org\/es\/misericordia-y-renovacion-el-perdon-de-jesus-a-la-adultera\/","og_locale":"es_ES","og_type":"article","og_title":"\"Misericordia y Renovaci\u00f3n: El Perd\u00f3n de Jes\u00fas a la Ad\u00faltera de\". - OSMV","og_description":"&#8220;Tampoco yo te condeno. Anda y en adelante no peques m\u00e1s.&#8221; (Juan 8, 11) Jes\u00fas, frente...","og_url":"https:\/\/orsolinesmvarallo.org\/es\/misericordia-y-renovacion-el-perdon-de-jesus-a-la-adultera\/","og_site_name":"OSMV","article_published_time":"2022-03-31T08:38:16+00:00","article_modified_time":"2025-03-20T12:15:46+00:00","author":"Stephanie Chiu","twitter_card":"summary_large_image","twitter_misc":{"Escrito por":"Stephanie Chiu","Tiempo de lectura":"3 minutos"},"schema":{"@context":"https:\/\/schema.org","@graph":[{"@type":"Article","@id":"https:\/\/orsolinesmvarallo.org\/es\/misericordia-y-renovacion-el-perdon-de-jesus-a-la-adultera\/#article","isPartOf":{"@id":"https:\/\/orsolinesmvarallo.org\/es\/misericordia-y-renovacion-el-perdon-de-jesus-a-la-adultera\/"},"author":{"name":"Stephanie Chiu","@id":"https:\/\/orsolinesmvarallo.org\/es\/#\/schema\/person\/43f72d3f802f865bd12208e84b86afbf"},"headline":"&#8220;Misericordia y Renovaci\u00f3n: El Perd\u00f3n de Jes\u00fas a la Ad\u00faltera de&#8221;.","datePublished":"2022-03-31T08:38:16+00:00","dateModified":"2025-03-20T12:15:46+00:00","mainEntityOfPage":{"@id":"https:\/\/orsolinesmvarallo.org\/es\/misericordia-y-renovacion-el-perdon-de-jesus-a-la-adultera\/"},"wordCount":552,"commentCount":0,"publisher":{"@id":"https:\/\/orsolinesmvarallo.org\/es\/#organization"},"articleSection":["Meditaciones"],"inLanguage":"es","potentialAction":[{"@type":"CommentAction","name":"Comment","target":["https:\/\/orsolinesmvarallo.org\/es\/misericordia-y-renovacion-el-perdon-de-jesus-a-la-adultera\/#respond"]}]},{"@type":"WebPage","@id":"https:\/\/orsolinesmvarallo.org\/es\/misericordia-y-renovacion-el-perdon-de-jesus-a-la-adultera\/","url":"https:\/\/orsolinesmvarallo.org\/es\/misericordia-y-renovacion-el-perdon-de-jesus-a-la-adultera\/","name":"\"Misericordia y Renovaci\u00f3n: El Perd\u00f3n de Jes\u00fas a la Ad\u00faltera de\". - OSMV","isPartOf":{"@id":"https:\/\/orsolinesmvarallo.org\/es\/#website"},"datePublished":"2022-03-31T08:38:16+00:00","dateModified":"2025-03-20T12:15:46+00:00","breadcrumb":{"@id":"https:\/\/orsolinesmvarallo.org\/es\/misericordia-y-renovacion-el-perdon-de-jesus-a-la-adultera\/#breadcrumb"},"inLanguage":"es","potentialAction":[{"@type":"ReadAction","target":["https:\/\/orsolinesmvarallo.org\/es\/misericordia-y-renovacion-el-perdon-de-jesus-a-la-adultera\/"]}]},{"@type":"BreadcrumbList","@id":"https:\/\/orsolinesmvarallo.org\/es\/misericordia-y-renovacion-el-perdon-de-jesus-a-la-adultera\/#breadcrumb","itemListElement":[{"@type":"ListItem","position":1,"name":"Portada","item":"https:\/\/orsolinesmvarallo.org\/"},{"@type":"ListItem","position":2,"name":"&#8220;Misericordia y Renovaci\u00f3n: El Perd\u00f3n de Jes\u00fas a la Ad\u00faltera de&#8221;."}]},{"@type":"WebSite","@id":"https:\/\/orsolinesmvarallo.org\/es\/#website","url":"https:\/\/orsolinesmvarallo.org\/es\/","name":"OSMV","description":"Suore Orsoline Sacro Monte di Varallo","publisher":{"@id":"https:\/\/orsolinesmvarallo.org\/es\/#organization"},"potentialAction":[{"@type":"SearchAction","target":{"@type":"EntryPoint","urlTemplate":"https:\/\/orsolinesmvarallo.org\/es\/?s={search_term_string}"},"query-input":{"@type":"PropertyValueSpecification","valueRequired":true,"valueName":"search_term_string"}}],"inLanguage":"es"},{"@type":"Organization","@id":"https:\/\/orsolinesmvarallo.org\/es\/#organization","name":"OSMV","url":"https:\/\/orsolinesmvarallo.org\/es\/","logo":{"@type":"ImageObject","inLanguage":"es","@id":"https:\/\/orsolinesmvarallo.org\/es\/#\/schema\/logo\/image\/","url":"https:\/\/orsolinesmvarallo.org\/wp-content\/uploads\/2024\/12\/cropped-logoeuca-blanco.png","contentUrl":"https:\/\/orsolinesmvarallo.org\/wp-content\/uploads\/2024\/12\/cropped-logoeuca-blanco.png","width":772,"height":742,"caption":"OSMV"},"image":{"@id":"https:\/\/orsolinesmvarallo.org\/es\/#\/schema\/logo\/image\/"}},{"@type":"Person","@id":"https:\/\/orsolinesmvarallo.org\/es\/#\/schema\/person\/43f72d3f802f865bd12208e84b86afbf","name":"Stephanie Chiu","image":{"@type":"ImageObject","inLanguage":"es","@id":"https:\/\/orsolinesmvarallo.org\/es\/#\/schema\/person\/image\/","url":"https:\/\/secure.gravatar.com\/avatar\/600d05f406a8a52669b6ba9c1cb1a2a1?s=96&d=mm&r=g","contentUrl":"https:\/\/secure.gravatar.com\/avatar\/600d05f406a8a52669b6ba9c1cb1a2a1?s=96&d=mm&r=g","caption":"Stephanie Chiu"},"url":"https:\/\/orsolinesmvarallo.org\/es\/author\/stephanie\/"}]}},"jetpack_featured_media_url":"","_links":{"self":[{"href":"https:\/\/orsolinesmvarallo.org\/es\/wp-json\/wp\/v2\/posts\/6263","targetHints":{"allow":["GET"]}}],"collection":[{"href":"https:\/\/orsolinesmvarallo.org\/es\/wp-json\/wp\/v2\/posts"}],"about":[{"href":"https:\/\/orsolinesmvarallo.org\/es\/wp-json\/wp\/v2\/types\/post"}],"author":[{"embeddable":true,"href":"https:\/\/orsolinesmvarallo.org\/es\/wp-json\/wp\/v2\/users\/3"}],"replies":[{"embeddable":true,"href":"https:\/\/orsolinesmvarallo.org\/es\/wp-json\/wp\/v2\/comments?post=6263"}],"version-history":[{"count":5,"href":"https:\/\/orsolinesmvarallo.org\/es\/wp-json\/wp\/v2\/posts\/6263\/revisions"}],"predecessor-version":[{"id":6278,"href":"https:\/\/orsolinesmvarallo.org\/es\/wp-json\/wp\/v2\/posts\/6263\/revisions\/6278"}],"wp:attachment":[{"href":"https:\/\/orsolinesmvarallo.org\/es\/wp-json\/wp\/v2\/media?parent=6263"}],"wp:term":[{"taxonomy":"category","embeddable":true,"href":"https:\/\/orsolinesmvarallo.org\/es\/wp-json\/wp\/v2\/categories?post=6263"},{"taxonomy":"post_tag","embeddable":true,"href":"https:\/\/orsolinesmvarallo.org\/es\/wp-json\/wp\/v2\/tags?post=6263"}],"curies":[{"name":"wp","href":"https:\/\/api.w.org\/{rel}","templated":true}]}}