{"id":6289,"date":"2023-03-05T15:40:00","date_gmt":"2023-03-05T14:40:00","guid":{"rendered":"https:\/\/prueba2024.orsolinesmvarallo.org\/?p=6289"},"modified":"2025-03-20T15:16:49","modified_gmt":"2025-03-20T14:16:49","slug":"escuchar-a-jesus-para-conocernos-a-nosotros-mismos","status":"publish","type":"post","link":"https:\/\/orsolinesmvarallo.org\/es\/escuchar-a-jesus-para-conocernos-a-nosotros-mismos\/","title":{"rendered":"Escuchar a Jes\u00fas para conocernos a nosotros mismos."},"content":{"rendered":"<p><strong><em>&#8220;Porque en \u00e9l vivimos, nos movemos y existimos&#8221; (Hechos 17, 28).<\/em><\/strong><\/p>\n\n\n\n<p>El Papa Francisco nos dice que, a trav\u00e9s del maravilloso evento de la Transfiguraci\u00f3n, los tres disc\u00edpulos son llamados a reconocer en Jes\u00fas al Hijo de Dios resplandeciente de gloria. De este modo, avanzan en el conocimiento de su Maestro y comprenden que su aspecto humano no expresa toda su realidad. Ante sus ojos se revela su dimensi\u00f3n sobrenatural y divina. Desde lo alto resuena una voz que proclama: \u00abEste es mi Hijo amado [&#8230;]. Escuchadle\u00bb.<\/p>\n\n\n\n<p>El ser humano tampoco puede ser reducido a su apariencia externa. Jes\u00fas lleva a sus disc\u00edpulos al monte para mostrarles que existe un conocimiento m\u00e1s profundo, sobrenatural y trascendente de su persona. La experiencia que vivieron Pedro, Santiago y Juan no fue solo para ellos: tambi\u00e9n nosotros estamos llamados a vivirla. Quiere ense\u00f1arnos a no quedarnos en lo superficial, en la percepci\u00f3n que nos dictan nuestros sentidos o nuestras opiniones. Nos invita a adentrarnos en el conocimiento de las personas, en la intimidad de sus almas.<\/p>\n\n\n\n<h3 class=\"wp-block-heading\"><strong>El camino hacia el conocimiento del alma<\/strong><\/h3>\n\n\n\n<p>\u00bfC\u00f3mo llegamos a conocer el alma de los dem\u00e1s? Comenzando por el conocimiento propio. Orar es conocerse. S\u00ed, la oraci\u00f3n es la puerta para entrar en el &#8220;Castillo Interior&#8221;, como dec\u00eda Santa Teresa de Jes\u00fas. A trav\u00e9s de ella llegamos al verdadero conocimiento de Dios.<\/p>\n\n\n\n<p>Quienes buscamos a Dios debemos, antes que nada, trabajar en reconocernos a nosotros mismos:<\/p>\n\n\n\n<ul class=\"wp-block-list\">\n<li>\u00bfQu\u00e9 inclinaciones dominan nuestro coraz\u00f3n?<\/li>\n\n\n\n<li>\u00bfQu\u00e9 pensamientos ocupan nuestra mente?<\/li>\n\n\n\n<li>\u00bfQu\u00e9 obras reflejan nuestras acciones?<\/li>\n<\/ul>\n\n\n\n<p>De todo ello, lo bueno debemos hacerlo crecer y lo malo, arrancarlo de ra\u00edz.<\/p>\n\n\n\n<p>Al tomar conciencia de mis actos, entro en contacto conmigo mismo y descubro mi significado. Saber qui\u00e9n soy me permite reconocer mi valor. El Padre nos dice en el Evangelio: <em>&#8220;\u00c9ste es mi Hijo muy amado&#8221;<\/em>, y a cada uno de nosotros tambi\u00e9n nos lo susurra en el coraz\u00f3n: <em>&#8220;T\u00fa eres mi hijo amado, t\u00fa eres mi hija amada&#8221;<\/em>. Nos reconoce como sus hijos y nos exhorta a escuchar a Jes\u00fas. Este es el punto central para conocernos a la luz de la fe: escuchar al Se\u00f1or, prestar atenci\u00f3n a lo que nos dice a trav\u00e9s de su vida y de las Sagradas Escrituras.<\/p>\n\n\n\n<p>De esta manera, podremos unificar lo que sentimos, lo que pensamos y lo que vivimos, reflej\u00e1ndolo en nuestros actos de manera aut\u00e9ntica e integral.<\/p>\n\n\n\n<h3 class=\"wp-block-heading\"><strong>El examen de conciencia: un camino de luz<\/strong><\/h3>\n\n\n\n<p><em>&#8220;La tarea encomendada por la divinidad es el examen de s\u00ed mismo y de los dem\u00e1s para hallar el camino del saber y de la virtud.&#8221;<\/em> \u2013 S\u00f3crates<\/p>\n\n\n\n<p>En este momento de silencio, podemos hacernos algunas preguntas que nos ayuden a reconocernos ante el Se\u00f1or:<\/p>\n\n\n\n<ul class=\"wp-block-list\">\n<li>\u00bfManifiesto respeto y cari\u00f1o a mis familiares?<\/li>\n\n\n\n<li>\u00bfSoy amable con los extra\u00f1os, pero falto de amabilidad en mi familia o comunidad?<\/li>\n\n\n\n<li>\u00bfTengo paciencia?<\/li>\n\n\n\n<li>\u00bfPermito que el trabajo absorba el tiempo y la energ\u00eda que deber\u00eda dedicar a mis seres queridos?<\/li>\n\n\n\n<li>\u00bfDeseo el bien a los dem\u00e1s o albergo rencores y juicios cr\u00edticos?<\/li>\n\n\n\n<li>\u00bfHe sido violento, ya sea verbal o f\u00edsicamente?<\/li>\n\n\n\n<li>\u00bfHe dado mal ejemplo a quienes me rodean?<\/li>\n\n\n\n<li>\u00bfCorrijo con c\u00f3lera o injustamente?<\/li>\n\n\n\n<li>\u00bfCuido mi salud?<\/li>\n\n\n\n<li>\u00bfSoy honesto en mis acciones y palabras?<\/li>\n\n\n\n<li>\u00bfHe buscado mi comodidad personal olvidando mis responsabilidades?<\/li>\n\n\n\n<li>\u00bfHe descubierto defectos ajenos sin justa causa?<\/li>\n\n\n\n<li>\u00bfHe hablado o pensado mal de otros?<\/li>\n<\/ul>\n\n\n\n<p>Se\u00f1or, a pesar de que muchas de mis respuestas sean afirmativas, T\u00fa me sigues amando y me muestras tu infinita misericordia. Me llamas <em>hijo\/a amado\/a<\/em> y quieres complacerte en m\u00ed. Conoces que mi debilidad y mi ignorancia muchas veces han sido m\u00e1s fuertes que mi voluntad.<\/p>\n\n\n\n<p>Por eso, te pido que derrames tu Esp\u00edritu Santo sobre m\u00ed, para que pueda reflejar tu santidad en mi vida. Que crezca en el conocimiento propio y, alg\u00fan d\u00eda, alcance el conocimiento de la Verdad Plena: el conocimiento de tu rostro. Am\u00e9n.<\/p>","protected":false},"excerpt":{"rendered":"<p>&#8220;Porque en \u00e9l vivimos, nos movemos y existimos&#8221; (Hechos 17, 28). El Papa Francisco nos dice&#8230;<\/p>","protected":false},"author":3,"featured_media":0,"comment_status":"open","ping_status":"open","sticky":false,"template":"","format":"standard","meta":{"_eb_attr":"","_kadence_starter_templates_imported_post":false,"_kad_post_transparent":"","_kad_post_title":"","_kad_post_layout":"","_kad_post_sidebar_id":"","_kad_post_content_style":"","_kad_post_vertical_padding":"","_kad_post_feature":"","_kad_post_feature_position":"","_kad_post_header":false,"_kad_post_footer":false,"footnotes":""},"categories":[44],"tags":[],"class_list":["post-6289","post","type-post","status-publish","format-standard","hentry","category-meditaciones"],"yoast_head":"<!-- This site is optimized with the Yoast SEO plugin v24.8.1 - https:\/\/yoast.com\/wordpress\/plugins\/seo\/ -->\n<title>Escuchar a Jes\u00fas para conocernos a nosotros mismos. - OSMV<\/title>\n<meta name=\"robots\" content=\"index, follow, max-snippet:-1, max-image-preview:large, max-video-preview:-1\" \/>\n<link rel=\"canonical\" href=\"https:\/\/orsolinesmvarallo.org\/es\/escuchar-a-jesus-para-conocernos-a-nosotros-mismos\/\" \/>\n<meta property=\"og:locale\" content=\"es_ES\" \/>\n<meta property=\"og:type\" content=\"article\" \/>\n<meta property=\"og:title\" content=\"Escuchar a Jes\u00fas para conocernos a nosotros mismos. - OSMV\" \/>\n<meta property=\"og:description\" content=\"&#8220;Porque en \u00e9l vivimos, nos movemos y existimos&#8221; (Hechos 17, 28). El Papa Francisco nos dice...\" \/>\n<meta property=\"og:url\" content=\"https:\/\/orsolinesmvarallo.org\/es\/escuchar-a-jesus-para-conocernos-a-nosotros-mismos\/\" \/>\n<meta property=\"og:site_name\" content=\"OSMV\" \/>\n<meta property=\"article:published_time\" content=\"2023-03-05T14:40:00+00:00\" \/>\n<meta property=\"article:modified_time\" content=\"2025-03-20T14:16:49+00:00\" \/>\n<meta name=\"author\" content=\"Stephanie Chiu\" \/>\n<meta name=\"twitter:card\" content=\"summary_large_image\" \/>\n<meta name=\"twitter:label1\" content=\"Escrito por\" \/>\n\t<meta name=\"twitter:data1\" content=\"Stephanie Chiu\" \/>\n\t<meta name=\"twitter:label2\" content=\"Tiempo de lectura\" \/>\n\t<meta name=\"twitter:data2\" content=\"3 minutos\" \/>\n<script type=\"application\/ld+json\" class=\"yoast-schema-graph\">{\"@context\":\"https:\/\/schema.org\",\"@graph\":[{\"@type\":\"Article\",\"@id\":\"https:\/\/orsolinesmvarallo.org\/escuchar-a-jesus-para-conocernos-a-nosotros-mismos\/#article\",\"isPartOf\":{\"@id\":\"https:\/\/orsolinesmvarallo.org\/escuchar-a-jesus-para-conocernos-a-nosotros-mismos\/\"},\"author\":{\"name\":\"Stephanie Chiu\",\"@id\":\"https:\/\/orsolinesmvarallo.org\/es\/#\/schema\/person\/43f72d3f802f865bd12208e84b86afbf\"},\"headline\":\"Escuchar a Jes\u00fas para conocernos a nosotros mismos.\",\"datePublished\":\"2023-03-05T14:40:00+00:00\",\"dateModified\":\"2025-03-20T14:16:49+00:00\",\"mainEntityOfPage\":{\"@id\":\"https:\/\/orsolinesmvarallo.org\/escuchar-a-jesus-para-conocernos-a-nosotros-mismos\/\"},\"wordCount\":694,\"commentCount\":0,\"publisher\":{\"@id\":\"https:\/\/orsolinesmvarallo.org\/es\/#organization\"},\"articleSection\":[\"Meditaciones\"],\"inLanguage\":\"es\",\"potentialAction\":[{\"@type\":\"CommentAction\",\"name\":\"Comment\",\"target\":[\"https:\/\/orsolinesmvarallo.org\/escuchar-a-jesus-para-conocernos-a-nosotros-mismos\/#respond\"]}]},{\"@type\":\"WebPage\",\"@id\":\"https:\/\/orsolinesmvarallo.org\/escuchar-a-jesus-para-conocernos-a-nosotros-mismos\/\",\"url\":\"https:\/\/orsolinesmvarallo.org\/escuchar-a-jesus-para-conocernos-a-nosotros-mismos\/\",\"name\":\"Escuchar a Jes\u00fas para conocernos a nosotros mismos. - OSMV\",\"isPartOf\":{\"@id\":\"https:\/\/orsolinesmvarallo.org\/es\/#website\"},\"datePublished\":\"2023-03-05T14:40:00+00:00\",\"dateModified\":\"2025-03-20T14:16:49+00:00\",\"breadcrumb\":{\"@id\":\"https:\/\/orsolinesmvarallo.org\/escuchar-a-jesus-para-conocernos-a-nosotros-mismos\/#breadcrumb\"},\"inLanguage\":\"es\",\"potentialAction\":[{\"@type\":\"ReadAction\",\"target\":[\"https:\/\/orsolinesmvarallo.org\/escuchar-a-jesus-para-conocernos-a-nosotros-mismos\/\"]}]},{\"@type\":\"BreadcrumbList\",\"@id\":\"https:\/\/orsolinesmvarallo.org\/escuchar-a-jesus-para-conocernos-a-nosotros-mismos\/#breadcrumb\",\"itemListElement\":[{\"@type\":\"ListItem\",\"position\":1,\"name\":\"Portada\",\"item\":\"https:\/\/orsolinesmvarallo.org\/\"},{\"@type\":\"ListItem\",\"position\":2,\"name\":\"Escuchar a Jes\u00fas para conocernos a nosotros mismos.\"}]},{\"@type\":\"WebSite\",\"@id\":\"https:\/\/orsolinesmvarallo.org\/es\/#website\",\"url\":\"https:\/\/orsolinesmvarallo.org\/es\/\",\"name\":\"OSMV\",\"description\":\"Suore Orsoline Sacro Monte di Varallo\",\"publisher\":{\"@id\":\"https:\/\/orsolinesmvarallo.org\/es\/#organization\"},\"potentialAction\":[{\"@type\":\"SearchAction\",\"target\":{\"@type\":\"EntryPoint\",\"urlTemplate\":\"https:\/\/orsolinesmvarallo.org\/es\/?s={search_term_string}\"},\"query-input\":{\"@type\":\"PropertyValueSpecification\",\"valueRequired\":true,\"valueName\":\"search_term_string\"}}],\"inLanguage\":\"es\"},{\"@type\":\"Organization\",\"@id\":\"https:\/\/orsolinesmvarallo.org\/es\/#organization\",\"name\":\"OSMV\",\"url\":\"https:\/\/orsolinesmvarallo.org\/es\/\",\"logo\":{\"@type\":\"ImageObject\",\"inLanguage\":\"es\",\"@id\":\"https:\/\/orsolinesmvarallo.org\/es\/#\/schema\/logo\/image\/\",\"url\":\"https:\/\/orsolinesmvarallo.org\/wp-content\/uploads\/2024\/12\/cropped-logoeuca-blanco.png\",\"contentUrl\":\"https:\/\/orsolinesmvarallo.org\/wp-content\/uploads\/2024\/12\/cropped-logoeuca-blanco.png\",\"width\":772,\"height\":742,\"caption\":\"OSMV\"},\"image\":{\"@id\":\"https:\/\/orsolinesmvarallo.org\/es\/#\/schema\/logo\/image\/\"}},{\"@type\":\"Person\",\"@id\":\"https:\/\/orsolinesmvarallo.org\/es\/#\/schema\/person\/43f72d3f802f865bd12208e84b86afbf\",\"name\":\"Stephanie Chiu\",\"image\":{\"@type\":\"ImageObject\",\"inLanguage\":\"es\",\"@id\":\"https:\/\/orsolinesmvarallo.org\/es\/#\/schema\/person\/image\/\",\"url\":\"https:\/\/secure.gravatar.com\/avatar\/600d05f406a8a52669b6ba9c1cb1a2a1?s=96&d=mm&r=g\",\"contentUrl\":\"https:\/\/secure.gravatar.com\/avatar\/600d05f406a8a52669b6ba9c1cb1a2a1?s=96&d=mm&r=g\",\"caption\":\"Stephanie Chiu\"},\"url\":\"https:\/\/orsolinesmvarallo.org\/es\/author\/stephanie\/\"}]}<\/script>\n<!-- \/ Yoast SEO plugin. -->","yoast_head_json":{"title":"Escuchar a Jes\u00fas para conocernos a nosotros mismos. - OSMV","robots":{"index":"index","follow":"follow","max-snippet":"max-snippet:-1","max-image-preview":"max-image-preview:large","max-video-preview":"max-video-preview:-1"},"canonical":"https:\/\/orsolinesmvarallo.org\/es\/escuchar-a-jesus-para-conocernos-a-nosotros-mismos\/","og_locale":"es_ES","og_type":"article","og_title":"Escuchar a Jes\u00fas para conocernos a nosotros mismos. - OSMV","og_description":"&#8220;Porque en \u00e9l vivimos, nos movemos y existimos&#8221; (Hechos 17, 28). El Papa Francisco nos dice...","og_url":"https:\/\/orsolinesmvarallo.org\/es\/escuchar-a-jesus-para-conocernos-a-nosotros-mismos\/","og_site_name":"OSMV","article_published_time":"2023-03-05T14:40:00+00:00","article_modified_time":"2025-03-20T14:16:49+00:00","author":"Stephanie Chiu","twitter_card":"summary_large_image","twitter_misc":{"Escrito por":"Stephanie Chiu","Tiempo de lectura":"3 minutos"},"schema":{"@context":"https:\/\/schema.org","@graph":[{"@type":"Article","@id":"https:\/\/orsolinesmvarallo.org\/escuchar-a-jesus-para-conocernos-a-nosotros-mismos\/#article","isPartOf":{"@id":"https:\/\/orsolinesmvarallo.org\/escuchar-a-jesus-para-conocernos-a-nosotros-mismos\/"},"author":{"name":"Stephanie Chiu","@id":"https:\/\/orsolinesmvarallo.org\/es\/#\/schema\/person\/43f72d3f802f865bd12208e84b86afbf"},"headline":"Escuchar a Jes\u00fas para conocernos a nosotros mismos.","datePublished":"2023-03-05T14:40:00+00:00","dateModified":"2025-03-20T14:16:49+00:00","mainEntityOfPage":{"@id":"https:\/\/orsolinesmvarallo.org\/escuchar-a-jesus-para-conocernos-a-nosotros-mismos\/"},"wordCount":694,"commentCount":0,"publisher":{"@id":"https:\/\/orsolinesmvarallo.org\/es\/#organization"},"articleSection":["Meditaciones"],"inLanguage":"es","potentialAction":[{"@type":"CommentAction","name":"Comment","target":["https:\/\/orsolinesmvarallo.org\/escuchar-a-jesus-para-conocernos-a-nosotros-mismos\/#respond"]}]},{"@type":"WebPage","@id":"https:\/\/orsolinesmvarallo.org\/escuchar-a-jesus-para-conocernos-a-nosotros-mismos\/","url":"https:\/\/orsolinesmvarallo.org\/escuchar-a-jesus-para-conocernos-a-nosotros-mismos\/","name":"Escuchar a Jes\u00fas para conocernos a nosotros mismos. - OSMV","isPartOf":{"@id":"https:\/\/orsolinesmvarallo.org\/es\/#website"},"datePublished":"2023-03-05T14:40:00+00:00","dateModified":"2025-03-20T14:16:49+00:00","breadcrumb":{"@id":"https:\/\/orsolinesmvarallo.org\/escuchar-a-jesus-para-conocernos-a-nosotros-mismos\/#breadcrumb"},"inLanguage":"es","potentialAction":[{"@type":"ReadAction","target":["https:\/\/orsolinesmvarallo.org\/escuchar-a-jesus-para-conocernos-a-nosotros-mismos\/"]}]},{"@type":"BreadcrumbList","@id":"https:\/\/orsolinesmvarallo.org\/escuchar-a-jesus-para-conocernos-a-nosotros-mismos\/#breadcrumb","itemListElement":[{"@type":"ListItem","position":1,"name":"Portada","item":"https:\/\/orsolinesmvarallo.org\/"},{"@type":"ListItem","position":2,"name":"Escuchar a Jes\u00fas para conocernos a nosotros mismos."}]},{"@type":"WebSite","@id":"https:\/\/orsolinesmvarallo.org\/es\/#website","url":"https:\/\/orsolinesmvarallo.org\/es\/","name":"OSMV","description":"Suore Orsoline Sacro Monte di Varallo","publisher":{"@id":"https:\/\/orsolinesmvarallo.org\/es\/#organization"},"potentialAction":[{"@type":"SearchAction","target":{"@type":"EntryPoint","urlTemplate":"https:\/\/orsolinesmvarallo.org\/es\/?s={search_term_string}"},"query-input":{"@type":"PropertyValueSpecification","valueRequired":true,"valueName":"search_term_string"}}],"inLanguage":"es"},{"@type":"Organization","@id":"https:\/\/orsolinesmvarallo.org\/es\/#organization","name":"OSMV","url":"https:\/\/orsolinesmvarallo.org\/es\/","logo":{"@type":"ImageObject","inLanguage":"es","@id":"https:\/\/orsolinesmvarallo.org\/es\/#\/schema\/logo\/image\/","url":"https:\/\/orsolinesmvarallo.org\/wp-content\/uploads\/2024\/12\/cropped-logoeuca-blanco.png","contentUrl":"https:\/\/orsolinesmvarallo.org\/wp-content\/uploads\/2024\/12\/cropped-logoeuca-blanco.png","width":772,"height":742,"caption":"OSMV"},"image":{"@id":"https:\/\/orsolinesmvarallo.org\/es\/#\/schema\/logo\/image\/"}},{"@type":"Person","@id":"https:\/\/orsolinesmvarallo.org\/es\/#\/schema\/person\/43f72d3f802f865bd12208e84b86afbf","name":"Stephanie Chiu","image":{"@type":"ImageObject","inLanguage":"es","@id":"https:\/\/orsolinesmvarallo.org\/es\/#\/schema\/person\/image\/","url":"https:\/\/secure.gravatar.com\/avatar\/600d05f406a8a52669b6ba9c1cb1a2a1?s=96&d=mm&r=g","contentUrl":"https:\/\/secure.gravatar.com\/avatar\/600d05f406a8a52669b6ba9c1cb1a2a1?s=96&d=mm&r=g","caption":"Stephanie Chiu"},"url":"https:\/\/orsolinesmvarallo.org\/es\/author\/stephanie\/"}]}},"jetpack_featured_media_url":"","_links":{"self":[{"href":"https:\/\/orsolinesmvarallo.org\/es\/wp-json\/wp\/v2\/posts\/6289","targetHints":{"allow":["GET"]}}],"collection":[{"href":"https:\/\/orsolinesmvarallo.org\/es\/wp-json\/wp\/v2\/posts"}],"about":[{"href":"https:\/\/orsolinesmvarallo.org\/es\/wp-json\/wp\/v2\/types\/post"}],"author":[{"embeddable":true,"href":"https:\/\/orsolinesmvarallo.org\/es\/wp-json\/wp\/v2\/users\/3"}],"replies":[{"embeddable":true,"href":"https:\/\/orsolinesmvarallo.org\/es\/wp-json\/wp\/v2\/comments?post=6289"}],"version-history":[{"count":2,"href":"https:\/\/orsolinesmvarallo.org\/es\/wp-json\/wp\/v2\/posts\/6289\/revisions"}],"predecessor-version":[{"id":6387,"href":"https:\/\/orsolinesmvarallo.org\/es\/wp-json\/wp\/v2\/posts\/6289\/revisions\/6387"}],"wp:attachment":[{"href":"https:\/\/orsolinesmvarallo.org\/es\/wp-json\/wp\/v2\/media?parent=6289"}],"wp:term":[{"taxonomy":"category","embeddable":true,"href":"https:\/\/orsolinesmvarallo.org\/es\/wp-json\/wp\/v2\/categories?post=6289"},{"taxonomy":"post_tag","embeddable":true,"href":"https:\/\/orsolinesmvarallo.org\/es\/wp-json\/wp\/v2\/tags?post=6289"}],"curies":[{"name":"wp","href":"https:\/\/api.w.org\/{rel}","templated":true}]}}