{"id":6291,"date":"2023-05-04T15:44:00","date_gmt":"2023-05-04T13:44:00","guid":{"rendered":"https:\/\/prueba2024.orsolinesmvarallo.org\/?p=6291"},"modified":"2025-03-20T15:16:41","modified_gmt":"2025-03-20T14:16:41","slug":"llamados-a-ser-cristianos-un-encuentro-que-transforma-la-vida","status":"publish","type":"post","link":"https:\/\/orsolinesmvarallo.org\/es\/llamados-a-ser-cristianos-un-encuentro-que-transforma-la-vida\/","title":{"rendered":"Llamados a ser cristianos: Un encuentro que transforma la vida."},"content":{"rendered":"<p><strong>\u201cNo me hab\u00e9is elegido vosotros a m\u00ed, sino que yo os eleg\u00ed a vosotros\u201d (Juan 15, 16).<\/strong><\/p>\n\n\n\n<p>La vocaci\u00f3n cristiana es un don de Dios, un regalo que cada uno debe decidir si acoge o no. Luis Rosales, poeta espa\u00f1ol, afirmaba: <em>&#8220;Quien no sabe que ha heredado la fe, no puede ser santo&#8221;<\/em>. Es decir, si no comprendemos que nuestra vocaci\u00f3n es un llamado a ser hijos de Dios, a ser cristianos, y que \u00c9l quiere regalarnos el don precioso de la santidad, nunca podremos decidir conscientemente si queremos aceptarlo.<\/p>\n\n\n\n<p>Cuando uno conoce de verdad, ese conocimiento llena el coraz\u00f3n y lo colma. Dios nos invita a entrar en relaci\u00f3n con \u00c9l a trav\u00e9s de un ejercicio cotidiano: partir de lo que ya conocemos y estar abiertos a la revelaci\u00f3n de la belleza.<\/p>\n\n\n\n<p>El Papa Benedicto XVI, en <em>Deus Caritas Est<\/em> #1, nos dice:<br><em>&#8220;No se comienza a ser cristiano por una decisi\u00f3n \u00e9tica o una gran idea, sino por el encuentro con un acontecimiento, con una Persona, que da un nuevo horizonte a mi vida y, con ello, una orientaci\u00f3n decisiva&#8221;.<\/em><\/p>\n\n\n\n<h3 class=\"wp-block-heading\"><strong>Cristianismo: M\u00e1s que una doctrina, un encuentro<\/strong><\/h3>\n\n\n\n<p>El cristianismo no es una simple doctrina, ideolog\u00eda o visi\u00f3n de la vida. No es solo una \u00e9tica. Como se\u00f1ala Ratzinger:<br><em>&#8220;Jes\u00fas no ha dejado detr\u00e1s de s\u00ed una doctrina que fuese distinta de su yo, como si nos hubiese dejado una colecci\u00f3n de grandes frases. La persona de Jes\u00fas es su doctrina, su doctrina es \u00c9l mismo&#8221;.<\/em><\/p>\n\n\n\n<p>Aqu\u00ed es donde puede surgir nuestra rebeli\u00f3n: estamos m\u00e1s dispuestos a someternos a una ley que a una persona. Nos incomoda la idea de depender de otro, especialmente en un mundo donde el \u201cyo\u201d es el centro de todo. En nuestra \u00e9poca, el relativismo nos dice que todos los puntos de vista son igualmente v\u00e1lidos: <em>&#8220;mi verdad&#8221;, &#8220;mi felicidad&#8221;, &#8220;mi comodidad&#8221;<\/em>. En esta mentalidad, hasta las verdades que nos trascienden son infravaloradas.<\/p>\n\n\n\n<p>El ser humano moderno busca ser autosuficiente, un <em>superhombre<\/em> que no quiere depender de nadie. Sin embargo, parad\u00f3jicamente, se postra ante el dinero, la ciencia, las redes sociales y muchas otras cosas.<\/p>\n\n\n\n<h3 class=\"wp-block-heading\"><strong>La fe: Un abandono total en Dios<\/strong><\/h3>\n\n\n\n<p>La fe nos llama a una entrega total, a confiar plenamente en Dios y darle toda nuestra persona. Surge de la escucha de su revelaci\u00f3n, porque quien nos habla es el fundamento de todo lo que existe. Por eso, esta escucha nos exige una entrega absoluta.<\/p>\n\n\n\n<p>Nuestra relaci\u00f3n con Dios es \u00fanica: nos pide la entrega total, m\u00e1s que cualquier otra relaci\u00f3n humana. Jes\u00fas no se presenta como un simple maestro al que imitar, sino como alguien con quien debemos entrar en relaci\u00f3n, alguien por quien debemos decidirnos.<\/p>\n\n\n\n<p>Nos interpela a tomar una decisi\u00f3n: adherirnos a \u00c9l y vivir en una nueva realidad, su Cuerpo, la Iglesia. Nuestra salvaci\u00f3n depende de esta decisi\u00f3n de entrar en relaci\u00f3n con Jes\u00fas.<\/p>\n\n\n\n<h3 class=\"wp-block-heading\"><strong>\u00a1La salvaci\u00f3n comienza aqu\u00ed y ahora!<\/strong><\/h3>\n\n\n\n<p>No es algo lejano o abstracto. Es hoy, en este momento, cuando Dios nos llama a responderle. \u00bfEstamos dispuestos a acoger el don de su amor y decirle <em>s\u00ed<\/em>?<\/p>","protected":false},"excerpt":{"rendered":"<p>\u201cNo me hab\u00e9is elegido vosotros a m\u00ed, sino que yo os eleg\u00ed a vosotros\u201d (Juan 15,&#8230;<\/p>","protected":false},"author":3,"featured_media":0,"comment_status":"open","ping_status":"open","sticky":false,"template":"","format":"standard","meta":{"_eb_attr":"","_kadence_starter_templates_imported_post":false,"_kad_post_transparent":"","_kad_post_title":"","_kad_post_layout":"","_kad_post_sidebar_id":"","_kad_post_content_style":"","_kad_post_vertical_padding":"","_kad_post_feature":"","_kad_post_feature_position":"","_kad_post_header":false,"_kad_post_footer":false,"footnotes":""},"categories":[44],"tags":[],"class_list":["post-6291","post","type-post","status-publish","format-standard","hentry","category-meditaciones"],"yoast_head":"<!-- This site is optimized with the Yoast SEO plugin v24.8.1 - https:\/\/yoast.com\/wordpress\/plugins\/seo\/ -->\n<title>Llamados a ser cristianos: Un encuentro que transforma la vida. - OSMV<\/title>\n<meta name=\"robots\" content=\"index, follow, max-snippet:-1, max-image-preview:large, max-video-preview:-1\" \/>\n<link rel=\"canonical\" href=\"https:\/\/orsolinesmvarallo.org\/es\/llamados-a-ser-cristianos-un-encuentro-que-transforma-la-vida\/\" \/>\n<meta property=\"og:locale\" content=\"es_ES\" \/>\n<meta property=\"og:type\" content=\"article\" \/>\n<meta property=\"og:title\" content=\"Llamados a ser cristianos: Un encuentro que transforma la vida. - OSMV\" \/>\n<meta property=\"og:description\" content=\"\u201cNo me hab\u00e9is elegido vosotros a m\u00ed, sino que yo os eleg\u00ed a vosotros\u201d (Juan 15,...\" \/>\n<meta property=\"og:url\" content=\"https:\/\/orsolinesmvarallo.org\/es\/llamados-a-ser-cristianos-un-encuentro-que-transforma-la-vida\/\" \/>\n<meta property=\"og:site_name\" content=\"OSMV\" \/>\n<meta property=\"article:published_time\" content=\"2023-05-04T13:44:00+00:00\" \/>\n<meta property=\"article:modified_time\" content=\"2025-03-20T14:16:41+00:00\" \/>\n<meta name=\"author\" content=\"Stephanie Chiu\" \/>\n<meta name=\"twitter:card\" content=\"summary_large_image\" \/>\n<meta name=\"twitter:label1\" content=\"Escrito por\" \/>\n\t<meta name=\"twitter:data1\" content=\"Stephanie Chiu\" \/>\n\t<meta name=\"twitter:label2\" content=\"Tiempo de lectura\" \/>\n\t<meta name=\"twitter:data2\" content=\"3 minutos\" \/>\n<script type=\"application\/ld+json\" class=\"yoast-schema-graph\">{\"@context\":\"https:\/\/schema.org\",\"@graph\":[{\"@type\":\"Article\",\"@id\":\"https:\/\/orsolinesmvarallo.org\/llamados-a-ser-cristianos-un-encuentro-que-transforma-la-vida\/#article\",\"isPartOf\":{\"@id\":\"https:\/\/orsolinesmvarallo.org\/llamados-a-ser-cristianos-un-encuentro-que-transforma-la-vida\/\"},\"author\":{\"name\":\"Stephanie Chiu\",\"@id\":\"https:\/\/orsolinesmvarallo.org\/es\/#\/schema\/person\/43f72d3f802f865bd12208e84b86afbf\"},\"headline\":\"Llamados a ser cristianos: Un encuentro que transforma la vida.\",\"datePublished\":\"2023-05-04T13:44:00+00:00\",\"dateModified\":\"2025-03-20T14:16:41+00:00\",\"mainEntityOfPage\":{\"@id\":\"https:\/\/orsolinesmvarallo.org\/llamados-a-ser-cristianos-un-encuentro-que-transforma-la-vida\/\"},\"wordCount\":553,\"commentCount\":0,\"publisher\":{\"@id\":\"https:\/\/orsolinesmvarallo.org\/es\/#organization\"},\"articleSection\":[\"Meditaciones\"],\"inLanguage\":\"es\",\"potentialAction\":[{\"@type\":\"CommentAction\",\"name\":\"Comment\",\"target\":[\"https:\/\/orsolinesmvarallo.org\/llamados-a-ser-cristianos-un-encuentro-que-transforma-la-vida\/#respond\"]}]},{\"@type\":\"WebPage\",\"@id\":\"https:\/\/orsolinesmvarallo.org\/llamados-a-ser-cristianos-un-encuentro-que-transforma-la-vida\/\",\"url\":\"https:\/\/orsolinesmvarallo.org\/llamados-a-ser-cristianos-un-encuentro-que-transforma-la-vida\/\",\"name\":\"Llamados a ser cristianos: Un encuentro que transforma la vida. - OSMV\",\"isPartOf\":{\"@id\":\"https:\/\/orsolinesmvarallo.org\/es\/#website\"},\"datePublished\":\"2023-05-04T13:44:00+00:00\",\"dateModified\":\"2025-03-20T14:16:41+00:00\",\"breadcrumb\":{\"@id\":\"https:\/\/orsolinesmvarallo.org\/llamados-a-ser-cristianos-un-encuentro-que-transforma-la-vida\/#breadcrumb\"},\"inLanguage\":\"es\",\"potentialAction\":[{\"@type\":\"ReadAction\",\"target\":[\"https:\/\/orsolinesmvarallo.org\/llamados-a-ser-cristianos-un-encuentro-que-transforma-la-vida\/\"]}]},{\"@type\":\"BreadcrumbList\",\"@id\":\"https:\/\/orsolinesmvarallo.org\/llamados-a-ser-cristianos-un-encuentro-que-transforma-la-vida\/#breadcrumb\",\"itemListElement\":[{\"@type\":\"ListItem\",\"position\":1,\"name\":\"Portada\",\"item\":\"https:\/\/orsolinesmvarallo.org\/\"},{\"@type\":\"ListItem\",\"position\":2,\"name\":\"Llamados a ser cristianos: Un encuentro que transforma la vida.\"}]},{\"@type\":\"WebSite\",\"@id\":\"https:\/\/orsolinesmvarallo.org\/es\/#website\",\"url\":\"https:\/\/orsolinesmvarallo.org\/es\/\",\"name\":\"OSMV\",\"description\":\"Suore Orsoline Sacro Monte di Varallo\",\"publisher\":{\"@id\":\"https:\/\/orsolinesmvarallo.org\/es\/#organization\"},\"potentialAction\":[{\"@type\":\"SearchAction\",\"target\":{\"@type\":\"EntryPoint\",\"urlTemplate\":\"https:\/\/orsolinesmvarallo.org\/es\/?s={search_term_string}\"},\"query-input\":{\"@type\":\"PropertyValueSpecification\",\"valueRequired\":true,\"valueName\":\"search_term_string\"}}],\"inLanguage\":\"es\"},{\"@type\":\"Organization\",\"@id\":\"https:\/\/orsolinesmvarallo.org\/es\/#organization\",\"name\":\"OSMV\",\"url\":\"https:\/\/orsolinesmvarallo.org\/es\/\",\"logo\":{\"@type\":\"ImageObject\",\"inLanguage\":\"es\",\"@id\":\"https:\/\/orsolinesmvarallo.org\/es\/#\/schema\/logo\/image\/\",\"url\":\"https:\/\/orsolinesmvarallo.org\/wp-content\/uploads\/2024\/12\/cropped-logoeuca-blanco.png\",\"contentUrl\":\"https:\/\/orsolinesmvarallo.org\/wp-content\/uploads\/2024\/12\/cropped-logoeuca-blanco.png\",\"width\":772,\"height\":742,\"caption\":\"OSMV\"},\"image\":{\"@id\":\"https:\/\/orsolinesmvarallo.org\/es\/#\/schema\/logo\/image\/\"}},{\"@type\":\"Person\",\"@id\":\"https:\/\/orsolinesmvarallo.org\/es\/#\/schema\/person\/43f72d3f802f865bd12208e84b86afbf\",\"name\":\"Stephanie Chiu\",\"image\":{\"@type\":\"ImageObject\",\"inLanguage\":\"es\",\"@id\":\"https:\/\/orsolinesmvarallo.org\/es\/#\/schema\/person\/image\/\",\"url\":\"https:\/\/secure.gravatar.com\/avatar\/600d05f406a8a52669b6ba9c1cb1a2a1?s=96&d=mm&r=g\",\"contentUrl\":\"https:\/\/secure.gravatar.com\/avatar\/600d05f406a8a52669b6ba9c1cb1a2a1?s=96&d=mm&r=g\",\"caption\":\"Stephanie Chiu\"},\"url\":\"https:\/\/orsolinesmvarallo.org\/es\/author\/stephanie\/\"}]}<\/script>\n<!-- \/ Yoast SEO plugin. -->","yoast_head_json":{"title":"Llamados a ser cristianos: Un encuentro que transforma la vida. - OSMV","robots":{"index":"index","follow":"follow","max-snippet":"max-snippet:-1","max-image-preview":"max-image-preview:large","max-video-preview":"max-video-preview:-1"},"canonical":"https:\/\/orsolinesmvarallo.org\/es\/llamados-a-ser-cristianos-un-encuentro-que-transforma-la-vida\/","og_locale":"es_ES","og_type":"article","og_title":"Llamados a ser cristianos: Un encuentro que transforma la vida. - OSMV","og_description":"\u201cNo me hab\u00e9is elegido vosotros a m\u00ed, sino que yo os eleg\u00ed a vosotros\u201d (Juan 15,...","og_url":"https:\/\/orsolinesmvarallo.org\/es\/llamados-a-ser-cristianos-un-encuentro-que-transforma-la-vida\/","og_site_name":"OSMV","article_published_time":"2023-05-04T13:44:00+00:00","article_modified_time":"2025-03-20T14:16:41+00:00","author":"Stephanie Chiu","twitter_card":"summary_large_image","twitter_misc":{"Escrito por":"Stephanie Chiu","Tiempo de lectura":"3 minutos"},"schema":{"@context":"https:\/\/schema.org","@graph":[{"@type":"Article","@id":"https:\/\/orsolinesmvarallo.org\/llamados-a-ser-cristianos-un-encuentro-que-transforma-la-vida\/#article","isPartOf":{"@id":"https:\/\/orsolinesmvarallo.org\/llamados-a-ser-cristianos-un-encuentro-que-transforma-la-vida\/"},"author":{"name":"Stephanie Chiu","@id":"https:\/\/orsolinesmvarallo.org\/es\/#\/schema\/person\/43f72d3f802f865bd12208e84b86afbf"},"headline":"Llamados a ser cristianos: Un encuentro que transforma la vida.","datePublished":"2023-05-04T13:44:00+00:00","dateModified":"2025-03-20T14:16:41+00:00","mainEntityOfPage":{"@id":"https:\/\/orsolinesmvarallo.org\/llamados-a-ser-cristianos-un-encuentro-que-transforma-la-vida\/"},"wordCount":553,"commentCount":0,"publisher":{"@id":"https:\/\/orsolinesmvarallo.org\/es\/#organization"},"articleSection":["Meditaciones"],"inLanguage":"es","potentialAction":[{"@type":"CommentAction","name":"Comment","target":["https:\/\/orsolinesmvarallo.org\/llamados-a-ser-cristianos-un-encuentro-que-transforma-la-vida\/#respond"]}]},{"@type":"WebPage","@id":"https:\/\/orsolinesmvarallo.org\/llamados-a-ser-cristianos-un-encuentro-que-transforma-la-vida\/","url":"https:\/\/orsolinesmvarallo.org\/llamados-a-ser-cristianos-un-encuentro-que-transforma-la-vida\/","name":"Llamados a ser cristianos: Un encuentro que transforma la vida. - OSMV","isPartOf":{"@id":"https:\/\/orsolinesmvarallo.org\/es\/#website"},"datePublished":"2023-05-04T13:44:00+00:00","dateModified":"2025-03-20T14:16:41+00:00","breadcrumb":{"@id":"https:\/\/orsolinesmvarallo.org\/llamados-a-ser-cristianos-un-encuentro-que-transforma-la-vida\/#breadcrumb"},"inLanguage":"es","potentialAction":[{"@type":"ReadAction","target":["https:\/\/orsolinesmvarallo.org\/llamados-a-ser-cristianos-un-encuentro-que-transforma-la-vida\/"]}]},{"@type":"BreadcrumbList","@id":"https:\/\/orsolinesmvarallo.org\/llamados-a-ser-cristianos-un-encuentro-que-transforma-la-vida\/#breadcrumb","itemListElement":[{"@type":"ListItem","position":1,"name":"Portada","item":"https:\/\/orsolinesmvarallo.org\/"},{"@type":"ListItem","position":2,"name":"Llamados a ser cristianos: Un encuentro que transforma la vida."}]},{"@type":"WebSite","@id":"https:\/\/orsolinesmvarallo.org\/es\/#website","url":"https:\/\/orsolinesmvarallo.org\/es\/","name":"OSMV","description":"Suore Orsoline Sacro Monte di Varallo","publisher":{"@id":"https:\/\/orsolinesmvarallo.org\/es\/#organization"},"potentialAction":[{"@type":"SearchAction","target":{"@type":"EntryPoint","urlTemplate":"https:\/\/orsolinesmvarallo.org\/es\/?s={search_term_string}"},"query-input":{"@type":"PropertyValueSpecification","valueRequired":true,"valueName":"search_term_string"}}],"inLanguage":"es"},{"@type":"Organization","@id":"https:\/\/orsolinesmvarallo.org\/es\/#organization","name":"OSMV","url":"https:\/\/orsolinesmvarallo.org\/es\/","logo":{"@type":"ImageObject","inLanguage":"es","@id":"https:\/\/orsolinesmvarallo.org\/es\/#\/schema\/logo\/image\/","url":"https:\/\/orsolinesmvarallo.org\/wp-content\/uploads\/2024\/12\/cropped-logoeuca-blanco.png","contentUrl":"https:\/\/orsolinesmvarallo.org\/wp-content\/uploads\/2024\/12\/cropped-logoeuca-blanco.png","width":772,"height":742,"caption":"OSMV"},"image":{"@id":"https:\/\/orsolinesmvarallo.org\/es\/#\/schema\/logo\/image\/"}},{"@type":"Person","@id":"https:\/\/orsolinesmvarallo.org\/es\/#\/schema\/person\/43f72d3f802f865bd12208e84b86afbf","name":"Stephanie Chiu","image":{"@type":"ImageObject","inLanguage":"es","@id":"https:\/\/orsolinesmvarallo.org\/es\/#\/schema\/person\/image\/","url":"https:\/\/secure.gravatar.com\/avatar\/600d05f406a8a52669b6ba9c1cb1a2a1?s=96&d=mm&r=g","contentUrl":"https:\/\/secure.gravatar.com\/avatar\/600d05f406a8a52669b6ba9c1cb1a2a1?s=96&d=mm&r=g","caption":"Stephanie Chiu"},"url":"https:\/\/orsolinesmvarallo.org\/es\/author\/stephanie\/"}]}},"jetpack_featured_media_url":"","_links":{"self":[{"href":"https:\/\/orsolinesmvarallo.org\/es\/wp-json\/wp\/v2\/posts\/6291","targetHints":{"allow":["GET"]}}],"collection":[{"href":"https:\/\/orsolinesmvarallo.org\/es\/wp-json\/wp\/v2\/posts"}],"about":[{"href":"https:\/\/orsolinesmvarallo.org\/es\/wp-json\/wp\/v2\/types\/post"}],"author":[{"embeddable":true,"href":"https:\/\/orsolinesmvarallo.org\/es\/wp-json\/wp\/v2\/users\/3"}],"replies":[{"embeddable":true,"href":"https:\/\/orsolinesmvarallo.org\/es\/wp-json\/wp\/v2\/comments?post=6291"}],"version-history":[{"count":4,"href":"https:\/\/orsolinesmvarallo.org\/es\/wp-json\/wp\/v2\/posts\/6291\/revisions"}],"predecessor-version":[{"id":6385,"href":"https:\/\/orsolinesmvarallo.org\/es\/wp-json\/wp\/v2\/posts\/6291\/revisions\/6385"}],"wp:attachment":[{"href":"https:\/\/orsolinesmvarallo.org\/es\/wp-json\/wp\/v2\/media?parent=6291"}],"wp:term":[{"taxonomy":"category","embeddable":true,"href":"https:\/\/orsolinesmvarallo.org\/es\/wp-json\/wp\/v2\/categories?post=6291"},{"taxonomy":"post_tag","embeddable":true,"href":"https:\/\/orsolinesmvarallo.org\/es\/wp-json\/wp\/v2\/tags?post=6291"}],"curies":[{"name":"wp","href":"https:\/\/api.w.org\/{rel}","templated":true}]}}