{"id":6308,"date":"2023-11-16T18:18:57","date_gmt":"2023-11-16T17:18:57","guid":{"rendered":"https:\/\/prueba2024.orsolinesmvarallo.org\/?p=6308"},"modified":"2025-03-20T13:15:21","modified_gmt":"2025-03-20T12:15:21","slug":"vigilantes-en-la-luz-de-cristo","status":"publish","type":"post","link":"https:\/\/orsolinesmvarallo.org\/es\/vigilantes-en-la-luz-de-cristo\/","title":{"rendered":"Vigilantes en la Luz de Cristo."},"content":{"rendered":"<p><strong>&#8220;El d\u00eda del Se\u00f1or llegar\u00e1 como un ladr\u00f3n en la noche. Cuando la gente est\u00e9 diciendo: &#8216;\u00a1Qu\u00e9 paz y qu\u00e9 seguridad tenemos!&#8217;, de repente vendr\u00e1 sobre ellos la cat\u00e1strofe, como de repente le vienen a la mujer encinta los dolores del parto, y no podr\u00e1n escapar\u2026 Por lo tanto, no vivamos dormidos, como los malos; antes bien, manteng\u00e1monos despiertos y vivamos sobriamente.&#8221; (1 Tesalonicenses 5, 2-3,6)<\/strong><br><br>Contin\u00faan las invitaciones a estar vigilantes. San Mateo nos ofrece tres grandes orientaciones para una vida verdaderamente cristiana: tres par\u00e1bolas que hablan de fidelidad, de trabajo y de preocupaci\u00f3n por los peque\u00f1os.<br><br>La par\u00e1bola del domingo pasado, la de las &#8220;diez v\u00edrgenes&#8221;, es una de las m\u00e1s bellas sobre la fidelidad. Las diez, seg\u00fan la costumbre, esperaban de noche al novio. Lo que se espera de ellas no es el trabajo, sino la fidelidad del coraz\u00f3n. Nos sit\u00faa en un mundo tanto alegre como tenso en la espera.<br><br>Con esta ense\u00f1anza, Jes\u00fas se dirige hoy a nosotros, a quienes sentimos que la fidelidad a veces se hace pesada\u2026<br><br>Hoy hemos escuchado la segunda par\u00e1bola, la de los talentos. Tambi\u00e9n aqu\u00ed se habla del &#8220;siervo fiel&#8221;, que ser\u00eda mejor traducir como: &#8220;aquel con quien se puede contar&#8221;.<br><br>El talento debe producir frutos. Las obras de Dios, a trav\u00e9s de su creaci\u00f3n, expresan algo de su naturaleza eterna y no pueden fracasar.<br><br>El Papa Francisco dice que esta par\u00e1bola de Jes\u00fas reafirma la libertad humana. Es como si nos dijera: \u00abAqu\u00ed tienes mi misericordia, mi ternura, mi perd\u00f3n: t\u00f3malos y haz amplio uso de ello\u00bb. Y nosotros, \u00bfqu\u00e9 hemos hecho con estos dones? \u00bfA qui\u00e9n hemos contagiado con nuestra fe? \u00bfA cu\u00e1ntas personas hemos alentado con nuestra esperanza? \u00bfCu\u00e1nto amor hemos compartido con nuestro pr\u00f3jimo?<br><br>Se nos presentan muchas oportunidades, pero a menudo tenemos miedo de ofrecernos o nos vemos bloqueados. Sin embargo, hermanos, nos estamos jugando la vida eterna. \u00a1Despertemos y administremos mejor los bienes del Se\u00f1or!<br><br>San Pablo nos lo aconseja en su carta a los Tesalonicenses: &#8220;El d\u00eda del Se\u00f1or llegar\u00e1 como un ladr\u00f3n en la noche. Cuando la gente est\u00e9 diciendo: &#8216;\u00a1Qu\u00e9 paz y qu\u00e9 seguridad tenemos!&#8217;, de repente vendr\u00e1 sobre ellos la cat\u00e1strofe, como de repente le vienen a la mujer encinta los dolores del parto, y no podr\u00e1n escapar\u2026 Por lo tanto, no vivamos dormidos, como los malos; antes bien, manteng\u00e1monos despiertos y vivamos sobriamente.&#8221;<br><br>Cristo viene de noche, y nosotros somos hijos de la luz. Los que siguen sus malos instintos pertenecen a las tinieblas y se esconden para hacer el mal. En cambio, nosotros debemos ser irreprochables y transparentes ante Dios, como quienes no tienen nada que ocultar. El no creyente duerme sin prever, mientras que el creyente vigila.<br><br>Quiero ser sincera: algunas veces me siento tentada a buscar mi comodidad, mis propios intereses y a quedarme tranquila en esta vida terrenal&#8230; Pero gracias al Se\u00f1or tengo a mis hermanas, mi comunidad, quienes nos ayudamos mutuamente a no olvidar que pertenecemos a la patria celeste y que debemos salir de nosotros mismos, de nuestro amor propio, para amar a los dem\u00e1s.<br><br>Lo bueno de vivir en comunidad (en familia) es que nos permite reflexionar sobre lo que debemos mejorar para ser mejores, para ser santos.<br><br>La Iglesia es la comunidad verdadera, la que todo creyente necesita para crecer en la fe y superar las pruebas. En las dificultades, la ayuda de los hermanos es una se\u00f1al del amor de Dios.<br><br>Quiero compartir con ustedes un texto del Hermano Rafael:<br><br>&#8220;Bien sabe el Se\u00f1or que cuando m\u00e1s d\u00e9bil me siento, cuando m\u00e1s lucho con la materia que tira hacia abajo, cuando el coraz\u00f3n se ve sujeto a tantas cosas y mi alma sufre con un dolor m\u00e1s humano que divino, entonces es cuando, arrodillado delante del Sagrario y en el silencio de la noche, gimo y lloro. Entonces es cuando veo que solo en Cristo se halla descanso, entonces veo que el amor que le tenemos es d\u00e9bil y flojo.&#8221;<br><br>&#8220;El mundo distrae y se desperdicia mucho. El hombre es el mismo, su capacidad para sufrir y para amar es la misma. A donde quiera que vaya, llevar\u00e1 su cruz. Sepamos aprovechar el tiempo. Sepamos amar esa bendita cruz que el Se\u00f1or pone en nuestro camino, sea cual sea, fuere como fuere. Aprovechemos esas cosas peque\u00f1as de la vida diaria, de la vida com\u00fan.&#8221;<\/p>\n\n\n\n<p><\/p>","protected":false},"excerpt":{"rendered":"<p>&#8220;El d\u00eda del Se\u00f1or llegar\u00e1 como un ladr\u00f3n en la noche. Cuando la gente est\u00e9 diciendo:&#8230;<\/p>","protected":false},"author":3,"featured_media":0,"comment_status":"open","ping_status":"open","sticky":false,"template":"","format":"standard","meta":{"_eb_attr":"","_kadence_starter_templates_imported_post":false,"_kad_post_transparent":"","_kad_post_title":"","_kad_post_layout":"","_kad_post_sidebar_id":"","_kad_post_content_style":"","_kad_post_vertical_padding":"","_kad_post_feature":"","_kad_post_feature_position":"","_kad_post_header":false,"_kad_post_footer":false,"footnotes":""},"categories":[44],"tags":[],"class_list":["post-6308","post","type-post","status-publish","format-standard","hentry","category-meditaciones"],"yoast_head":"<!-- This site is optimized with the Yoast SEO plugin v24.8.1 - https:\/\/yoast.com\/wordpress\/plugins\/seo\/ -->\n<title>Vigilantes en la Luz de Cristo. - OSMV<\/title>\n<meta name=\"robots\" content=\"index, follow, max-snippet:-1, max-image-preview:large, max-video-preview:-1\" \/>\n<link rel=\"canonical\" href=\"https:\/\/orsolinesmvarallo.org\/es\/vigilantes-en-la-luz-de-cristo\/\" \/>\n<meta property=\"og:locale\" content=\"es_ES\" \/>\n<meta property=\"og:type\" content=\"article\" \/>\n<meta property=\"og:title\" content=\"Vigilantes en la Luz de Cristo. - OSMV\" \/>\n<meta property=\"og:description\" content=\"&#8220;El d\u00eda del Se\u00f1or llegar\u00e1 como un ladr\u00f3n en la noche. Cuando la gente est\u00e9 diciendo:...\" \/>\n<meta property=\"og:url\" content=\"https:\/\/orsolinesmvarallo.org\/es\/vigilantes-en-la-luz-de-cristo\/\" \/>\n<meta property=\"og:site_name\" content=\"OSMV\" \/>\n<meta property=\"article:published_time\" content=\"2023-11-16T17:18:57+00:00\" \/>\n<meta property=\"article:modified_time\" content=\"2025-03-20T12:15:21+00:00\" \/>\n<meta name=\"author\" content=\"Stephanie Chiu\" \/>\n<meta name=\"twitter:card\" content=\"summary_large_image\" \/>\n<meta name=\"twitter:label1\" content=\"Escrito por\" \/>\n\t<meta name=\"twitter:data1\" content=\"Stephanie Chiu\" \/>\n\t<meta name=\"twitter:label2\" content=\"Tiempo de lectura\" \/>\n\t<meta name=\"twitter:data2\" content=\"4 minutos\" \/>\n<script type=\"application\/ld+json\" class=\"yoast-schema-graph\">{\"@context\":\"https:\/\/schema.org\",\"@graph\":[{\"@type\":\"Article\",\"@id\":\"https:\/\/orsolinesmvarallo.org\/vigilantes-en-la-luz-de-cristo\/#article\",\"isPartOf\":{\"@id\":\"https:\/\/orsolinesmvarallo.org\/vigilantes-en-la-luz-de-cristo\/\"},\"author\":{\"name\":\"Stephanie Chiu\",\"@id\":\"https:\/\/orsolinesmvarallo.org\/es\/#\/schema\/person\/43f72d3f802f865bd12208e84b86afbf\"},\"headline\":\"Vigilantes en la Luz de Cristo.\",\"datePublished\":\"2023-11-16T17:18:57+00:00\",\"dateModified\":\"2025-03-20T12:15:21+00:00\",\"mainEntityOfPage\":{\"@id\":\"https:\/\/orsolinesmvarallo.org\/vigilantes-en-la-luz-de-cristo\/\"},\"wordCount\":780,\"commentCount\":0,\"publisher\":{\"@id\":\"https:\/\/orsolinesmvarallo.org\/es\/#organization\"},\"articleSection\":[\"Meditaciones\"],\"inLanguage\":\"es\",\"potentialAction\":[{\"@type\":\"CommentAction\",\"name\":\"Comment\",\"target\":[\"https:\/\/orsolinesmvarallo.org\/vigilantes-en-la-luz-de-cristo\/#respond\"]}]},{\"@type\":\"WebPage\",\"@id\":\"https:\/\/orsolinesmvarallo.org\/vigilantes-en-la-luz-de-cristo\/\",\"url\":\"https:\/\/orsolinesmvarallo.org\/vigilantes-en-la-luz-de-cristo\/\",\"name\":\"Vigilantes en la Luz de Cristo. - OSMV\",\"isPartOf\":{\"@id\":\"https:\/\/orsolinesmvarallo.org\/es\/#website\"},\"datePublished\":\"2023-11-16T17:18:57+00:00\",\"dateModified\":\"2025-03-20T12:15:21+00:00\",\"breadcrumb\":{\"@id\":\"https:\/\/orsolinesmvarallo.org\/vigilantes-en-la-luz-de-cristo\/#breadcrumb\"},\"inLanguage\":\"es\",\"potentialAction\":[{\"@type\":\"ReadAction\",\"target\":[\"https:\/\/orsolinesmvarallo.org\/vigilantes-en-la-luz-de-cristo\/\"]}]},{\"@type\":\"BreadcrumbList\",\"@id\":\"https:\/\/orsolinesmvarallo.org\/vigilantes-en-la-luz-de-cristo\/#breadcrumb\",\"itemListElement\":[{\"@type\":\"ListItem\",\"position\":1,\"name\":\"Portada\",\"item\":\"https:\/\/orsolinesmvarallo.org\/\"},{\"@type\":\"ListItem\",\"position\":2,\"name\":\"Vigilantes en la Luz de Cristo.\"}]},{\"@type\":\"WebSite\",\"@id\":\"https:\/\/orsolinesmvarallo.org\/es\/#website\",\"url\":\"https:\/\/orsolinesmvarallo.org\/es\/\",\"name\":\"OSMV\",\"description\":\"Suore Orsoline Sacro Monte di Varallo\",\"publisher\":{\"@id\":\"https:\/\/orsolinesmvarallo.org\/es\/#organization\"},\"potentialAction\":[{\"@type\":\"SearchAction\",\"target\":{\"@type\":\"EntryPoint\",\"urlTemplate\":\"https:\/\/orsolinesmvarallo.org\/es\/?s={search_term_string}\"},\"query-input\":{\"@type\":\"PropertyValueSpecification\",\"valueRequired\":true,\"valueName\":\"search_term_string\"}}],\"inLanguage\":\"es\"},{\"@type\":\"Organization\",\"@id\":\"https:\/\/orsolinesmvarallo.org\/es\/#organization\",\"name\":\"OSMV\",\"url\":\"https:\/\/orsolinesmvarallo.org\/es\/\",\"logo\":{\"@type\":\"ImageObject\",\"inLanguage\":\"es\",\"@id\":\"https:\/\/orsolinesmvarallo.org\/es\/#\/schema\/logo\/image\/\",\"url\":\"https:\/\/orsolinesmvarallo.org\/wp-content\/uploads\/2024\/12\/cropped-logoeuca-blanco.png\",\"contentUrl\":\"https:\/\/orsolinesmvarallo.org\/wp-content\/uploads\/2024\/12\/cropped-logoeuca-blanco.png\",\"width\":772,\"height\":742,\"caption\":\"OSMV\"},\"image\":{\"@id\":\"https:\/\/orsolinesmvarallo.org\/es\/#\/schema\/logo\/image\/\"}},{\"@type\":\"Person\",\"@id\":\"https:\/\/orsolinesmvarallo.org\/es\/#\/schema\/person\/43f72d3f802f865bd12208e84b86afbf\",\"name\":\"Stephanie Chiu\",\"image\":{\"@type\":\"ImageObject\",\"inLanguage\":\"es\",\"@id\":\"https:\/\/orsolinesmvarallo.org\/es\/#\/schema\/person\/image\/\",\"url\":\"https:\/\/secure.gravatar.com\/avatar\/600d05f406a8a52669b6ba9c1cb1a2a1?s=96&d=mm&r=g\",\"contentUrl\":\"https:\/\/secure.gravatar.com\/avatar\/600d05f406a8a52669b6ba9c1cb1a2a1?s=96&d=mm&r=g\",\"caption\":\"Stephanie Chiu\"},\"url\":\"https:\/\/orsolinesmvarallo.org\/es\/author\/stephanie\/\"}]}<\/script>\n<!-- \/ Yoast SEO plugin. -->","yoast_head_json":{"title":"Vigilantes en la Luz de Cristo. - OSMV","robots":{"index":"index","follow":"follow","max-snippet":"max-snippet:-1","max-image-preview":"max-image-preview:large","max-video-preview":"max-video-preview:-1"},"canonical":"https:\/\/orsolinesmvarallo.org\/es\/vigilantes-en-la-luz-de-cristo\/","og_locale":"es_ES","og_type":"article","og_title":"Vigilantes en la Luz de Cristo. - OSMV","og_description":"&#8220;El d\u00eda del Se\u00f1or llegar\u00e1 como un ladr\u00f3n en la noche. Cuando la gente est\u00e9 diciendo:...","og_url":"https:\/\/orsolinesmvarallo.org\/es\/vigilantes-en-la-luz-de-cristo\/","og_site_name":"OSMV","article_published_time":"2023-11-16T17:18:57+00:00","article_modified_time":"2025-03-20T12:15:21+00:00","author":"Stephanie Chiu","twitter_card":"summary_large_image","twitter_misc":{"Escrito por":"Stephanie Chiu","Tiempo de lectura":"4 minutos"},"schema":{"@context":"https:\/\/schema.org","@graph":[{"@type":"Article","@id":"https:\/\/orsolinesmvarallo.org\/vigilantes-en-la-luz-de-cristo\/#article","isPartOf":{"@id":"https:\/\/orsolinesmvarallo.org\/vigilantes-en-la-luz-de-cristo\/"},"author":{"name":"Stephanie Chiu","@id":"https:\/\/orsolinesmvarallo.org\/es\/#\/schema\/person\/43f72d3f802f865bd12208e84b86afbf"},"headline":"Vigilantes en la Luz de Cristo.","datePublished":"2023-11-16T17:18:57+00:00","dateModified":"2025-03-20T12:15:21+00:00","mainEntityOfPage":{"@id":"https:\/\/orsolinesmvarallo.org\/vigilantes-en-la-luz-de-cristo\/"},"wordCount":780,"commentCount":0,"publisher":{"@id":"https:\/\/orsolinesmvarallo.org\/es\/#organization"},"articleSection":["Meditaciones"],"inLanguage":"es","potentialAction":[{"@type":"CommentAction","name":"Comment","target":["https:\/\/orsolinesmvarallo.org\/vigilantes-en-la-luz-de-cristo\/#respond"]}]},{"@type":"WebPage","@id":"https:\/\/orsolinesmvarallo.org\/vigilantes-en-la-luz-de-cristo\/","url":"https:\/\/orsolinesmvarallo.org\/vigilantes-en-la-luz-de-cristo\/","name":"Vigilantes en la Luz de Cristo. - OSMV","isPartOf":{"@id":"https:\/\/orsolinesmvarallo.org\/es\/#website"},"datePublished":"2023-11-16T17:18:57+00:00","dateModified":"2025-03-20T12:15:21+00:00","breadcrumb":{"@id":"https:\/\/orsolinesmvarallo.org\/vigilantes-en-la-luz-de-cristo\/#breadcrumb"},"inLanguage":"es","potentialAction":[{"@type":"ReadAction","target":["https:\/\/orsolinesmvarallo.org\/vigilantes-en-la-luz-de-cristo\/"]}]},{"@type":"BreadcrumbList","@id":"https:\/\/orsolinesmvarallo.org\/vigilantes-en-la-luz-de-cristo\/#breadcrumb","itemListElement":[{"@type":"ListItem","position":1,"name":"Portada","item":"https:\/\/orsolinesmvarallo.org\/"},{"@type":"ListItem","position":2,"name":"Vigilantes en la Luz de Cristo."}]},{"@type":"WebSite","@id":"https:\/\/orsolinesmvarallo.org\/es\/#website","url":"https:\/\/orsolinesmvarallo.org\/es\/","name":"OSMV","description":"Suore Orsoline Sacro Monte di Varallo","publisher":{"@id":"https:\/\/orsolinesmvarallo.org\/es\/#organization"},"potentialAction":[{"@type":"SearchAction","target":{"@type":"EntryPoint","urlTemplate":"https:\/\/orsolinesmvarallo.org\/es\/?s={search_term_string}"},"query-input":{"@type":"PropertyValueSpecification","valueRequired":true,"valueName":"search_term_string"}}],"inLanguage":"es"},{"@type":"Organization","@id":"https:\/\/orsolinesmvarallo.org\/es\/#organization","name":"OSMV","url":"https:\/\/orsolinesmvarallo.org\/es\/","logo":{"@type":"ImageObject","inLanguage":"es","@id":"https:\/\/orsolinesmvarallo.org\/es\/#\/schema\/logo\/image\/","url":"https:\/\/orsolinesmvarallo.org\/wp-content\/uploads\/2024\/12\/cropped-logoeuca-blanco.png","contentUrl":"https:\/\/orsolinesmvarallo.org\/wp-content\/uploads\/2024\/12\/cropped-logoeuca-blanco.png","width":772,"height":742,"caption":"OSMV"},"image":{"@id":"https:\/\/orsolinesmvarallo.org\/es\/#\/schema\/logo\/image\/"}},{"@type":"Person","@id":"https:\/\/orsolinesmvarallo.org\/es\/#\/schema\/person\/43f72d3f802f865bd12208e84b86afbf","name":"Stephanie Chiu","image":{"@type":"ImageObject","inLanguage":"es","@id":"https:\/\/orsolinesmvarallo.org\/es\/#\/schema\/person\/image\/","url":"https:\/\/secure.gravatar.com\/avatar\/600d05f406a8a52669b6ba9c1cb1a2a1?s=96&d=mm&r=g","contentUrl":"https:\/\/secure.gravatar.com\/avatar\/600d05f406a8a52669b6ba9c1cb1a2a1?s=96&d=mm&r=g","caption":"Stephanie Chiu"},"url":"https:\/\/orsolinesmvarallo.org\/es\/author\/stephanie\/"}]}},"jetpack_featured_media_url":"","_links":{"self":[{"href":"https:\/\/orsolinesmvarallo.org\/es\/wp-json\/wp\/v2\/posts\/6308","targetHints":{"allow":["GET"]}}],"collection":[{"href":"https:\/\/orsolinesmvarallo.org\/es\/wp-json\/wp\/v2\/posts"}],"about":[{"href":"https:\/\/orsolinesmvarallo.org\/es\/wp-json\/wp\/v2\/types\/post"}],"author":[{"embeddable":true,"href":"https:\/\/orsolinesmvarallo.org\/es\/wp-json\/wp\/v2\/users\/3"}],"replies":[{"embeddable":true,"href":"https:\/\/orsolinesmvarallo.org\/es\/wp-json\/wp\/v2\/comments?post=6308"}],"version-history":[{"count":1,"href":"https:\/\/orsolinesmvarallo.org\/es\/wp-json\/wp\/v2\/posts\/6308\/revisions"}],"predecessor-version":[{"id":6309,"href":"https:\/\/orsolinesmvarallo.org\/es\/wp-json\/wp\/v2\/posts\/6308\/revisions\/6309"}],"wp:attachment":[{"href":"https:\/\/orsolinesmvarallo.org\/es\/wp-json\/wp\/v2\/media?parent=6308"}],"wp:term":[{"taxonomy":"category","embeddable":true,"href":"https:\/\/orsolinesmvarallo.org\/es\/wp-json\/wp\/v2\/categories?post=6308"},{"taxonomy":"post_tag","embeddable":true,"href":"https:\/\/orsolinesmvarallo.org\/es\/wp-json\/wp\/v2\/tags?post=6308"}],"curies":[{"name":"wp","href":"https:\/\/api.w.org\/{rel}","templated":true}]}}