{"id":6351,"date":"2023-06-15T11:34:00","date_gmt":"2023-06-15T09:34:00","guid":{"rendered":"https:\/\/prueba2024.orsolinesmvarallo.org\/?p=6351"},"modified":"2025-03-20T15:16:36","modified_gmt":"2025-03-20T14:16:36","slug":"dios-es-amor-la-llamada-a-permanecer-en-el","status":"publish","type":"post","link":"https:\/\/orsolinesmvarallo.org\/es\/dios-es-amor-la-llamada-a-permanecer-en-el\/","title":{"rendered":"&#8220;Dios es Amor: La Llamada a Permanecer en \u00c9l&#8221;."},"content":{"rendered":"<p><br><strong><em>&#8220;Queridos hermanos, am\u00e9monos unos a otros, porque el amor es de Dios, y todo el que ama ha nacido de Dios y conoce a Dios. Quien no ama no ha conocido a Dios, porque Dios es amor.&#8221;<\/em> (1 Juan 4, 7-8)<\/strong>.<\/p>\n\n\n\n<p>Queridos hermanos, am\u00e9monos unos a otros, ya que el amor proviene de Dios, y todo el que ama ha nacido de Dios y conoce a Dios. Quien no ama no ha conocido a Dios, porque Dios es amor.<\/p>\n\n\n\n<p>En esto se manifest\u00f3 el amor que Dios nos tiene: en que envi\u00f3 al mundo a su Unig\u00e9nito para que vivamos por medio de \u00c9l. En esto consiste el amor: no en que nosotros hayamos amado a Dios, sino en que \u00c9l nos am\u00f3 y envi\u00f3 a su Hijo como v\u00edctima de propiciaci\u00f3n por nuestros pecados.<\/p>\n\n\n\n<p>Queridos hermanos, si Dios nos am\u00f3 de esta manera, tambi\u00e9n nosotros debemos amarnos unos a otros.<\/p>\n\n\n\n<p>A Dios nadie lo ha visto nunca. Si nos amamos unos a otros, Dios permanece en nosotros y su amor ha llegado a su plenitud en nosotros. En esto conocemos que permanecemos en \u00c9l y \u00c9l en nosotros: en que nos ha dado de su Esp\u00edritu. Y nosotros hemos visto y damos testimonio de que el Padre envi\u00f3 a su Hijo para ser Salvador del mundo. Quien confiese que Jes\u00fas es el Hijo de Dios, Dios permanece en \u00e9l, y \u00e9l en Dios. Y nosotros hemos conocido el amor que Dios nos tiene y hemos cre\u00eddo en \u00c9l. Dios es amor, y quien permanece en el amor permanece en Dios, y Dios en \u00e9l.<\/p>\n\n\n\n<p><em>&#8220;En esto conocemos que permanecemos en \u00c9l y \u00c9l en nosotros: en que nos ha dado de su Esp\u00edritu. Y nosotros hemos visto y damos testimonio de que el Padre envi\u00f3 a su Hijo para ser Salvador del mundo.&#8221;<\/em> (1 Juan 4, 13-14)<\/p>\n\n\n\n<p>Bruno Forte, en su libro <em>Trinidad como historia<\/em>, explica que el amor del Padre es un amor desbordante que va m\u00e1s all\u00e1 del Hijo. Este amor trasciende y produce un fruto: la persona del Esp\u00edritu Santo. Es don puro, regalo puro, la fuerza unificante del amor, el &#8220;\u00e9xtasis&#8221; (salir de uno mismo) del Amante y del Amado. El Padre se entrega al Hijo, y el Hijo se entrega al Padre, en una apertura generosa de amor, una entrega pura por nuestra salvaci\u00f3n.<\/p>\n\n\n\n<p>La presencia de Dios Padre puede percibirse como una luz que ciega, sumergi\u00e9ndonos en una oscuridad que purifica el alma. No es la oscuridad de las tinieblas del ego\u00edsmo, la tristeza o la podredumbre espiritual que alejan a las personas. Al contrario, es una luz tan intensa que sobrepasa nuestra comprensi\u00f3n. Aunque puede ser dolorosa, nos transforma, permiti\u00e9ndonos reflejar su omnipotencia y manifestar armon\u00eda, plenitud, paz y alegr\u00eda, incluso en medio de las adversidades.<\/p>\n\n\n\n<p>El Hijo nos abre el camino hist\u00f3rico hacia el Padre. \u00c9l nos lo muestra:<strong> <\/strong><em>&#8220;Quien me ha visto a m\u00ed ha visto al Padre.&#8221;<\/em> (Juan 14, 9).<\/p>\n\n\n\n<p>Tambi\u00e9n nos comparte su filiaci\u00f3n:<strong> <\/strong><em>&#8220;En esto se manifest\u00f3 el amor que Dios nos tiene: en que Dios envi\u00f3 al mundo a su Unig\u00e9nito, para que vivamos por medio de \u00c9l.&#8221;<\/em> (1 Juan 4, 9).<\/p>\n\n\n\n<p>Jes\u00fas nos ense\u00f1a a crecer y perfeccionarnos en el amor a trav\u00e9s de la Cruz. \u00c9l asume el sufrimiento para sanar nuestro dolor. En el libro <em>Ges\u00f9 Cristo il Mediatore<\/em>, se dice que Jes\u00fas no pod\u00eda entrar en la gloria ni llevar a sus hermanos a ella sin antes pasar por un proceso de perfeccionamiento de su humanidad. Solo desde el sufrimiento se logra este camino de perfecci\u00f3n.<\/p>\n\n\n\n<p>\u00bfPor qu\u00e9 el perfeccionamiento deb\u00eda realizarse a trav\u00e9s del sufrimiento? Porque esa es la condici\u00f3n en la que se encuentra la humanidad. Cristo quiso hacerse solidario con nosotros, semejante en todo a nosotros:<br><em>&#8220;Pues, por el hecho de haber padecido sufriendo la tentaci\u00f3n, puede auxiliar a los que son tentados<\/em>&#8221; (Hebreos 2, 18).<\/p>\n\n\n\n<p>Podemos compararlo con alpinistas ca\u00eddos en el fondo de un precipicio, heridos y sin fuerzas para salir. Necesitan que alguien descienda hasta donde est\u00e1n, comparta su situaci\u00f3n y les brinde la posibilidad de ser rescatados.<\/p>\n\n\n\n<p>Dios descendi\u00f3 hasta nosotros en la persona de Jesucristo para sanar nuestro coraz\u00f3n herido. Ese coraz\u00f3n, que fue creado para amar, est\u00e1 afectado por el pecado, lo que hace que amar nos resulte dif\u00edcil y a menudo una carga pesada. Nos cuesta amar a quien nos ofende, a quien nos humilla, a quien nos trata mal, a quien nos quita lo que es nuestro. Queremos ser amados, pero nos resistimos a amar.<\/p>\n\n\n\n<p>Debemos pedir constantemente la gracia divina y mirar a Jes\u00fas en la Cruz, entreg\u00e1ndose por amor, para que nosotros tambi\u00e9n podamos entregar nuestra vida por amor. Dios nos env\u00eda al Esp\u00edritu Santo para que, en lugar de cargar con el yugo de nuestros pecados, llevemos el yugo de Cristo:<\/p>\n\n\n\n<p><em>&#8220;Tomad mi yugo sobre vosotros y aprended de m\u00ed, que soy manso y humilde de coraz\u00f3n, y encontrar\u00e9is descanso para vuestras almas. Porque mi yugo es llevadero y mi carga ligera.&#8221;<\/em> (Mateo 11, 29-30).<\/p>\n\n\n\n<p><\/p>","protected":false},"excerpt":{"rendered":"<p>&#8220;Queridos hermanos, am\u00e9monos unos a otros, porque el amor es de Dios, y todo el que&#8230;<\/p>","protected":false},"author":3,"featured_media":0,"comment_status":"open","ping_status":"open","sticky":false,"template":"","format":"standard","meta":{"_eb_attr":"","_kadence_starter_templates_imported_post":false,"_kad_post_transparent":"","_kad_post_title":"","_kad_post_layout":"","_kad_post_sidebar_id":"","_kad_post_content_style":"","_kad_post_vertical_padding":"","_kad_post_feature":"","_kad_post_feature_position":"","_kad_post_header":false,"_kad_post_footer":false,"footnotes":""},"categories":[44],"tags":[],"class_list":["post-6351","post","type-post","status-publish","format-standard","hentry","category-meditaciones"],"yoast_head":"<!-- This site is optimized with the Yoast SEO plugin v24.8.1 - https:\/\/yoast.com\/wordpress\/plugins\/seo\/ -->\n<title>&quot;Dios es Amor: La Llamada a Permanecer en \u00c9l&quot;. - OSMV<\/title>\n<meta name=\"robots\" content=\"index, follow, max-snippet:-1, max-image-preview:large, max-video-preview:-1\" \/>\n<link rel=\"canonical\" href=\"https:\/\/orsolinesmvarallo.org\/es\/dios-es-amor-la-llamada-a-permanecer-en-el\/\" \/>\n<meta property=\"og:locale\" content=\"es_ES\" \/>\n<meta property=\"og:type\" content=\"article\" \/>\n<meta property=\"og:title\" content=\"&quot;Dios es Amor: La Llamada a Permanecer en \u00c9l&quot;. - OSMV\" \/>\n<meta property=\"og:description\" content=\"&#8220;Queridos hermanos, am\u00e9monos unos a otros, porque el amor es de Dios, y todo el que...\" \/>\n<meta property=\"og:url\" content=\"https:\/\/orsolinesmvarallo.org\/es\/dios-es-amor-la-llamada-a-permanecer-en-el\/\" \/>\n<meta property=\"og:site_name\" content=\"OSMV\" \/>\n<meta property=\"article:published_time\" content=\"2023-06-15T09:34:00+00:00\" \/>\n<meta property=\"article:modified_time\" content=\"2025-03-20T14:16:36+00:00\" \/>\n<meta name=\"author\" content=\"Stephanie Chiu\" \/>\n<meta name=\"twitter:card\" content=\"summary_large_image\" \/>\n<meta name=\"twitter:label1\" content=\"Escrito por\" \/>\n\t<meta name=\"twitter:data1\" content=\"Stephanie Chiu\" \/>\n\t<meta name=\"twitter:label2\" content=\"Tiempo de lectura\" \/>\n\t<meta name=\"twitter:data2\" content=\"4 minutos\" \/>\n<script type=\"application\/ld+json\" class=\"yoast-schema-graph\">{\"@context\":\"https:\/\/schema.org\",\"@graph\":[{\"@type\":\"Article\",\"@id\":\"https:\/\/orsolinesmvarallo.org\/dios-es-amor-la-llamada-a-permanecer-en-el\/#article\",\"isPartOf\":{\"@id\":\"https:\/\/orsolinesmvarallo.org\/dios-es-amor-la-llamada-a-permanecer-en-el\/\"},\"author\":{\"name\":\"Stephanie Chiu\",\"@id\":\"https:\/\/orsolinesmvarallo.org\/es\/#\/schema\/person\/43f72d3f802f865bd12208e84b86afbf\"},\"headline\":\"&#8220;Dios es Amor: La Llamada a Permanecer en \u00c9l&#8221;.\",\"datePublished\":\"2023-06-15T09:34:00+00:00\",\"dateModified\":\"2025-03-20T14:16:36+00:00\",\"mainEntityOfPage\":{\"@id\":\"https:\/\/orsolinesmvarallo.org\/dios-es-amor-la-llamada-a-permanecer-en-el\/\"},\"wordCount\":880,\"commentCount\":0,\"publisher\":{\"@id\":\"https:\/\/orsolinesmvarallo.org\/es\/#organization\"},\"articleSection\":[\"Meditaciones\"],\"inLanguage\":\"es\",\"potentialAction\":[{\"@type\":\"CommentAction\",\"name\":\"Comment\",\"target\":[\"https:\/\/orsolinesmvarallo.org\/dios-es-amor-la-llamada-a-permanecer-en-el\/#respond\"]}]},{\"@type\":\"WebPage\",\"@id\":\"https:\/\/orsolinesmvarallo.org\/dios-es-amor-la-llamada-a-permanecer-en-el\/\",\"url\":\"https:\/\/orsolinesmvarallo.org\/dios-es-amor-la-llamada-a-permanecer-en-el\/\",\"name\":\"\\\"Dios es Amor: La Llamada a Permanecer en \u00c9l\\\". - OSMV\",\"isPartOf\":{\"@id\":\"https:\/\/orsolinesmvarallo.org\/es\/#website\"},\"datePublished\":\"2023-06-15T09:34:00+00:00\",\"dateModified\":\"2025-03-20T14:16:36+00:00\",\"breadcrumb\":{\"@id\":\"https:\/\/orsolinesmvarallo.org\/dios-es-amor-la-llamada-a-permanecer-en-el\/#breadcrumb\"},\"inLanguage\":\"es\",\"potentialAction\":[{\"@type\":\"ReadAction\",\"target\":[\"https:\/\/orsolinesmvarallo.org\/dios-es-amor-la-llamada-a-permanecer-en-el\/\"]}]},{\"@type\":\"BreadcrumbList\",\"@id\":\"https:\/\/orsolinesmvarallo.org\/dios-es-amor-la-llamada-a-permanecer-en-el\/#breadcrumb\",\"itemListElement\":[{\"@type\":\"ListItem\",\"position\":1,\"name\":\"Portada\",\"item\":\"https:\/\/orsolinesmvarallo.org\/\"},{\"@type\":\"ListItem\",\"position\":2,\"name\":\"&#8220;Dios es Amor: La Llamada a Permanecer en \u00c9l&#8221;.\"}]},{\"@type\":\"WebSite\",\"@id\":\"https:\/\/orsolinesmvarallo.org\/es\/#website\",\"url\":\"https:\/\/orsolinesmvarallo.org\/es\/\",\"name\":\"OSMV\",\"description\":\"Suore Orsoline Sacro Monte di Varallo\",\"publisher\":{\"@id\":\"https:\/\/orsolinesmvarallo.org\/es\/#organization\"},\"potentialAction\":[{\"@type\":\"SearchAction\",\"target\":{\"@type\":\"EntryPoint\",\"urlTemplate\":\"https:\/\/orsolinesmvarallo.org\/es\/?s={search_term_string}\"},\"query-input\":{\"@type\":\"PropertyValueSpecification\",\"valueRequired\":true,\"valueName\":\"search_term_string\"}}],\"inLanguage\":\"es\"},{\"@type\":\"Organization\",\"@id\":\"https:\/\/orsolinesmvarallo.org\/es\/#organization\",\"name\":\"OSMV\",\"url\":\"https:\/\/orsolinesmvarallo.org\/es\/\",\"logo\":{\"@type\":\"ImageObject\",\"inLanguage\":\"es\",\"@id\":\"https:\/\/orsolinesmvarallo.org\/es\/#\/schema\/logo\/image\/\",\"url\":\"https:\/\/orsolinesmvarallo.org\/wp-content\/uploads\/2024\/12\/cropped-logoeuca-blanco.png\",\"contentUrl\":\"https:\/\/orsolinesmvarallo.org\/wp-content\/uploads\/2024\/12\/cropped-logoeuca-blanco.png\",\"width\":772,\"height\":742,\"caption\":\"OSMV\"},\"image\":{\"@id\":\"https:\/\/orsolinesmvarallo.org\/es\/#\/schema\/logo\/image\/\"}},{\"@type\":\"Person\",\"@id\":\"https:\/\/orsolinesmvarallo.org\/es\/#\/schema\/person\/43f72d3f802f865bd12208e84b86afbf\",\"name\":\"Stephanie Chiu\",\"image\":{\"@type\":\"ImageObject\",\"inLanguage\":\"es\",\"@id\":\"https:\/\/orsolinesmvarallo.org\/es\/#\/schema\/person\/image\/\",\"url\":\"https:\/\/secure.gravatar.com\/avatar\/600d05f406a8a52669b6ba9c1cb1a2a1?s=96&d=mm&r=g\",\"contentUrl\":\"https:\/\/secure.gravatar.com\/avatar\/600d05f406a8a52669b6ba9c1cb1a2a1?s=96&d=mm&r=g\",\"caption\":\"Stephanie Chiu\"},\"url\":\"https:\/\/orsolinesmvarallo.org\/es\/author\/stephanie\/\"}]}<\/script>\n<!-- \/ Yoast SEO plugin. -->","yoast_head_json":{"title":"\"Dios es Amor: La Llamada a Permanecer en \u00c9l\". - OSMV","robots":{"index":"index","follow":"follow","max-snippet":"max-snippet:-1","max-image-preview":"max-image-preview:large","max-video-preview":"max-video-preview:-1"},"canonical":"https:\/\/orsolinesmvarallo.org\/es\/dios-es-amor-la-llamada-a-permanecer-en-el\/","og_locale":"es_ES","og_type":"article","og_title":"\"Dios es Amor: La Llamada a Permanecer en \u00c9l\". - OSMV","og_description":"&#8220;Queridos hermanos, am\u00e9monos unos a otros, porque el amor es de Dios, y todo el que...","og_url":"https:\/\/orsolinesmvarallo.org\/es\/dios-es-amor-la-llamada-a-permanecer-en-el\/","og_site_name":"OSMV","article_published_time":"2023-06-15T09:34:00+00:00","article_modified_time":"2025-03-20T14:16:36+00:00","author":"Stephanie Chiu","twitter_card":"summary_large_image","twitter_misc":{"Escrito por":"Stephanie Chiu","Tiempo de lectura":"4 minutos"},"schema":{"@context":"https:\/\/schema.org","@graph":[{"@type":"Article","@id":"https:\/\/orsolinesmvarallo.org\/dios-es-amor-la-llamada-a-permanecer-en-el\/#article","isPartOf":{"@id":"https:\/\/orsolinesmvarallo.org\/dios-es-amor-la-llamada-a-permanecer-en-el\/"},"author":{"name":"Stephanie Chiu","@id":"https:\/\/orsolinesmvarallo.org\/es\/#\/schema\/person\/43f72d3f802f865bd12208e84b86afbf"},"headline":"&#8220;Dios es Amor: La Llamada a Permanecer en \u00c9l&#8221;.","datePublished":"2023-06-15T09:34:00+00:00","dateModified":"2025-03-20T14:16:36+00:00","mainEntityOfPage":{"@id":"https:\/\/orsolinesmvarallo.org\/dios-es-amor-la-llamada-a-permanecer-en-el\/"},"wordCount":880,"commentCount":0,"publisher":{"@id":"https:\/\/orsolinesmvarallo.org\/es\/#organization"},"articleSection":["Meditaciones"],"inLanguage":"es","potentialAction":[{"@type":"CommentAction","name":"Comment","target":["https:\/\/orsolinesmvarallo.org\/dios-es-amor-la-llamada-a-permanecer-en-el\/#respond"]}]},{"@type":"WebPage","@id":"https:\/\/orsolinesmvarallo.org\/dios-es-amor-la-llamada-a-permanecer-en-el\/","url":"https:\/\/orsolinesmvarallo.org\/dios-es-amor-la-llamada-a-permanecer-en-el\/","name":"\"Dios es Amor: La Llamada a Permanecer en \u00c9l\". - OSMV","isPartOf":{"@id":"https:\/\/orsolinesmvarallo.org\/es\/#website"},"datePublished":"2023-06-15T09:34:00+00:00","dateModified":"2025-03-20T14:16:36+00:00","breadcrumb":{"@id":"https:\/\/orsolinesmvarallo.org\/dios-es-amor-la-llamada-a-permanecer-en-el\/#breadcrumb"},"inLanguage":"es","potentialAction":[{"@type":"ReadAction","target":["https:\/\/orsolinesmvarallo.org\/dios-es-amor-la-llamada-a-permanecer-en-el\/"]}]},{"@type":"BreadcrumbList","@id":"https:\/\/orsolinesmvarallo.org\/dios-es-amor-la-llamada-a-permanecer-en-el\/#breadcrumb","itemListElement":[{"@type":"ListItem","position":1,"name":"Portada","item":"https:\/\/orsolinesmvarallo.org\/"},{"@type":"ListItem","position":2,"name":"&#8220;Dios es Amor: La Llamada a Permanecer en \u00c9l&#8221;."}]},{"@type":"WebSite","@id":"https:\/\/orsolinesmvarallo.org\/es\/#website","url":"https:\/\/orsolinesmvarallo.org\/es\/","name":"OSMV","description":"Suore Orsoline Sacro Monte di Varallo","publisher":{"@id":"https:\/\/orsolinesmvarallo.org\/es\/#organization"},"potentialAction":[{"@type":"SearchAction","target":{"@type":"EntryPoint","urlTemplate":"https:\/\/orsolinesmvarallo.org\/es\/?s={search_term_string}"},"query-input":{"@type":"PropertyValueSpecification","valueRequired":true,"valueName":"search_term_string"}}],"inLanguage":"es"},{"@type":"Organization","@id":"https:\/\/orsolinesmvarallo.org\/es\/#organization","name":"OSMV","url":"https:\/\/orsolinesmvarallo.org\/es\/","logo":{"@type":"ImageObject","inLanguage":"es","@id":"https:\/\/orsolinesmvarallo.org\/es\/#\/schema\/logo\/image\/","url":"https:\/\/orsolinesmvarallo.org\/wp-content\/uploads\/2024\/12\/cropped-logoeuca-blanco.png","contentUrl":"https:\/\/orsolinesmvarallo.org\/wp-content\/uploads\/2024\/12\/cropped-logoeuca-blanco.png","width":772,"height":742,"caption":"OSMV"},"image":{"@id":"https:\/\/orsolinesmvarallo.org\/es\/#\/schema\/logo\/image\/"}},{"@type":"Person","@id":"https:\/\/orsolinesmvarallo.org\/es\/#\/schema\/person\/43f72d3f802f865bd12208e84b86afbf","name":"Stephanie Chiu","image":{"@type":"ImageObject","inLanguage":"es","@id":"https:\/\/orsolinesmvarallo.org\/es\/#\/schema\/person\/image\/","url":"https:\/\/secure.gravatar.com\/avatar\/600d05f406a8a52669b6ba9c1cb1a2a1?s=96&d=mm&r=g","contentUrl":"https:\/\/secure.gravatar.com\/avatar\/600d05f406a8a52669b6ba9c1cb1a2a1?s=96&d=mm&r=g","caption":"Stephanie Chiu"},"url":"https:\/\/orsolinesmvarallo.org\/es\/author\/stephanie\/"}]}},"jetpack_featured_media_url":"","_links":{"self":[{"href":"https:\/\/orsolinesmvarallo.org\/es\/wp-json\/wp\/v2\/posts\/6351","targetHints":{"allow":["GET"]}}],"collection":[{"href":"https:\/\/orsolinesmvarallo.org\/es\/wp-json\/wp\/v2\/posts"}],"about":[{"href":"https:\/\/orsolinesmvarallo.org\/es\/wp-json\/wp\/v2\/types\/post"}],"author":[{"embeddable":true,"href":"https:\/\/orsolinesmvarallo.org\/es\/wp-json\/wp\/v2\/users\/3"}],"replies":[{"embeddable":true,"href":"https:\/\/orsolinesmvarallo.org\/es\/wp-json\/wp\/v2\/comments?post=6351"}],"version-history":[{"count":2,"href":"https:\/\/orsolinesmvarallo.org\/es\/wp-json\/wp\/v2\/posts\/6351\/revisions"}],"predecessor-version":[{"id":6384,"href":"https:\/\/orsolinesmvarallo.org\/es\/wp-json\/wp\/v2\/posts\/6351\/revisions\/6384"}],"wp:attachment":[{"href":"https:\/\/orsolinesmvarallo.org\/es\/wp-json\/wp\/v2\/media?parent=6351"}],"wp:term":[{"taxonomy":"category","embeddable":true,"href":"https:\/\/orsolinesmvarallo.org\/es\/wp-json\/wp\/v2\/categories?post=6351"},{"taxonomy":"post_tag","embeddable":true,"href":"https:\/\/orsolinesmvarallo.org\/es\/wp-json\/wp\/v2\/tags?post=6351"}],"curies":[{"name":"wp","href":"https:\/\/api.w.org\/{rel}","templated":true}]}}