{"id":6373,"date":"2023-02-02T14:48:00","date_gmt":"2023-02-02T13:48:00","guid":{"rendered":"https:\/\/prueba2024.orsolinesmvarallo.org\/?p=6373"},"modified":"2025-03-20T15:16:53","modified_gmt":"2025-03-20T14:16:53","slug":"una-mirada-que-transforma","status":"publish","type":"post","link":"https:\/\/orsolinesmvarallo.org\/es\/una-mirada-que-transforma\/","title":{"rendered":"&#8220;Una Mirada que Transforma&#8221;."},"content":{"rendered":"<p><strong><em>&#8220;Porque mis ojos han visto a tu Salvador.&#8221;<\/em> (Lucas 2, 30)<\/strong><\/p>\n\n\n\n<p>Sime\u00f3n, movido por el Esp\u00edritu, ve y reconoce a Cristo. Este es el gran milagro de la fe: abre los ojos y transforma la mirada.<\/p>\n\n\n\n<p>La mirada compasiva y amorosa de Dios rompe la dureza de nuestros corazones, cura nuestras heridas y nos cambia la manera de ver. Nos da una mirada capaz de <em>&#8220;ver dentro&#8221;<\/em> y <em>&#8220;ver m\u00e1s all\u00e1&#8221;<\/em>, tanto de nosotros mismos como de los dem\u00e1s y de las situaciones que vivimos, incluso las m\u00e1s dolorosas. No se detiene en las apariencias, sino que entra en las fisuras de la debilidad para descubrir en ellas la presencia de Dios.<\/p>\n\n\n\n<p><strong>\u00bfCu\u00e1ntas veces has mirado a alguien que no conoc\u00edas e inmediatamente te has hecho una idea sobre esa persona?<\/strong> \u00bfCu\u00e1ntas veces, por su forma de vestir o hablar, la has juzgado? \u00bfY cu\u00e1ntas veces te has sentido juzgado injustamente por alguien que apenas te conoc\u00eda?<\/p>\n\n\n\n<p>Hoy en d\u00eda, hace falta una mirada profunda, capaz de ir m\u00e1s all\u00e1 de los filtros y prejuicios. No es f\u00e1cil tener una mirada limpia y libre de sesgos, pero es necesario aprender a mirar con amor.<\/p>\n\n\n\n<p>Jes\u00fas nos ense\u00f1a a mirar con amor en el evangelio de Lucas, cuando se encuentra en la casa del fariseo Sim\u00f3n. Mientras est\u00e1n sentados a la mesa, entra una mujer p\u00fablica y, de rodillas a los pies de Jes\u00fas, los lava con sus l\u00e1grimas, los seca con sus cabellos, los besa y los unge con perfume.<\/p>\n\n\n\n<p>El fariseo piensa: <em>&#8220;Si este fuera un profeta, se dar\u00eda cuenta de qu\u00e9 clase de mujer es esta pecadora que lo est\u00e1 tocando.<\/em>&#8220;(<strong>Lucas 7, 39<\/strong>).<\/p>\n\n\n\n<p>Este hombre juzga por las apariencias, pero Jes\u00fas mira el coraz\u00f3n. Su mirada profunda y misericordiosa transforma a la mujer, y le dice:<strong> <\/strong><em>&#8220;Tus pecados han sido perdonados.&#8221;<\/em> (<strong>Lucas 7, 48<\/strong>). Seguramente, ella sali\u00f3 de aquella casa reconfortada.<\/p>\n\n\n\n<hr class=\"wp-block-separator has-alpha-channel-opacity\" \/>\n\n\n\n<p>Nosotros, los cristianos, estamos llamados a introducir en el mundo esa mirada de amor que transforma, que acerca al que est\u00e1 lejos, que no condena, sino que anima, libera y consuela.<\/p>\n\n\n\n<p>Podemos preguntarnos:<br><strong>\u00bfC\u00f3mo voy a mirar con amor a quien ha hablado mal de m\u00ed?<\/strong><br><strong>\u00bfA quien me ha hecho sufrir y llorar?<\/strong><br><strong>\u00bfA quien me us\u00f3 para conseguir lo que quer\u00eda?<\/strong><\/p>\n\n\n\n<p>Jes\u00fas nos responde con su ejemplo: \u00c9l no solo mira con amor a quien se comporta con amabilidad, sino a toda persona, porque todos somos hijos de Dios y <em>&#8220;dignos de ser amados&#8221;<\/em>.<\/p>\n\n\n\n<p>Jes\u00fas siempre te mira con amor. Y a quien tienes al lado\u2026 \u00a1tambi\u00e9n!<\/p>\n\n\n\n<p>El secreto para alcanzar esta mirada nos lo dan Sime\u00f3n y Ana: ellos estaban en contacto con el Se\u00f1or, esperaban y confiaban en \u00c9l, sirvi\u00e9ndolo en el templo con ayunos y oraciones d\u00eda y noche.<\/p>\n\n\n\n<p>El Papa Francisco, en la homil\u00eda de la Vida Consagrada en 2022, habla de esta mirada de amor que han sentido los consagrados:<br><em>&#8220;Sime\u00f3n vio en Jes\u00fas al Salvador&#8230; Tambi\u00e9n vosotros, queridos consagrados, sois hombres y mujeres sencillos que hab\u00e9is visto el tesoro que vale m\u00e1s que todas las riquezas del mundo. Por eso hab\u00e9is dejado cosas preciosas. \u00bfPor qu\u00e9 lo hab\u00e9is hecho? Porque os ha cautivado la mirada de Jes\u00fas. La vida consagrada es ver lo que realmente importa en la vida: la gracia de Dios que se derrama en sus manos. El consagrado es aquel que cada d\u00eda se mira y dice: \u2018Todo es don, todo es gracia\u2019. No hemos merecido la vida religiosa, es un don de amor que hemos recibido.&#8221;<\/em><\/p>\n\n\n\n<p>Que aprendamos a mirar con los ojos de Jes\u00fas, para que nuestras miradas sean fuente de amor y misericordia para los dem\u00e1s.<\/p>","protected":false},"excerpt":{"rendered":"<p>&#8220;Porque mis ojos han visto a tu Salvador.&#8221; (Lucas 2, 30) Sime\u00f3n, movido por el Esp\u00edritu,&#8230;<\/p>","protected":false},"author":3,"featured_media":0,"comment_status":"open","ping_status":"open","sticky":false,"template":"","format":"standard","meta":{"_eb_attr":"","_kadence_starter_templates_imported_post":false,"_kad_post_transparent":"","_kad_post_title":"","_kad_post_layout":"","_kad_post_sidebar_id":"","_kad_post_content_style":"","_kad_post_vertical_padding":"","_kad_post_feature":"","_kad_post_feature_position":"","_kad_post_header":false,"_kad_post_footer":false,"footnotes":""},"categories":[44],"tags":[],"class_list":["post-6373","post","type-post","status-publish","format-standard","hentry","category-meditaciones"],"yoast_head":"<!-- This site is optimized with the Yoast SEO plugin v24.8.1 - https:\/\/yoast.com\/wordpress\/plugins\/seo\/ -->\n<title>&quot;Una Mirada que Transforma&quot;. - OSMV<\/title>\n<meta name=\"robots\" content=\"index, follow, max-snippet:-1, max-image-preview:large, max-video-preview:-1\" \/>\n<link rel=\"canonical\" href=\"https:\/\/orsolinesmvarallo.org\/es\/una-mirada-que-transforma\/\" \/>\n<meta property=\"og:locale\" content=\"es_ES\" \/>\n<meta property=\"og:type\" content=\"article\" \/>\n<meta property=\"og:title\" content=\"&quot;Una Mirada que Transforma&quot;. - OSMV\" \/>\n<meta property=\"og:description\" content=\"&#8220;Porque mis ojos han visto a tu Salvador.&#8221; (Lucas 2, 30) Sime\u00f3n, movido por el Esp\u00edritu,...\" \/>\n<meta property=\"og:url\" content=\"https:\/\/orsolinesmvarallo.org\/es\/una-mirada-que-transforma\/\" \/>\n<meta property=\"og:site_name\" content=\"OSMV\" \/>\n<meta property=\"article:published_time\" content=\"2023-02-02T13:48:00+00:00\" \/>\n<meta property=\"article:modified_time\" content=\"2025-03-20T14:16:53+00:00\" \/>\n<meta name=\"author\" content=\"Stephanie Chiu\" \/>\n<meta name=\"twitter:card\" content=\"summary_large_image\" \/>\n<meta name=\"twitter:label1\" content=\"Escrito por\" \/>\n\t<meta name=\"twitter:data1\" content=\"Stephanie Chiu\" \/>\n\t<meta name=\"twitter:label2\" content=\"Tiempo de lectura\" \/>\n\t<meta name=\"twitter:data2\" content=\"3 minutos\" \/>\n<script type=\"application\/ld+json\" class=\"yoast-schema-graph\">{\"@context\":\"https:\/\/schema.org\",\"@graph\":[{\"@type\":\"Article\",\"@id\":\"https:\/\/orsolinesmvarallo.org\/una-mirada-que-transforma\/#article\",\"isPartOf\":{\"@id\":\"https:\/\/orsolinesmvarallo.org\/una-mirada-que-transforma\/\"},\"author\":{\"name\":\"Stephanie Chiu\",\"@id\":\"https:\/\/orsolinesmvarallo.org\/es\/#\/schema\/person\/43f72d3f802f865bd12208e84b86afbf\"},\"headline\":\"&#8220;Una Mirada que Transforma&#8221;.\",\"datePublished\":\"2023-02-02T13:48:00+00:00\",\"dateModified\":\"2025-03-20T14:16:53+00:00\",\"mainEntityOfPage\":{\"@id\":\"https:\/\/orsolinesmvarallo.org\/una-mirada-que-transforma\/\"},\"wordCount\":645,\"commentCount\":0,\"publisher\":{\"@id\":\"https:\/\/orsolinesmvarallo.org\/es\/#organization\"},\"articleSection\":[\"Meditaciones\"],\"inLanguage\":\"es\",\"potentialAction\":[{\"@type\":\"CommentAction\",\"name\":\"Comment\",\"target\":[\"https:\/\/orsolinesmvarallo.org\/una-mirada-que-transforma\/#respond\"]}]},{\"@type\":\"WebPage\",\"@id\":\"https:\/\/orsolinesmvarallo.org\/una-mirada-que-transforma\/\",\"url\":\"https:\/\/orsolinesmvarallo.org\/una-mirada-que-transforma\/\",\"name\":\"\\\"Una Mirada que Transforma\\\". - OSMV\",\"isPartOf\":{\"@id\":\"https:\/\/orsolinesmvarallo.org\/es\/#website\"},\"datePublished\":\"2023-02-02T13:48:00+00:00\",\"dateModified\":\"2025-03-20T14:16:53+00:00\",\"breadcrumb\":{\"@id\":\"https:\/\/orsolinesmvarallo.org\/una-mirada-que-transforma\/#breadcrumb\"},\"inLanguage\":\"es\",\"potentialAction\":[{\"@type\":\"ReadAction\",\"target\":[\"https:\/\/orsolinesmvarallo.org\/una-mirada-que-transforma\/\"]}]},{\"@type\":\"BreadcrumbList\",\"@id\":\"https:\/\/orsolinesmvarallo.org\/una-mirada-que-transforma\/#breadcrumb\",\"itemListElement\":[{\"@type\":\"ListItem\",\"position\":1,\"name\":\"Portada\",\"item\":\"https:\/\/orsolinesmvarallo.org\/\"},{\"@type\":\"ListItem\",\"position\":2,\"name\":\"&#8220;Una Mirada que Transforma&#8221;.\"}]},{\"@type\":\"WebSite\",\"@id\":\"https:\/\/orsolinesmvarallo.org\/es\/#website\",\"url\":\"https:\/\/orsolinesmvarallo.org\/es\/\",\"name\":\"OSMV\",\"description\":\"Suore Orsoline Sacro Monte di Varallo\",\"publisher\":{\"@id\":\"https:\/\/orsolinesmvarallo.org\/es\/#organization\"},\"potentialAction\":[{\"@type\":\"SearchAction\",\"target\":{\"@type\":\"EntryPoint\",\"urlTemplate\":\"https:\/\/orsolinesmvarallo.org\/es\/?s={search_term_string}\"},\"query-input\":{\"@type\":\"PropertyValueSpecification\",\"valueRequired\":true,\"valueName\":\"search_term_string\"}}],\"inLanguage\":\"es\"},{\"@type\":\"Organization\",\"@id\":\"https:\/\/orsolinesmvarallo.org\/es\/#organization\",\"name\":\"OSMV\",\"url\":\"https:\/\/orsolinesmvarallo.org\/es\/\",\"logo\":{\"@type\":\"ImageObject\",\"inLanguage\":\"es\",\"@id\":\"https:\/\/orsolinesmvarallo.org\/es\/#\/schema\/logo\/image\/\",\"url\":\"https:\/\/orsolinesmvarallo.org\/wp-content\/uploads\/2024\/12\/cropped-logoeuca-blanco.png\",\"contentUrl\":\"https:\/\/orsolinesmvarallo.org\/wp-content\/uploads\/2024\/12\/cropped-logoeuca-blanco.png\",\"width\":772,\"height\":742,\"caption\":\"OSMV\"},\"image\":{\"@id\":\"https:\/\/orsolinesmvarallo.org\/es\/#\/schema\/logo\/image\/\"}},{\"@type\":\"Person\",\"@id\":\"https:\/\/orsolinesmvarallo.org\/es\/#\/schema\/person\/43f72d3f802f865bd12208e84b86afbf\",\"name\":\"Stephanie Chiu\",\"image\":{\"@type\":\"ImageObject\",\"inLanguage\":\"es\",\"@id\":\"https:\/\/orsolinesmvarallo.org\/es\/#\/schema\/person\/image\/\",\"url\":\"https:\/\/secure.gravatar.com\/avatar\/600d05f406a8a52669b6ba9c1cb1a2a1?s=96&d=mm&r=g\",\"contentUrl\":\"https:\/\/secure.gravatar.com\/avatar\/600d05f406a8a52669b6ba9c1cb1a2a1?s=96&d=mm&r=g\",\"caption\":\"Stephanie Chiu\"},\"url\":\"https:\/\/orsolinesmvarallo.org\/es\/author\/stephanie\/\"}]}<\/script>\n<!-- \/ Yoast SEO plugin. -->","yoast_head_json":{"title":"\"Una Mirada que Transforma\". - OSMV","robots":{"index":"index","follow":"follow","max-snippet":"max-snippet:-1","max-image-preview":"max-image-preview:large","max-video-preview":"max-video-preview:-1"},"canonical":"https:\/\/orsolinesmvarallo.org\/es\/una-mirada-que-transforma\/","og_locale":"es_ES","og_type":"article","og_title":"\"Una Mirada que Transforma\". - OSMV","og_description":"&#8220;Porque mis ojos han visto a tu Salvador.&#8221; (Lucas 2, 30) Sime\u00f3n, movido por el Esp\u00edritu,...","og_url":"https:\/\/orsolinesmvarallo.org\/es\/una-mirada-que-transforma\/","og_site_name":"OSMV","article_published_time":"2023-02-02T13:48:00+00:00","article_modified_time":"2025-03-20T14:16:53+00:00","author":"Stephanie Chiu","twitter_card":"summary_large_image","twitter_misc":{"Escrito por":"Stephanie Chiu","Tiempo de lectura":"3 minutos"},"schema":{"@context":"https:\/\/schema.org","@graph":[{"@type":"Article","@id":"https:\/\/orsolinesmvarallo.org\/una-mirada-que-transforma\/#article","isPartOf":{"@id":"https:\/\/orsolinesmvarallo.org\/una-mirada-que-transforma\/"},"author":{"name":"Stephanie Chiu","@id":"https:\/\/orsolinesmvarallo.org\/es\/#\/schema\/person\/43f72d3f802f865bd12208e84b86afbf"},"headline":"&#8220;Una Mirada que Transforma&#8221;.","datePublished":"2023-02-02T13:48:00+00:00","dateModified":"2025-03-20T14:16:53+00:00","mainEntityOfPage":{"@id":"https:\/\/orsolinesmvarallo.org\/una-mirada-que-transforma\/"},"wordCount":645,"commentCount":0,"publisher":{"@id":"https:\/\/orsolinesmvarallo.org\/es\/#organization"},"articleSection":["Meditaciones"],"inLanguage":"es","potentialAction":[{"@type":"CommentAction","name":"Comment","target":["https:\/\/orsolinesmvarallo.org\/una-mirada-que-transforma\/#respond"]}]},{"@type":"WebPage","@id":"https:\/\/orsolinesmvarallo.org\/una-mirada-que-transforma\/","url":"https:\/\/orsolinesmvarallo.org\/una-mirada-que-transforma\/","name":"\"Una Mirada que Transforma\". - OSMV","isPartOf":{"@id":"https:\/\/orsolinesmvarallo.org\/es\/#website"},"datePublished":"2023-02-02T13:48:00+00:00","dateModified":"2025-03-20T14:16:53+00:00","breadcrumb":{"@id":"https:\/\/orsolinesmvarallo.org\/una-mirada-que-transforma\/#breadcrumb"},"inLanguage":"es","potentialAction":[{"@type":"ReadAction","target":["https:\/\/orsolinesmvarallo.org\/una-mirada-que-transforma\/"]}]},{"@type":"BreadcrumbList","@id":"https:\/\/orsolinesmvarallo.org\/una-mirada-que-transforma\/#breadcrumb","itemListElement":[{"@type":"ListItem","position":1,"name":"Portada","item":"https:\/\/orsolinesmvarallo.org\/"},{"@type":"ListItem","position":2,"name":"&#8220;Una Mirada que Transforma&#8221;."}]},{"@type":"WebSite","@id":"https:\/\/orsolinesmvarallo.org\/es\/#website","url":"https:\/\/orsolinesmvarallo.org\/es\/","name":"OSMV","description":"Suore Orsoline Sacro Monte di Varallo","publisher":{"@id":"https:\/\/orsolinesmvarallo.org\/es\/#organization"},"potentialAction":[{"@type":"SearchAction","target":{"@type":"EntryPoint","urlTemplate":"https:\/\/orsolinesmvarallo.org\/es\/?s={search_term_string}"},"query-input":{"@type":"PropertyValueSpecification","valueRequired":true,"valueName":"search_term_string"}}],"inLanguage":"es"},{"@type":"Organization","@id":"https:\/\/orsolinesmvarallo.org\/es\/#organization","name":"OSMV","url":"https:\/\/orsolinesmvarallo.org\/es\/","logo":{"@type":"ImageObject","inLanguage":"es","@id":"https:\/\/orsolinesmvarallo.org\/es\/#\/schema\/logo\/image\/","url":"https:\/\/orsolinesmvarallo.org\/wp-content\/uploads\/2024\/12\/cropped-logoeuca-blanco.png","contentUrl":"https:\/\/orsolinesmvarallo.org\/wp-content\/uploads\/2024\/12\/cropped-logoeuca-blanco.png","width":772,"height":742,"caption":"OSMV"},"image":{"@id":"https:\/\/orsolinesmvarallo.org\/es\/#\/schema\/logo\/image\/"}},{"@type":"Person","@id":"https:\/\/orsolinesmvarallo.org\/es\/#\/schema\/person\/43f72d3f802f865bd12208e84b86afbf","name":"Stephanie Chiu","image":{"@type":"ImageObject","inLanguage":"es","@id":"https:\/\/orsolinesmvarallo.org\/es\/#\/schema\/person\/image\/","url":"https:\/\/secure.gravatar.com\/avatar\/600d05f406a8a52669b6ba9c1cb1a2a1?s=96&d=mm&r=g","contentUrl":"https:\/\/secure.gravatar.com\/avatar\/600d05f406a8a52669b6ba9c1cb1a2a1?s=96&d=mm&r=g","caption":"Stephanie Chiu"},"url":"https:\/\/orsolinesmvarallo.org\/es\/author\/stephanie\/"}]}},"jetpack_featured_media_url":"","_links":{"self":[{"href":"https:\/\/orsolinesmvarallo.org\/es\/wp-json\/wp\/v2\/posts\/6373","targetHints":{"allow":["GET"]}}],"collection":[{"href":"https:\/\/orsolinesmvarallo.org\/es\/wp-json\/wp\/v2\/posts"}],"about":[{"href":"https:\/\/orsolinesmvarallo.org\/es\/wp-json\/wp\/v2\/types\/post"}],"author":[{"embeddable":true,"href":"https:\/\/orsolinesmvarallo.org\/es\/wp-json\/wp\/v2\/users\/3"}],"replies":[{"embeddable":true,"href":"https:\/\/orsolinesmvarallo.org\/es\/wp-json\/wp\/v2\/comments?post=6373"}],"version-history":[{"count":2,"href":"https:\/\/orsolinesmvarallo.org\/es\/wp-json\/wp\/v2\/posts\/6373\/revisions"}],"predecessor-version":[{"id":6388,"href":"https:\/\/orsolinesmvarallo.org\/es\/wp-json\/wp\/v2\/posts\/6373\/revisions\/6388"}],"wp:attachment":[{"href":"https:\/\/orsolinesmvarallo.org\/es\/wp-json\/wp\/v2\/media?parent=6373"}],"wp:term":[{"taxonomy":"category","embeddable":true,"href":"https:\/\/orsolinesmvarallo.org\/es\/wp-json\/wp\/v2\/categories?post=6373"},{"taxonomy":"post_tag","embeddable":true,"href":"https:\/\/orsolinesmvarallo.org\/es\/wp-json\/wp\/v2\/tags?post=6373"}],"curies":[{"name":"wp","href":"https:\/\/api.w.org\/{rel}","templated":true}]}}