{"id":6379,"date":"2024-06-20T15:13:00","date_gmt":"2024-06-20T13:13:00","guid":{"rendered":"https:\/\/prueba2024.orsolinesmvarallo.org\/?p=6379"},"modified":"2025-03-20T15:16:06","modified_gmt":"2025-03-20T14:16:06","slug":"senor-salvanos-la-fe-en-medio-de-la-tormenta","status":"publish","type":"post","link":"https:\/\/orsolinesmvarallo.org\/es\/senor-salvanos-la-fe-en-medio-de-la-tormenta\/","title":{"rendered":"&#8220;Se\u00f1or, S\u00e1lvanos: la fe en medio de la tormenta&#8221;."},"content":{"rendered":"<p><strong>&#8220;Jes\u00fas se puso en pie, increp\u00f3 al viento y dijo al mar: \u2018\u00a1Silencio, enmudece!\u2019. El viento ces\u00f3 y vino una gran calma. Luego les dijo: \u2018\u00bfPor qu\u00e9 tienen miedo? \u00bfA\u00fan no tienen fe?&#8221; (Marcos 4, 39-40).<\/strong><\/p>\n\n\n\n<p>Hoy podemos preguntarnos: <strong>\u00bfcu\u00e1les son los vientos que sacuden mi vida?<\/strong> \u00bfCu\u00e1les son esas olas que obstaculizan mi camino y ponen en peligro mi vida espiritual, mi familia, mi paz interior?<\/p>\n\n\n\n<p>Este es el punto de partida de nuestra fe: reconocer que <strong>no podemos sostenernos solos<\/strong>, que necesitamos a Jes\u00fas tanto como los marineros necesitan las estrellas para orientarse. La fe comienza cuando aceptamos que <strong>no bastamos por nosotros mismos<\/strong>, cuando sentimos la necesidad de Dios.<\/p>\n\n\n\n<p>Muchas veces caemos en la tentaci\u00f3n de encerrarnos en nuestros problemas, de pensar que debemos enfrentar todo con nuestras propias fuerzas. Tambi\u00e9n podemos caer en una <strong>falsa religiosidad<\/strong> que solo busca a Dios cuando es conveniente o cuando la desesperaci\u00f3n nos abruma.<\/p>\n\n\n\n<p>Pero cuando, en medio de la tormenta, <strong>le gritamos al Se\u00f1or, \u00c9l obra maravillas en nosotros<\/strong>. La oraci\u00f3n tiene una fuerza extraordinaria: es capaz de calmar los vientos y las olas de nuestra vida.<\/p>\n\n\n\n<p>Jes\u00fas, implorado por los disc\u00edpulos, calma la tormenta y les hace una pregunta que tambi\u00e9n nos desaf\u00eda hoy:<strong> <\/strong><em>&#8220;\u00bfPor qu\u00e9 tienen miedo? \u00bfA\u00fan no tienen fe?&#8221;<\/em> (Marcos 4, 40).<\/p>\n\n\n\n<p>Los disc\u00edpulos <strong>dejaron que el miedo dominara su mirada<\/strong>. Se enfocaron en las olas, en la tormenta, en la oscuridad, y <strong>olvidaron mirar a Jes\u00fas<\/strong>.<\/p>\n\n\n\n<p>Nosotros tambi\u00e9n caemos en lo mismo: <strong>vemos nuestros problemas m\u00e1s grandes que Dios<\/strong>. Nos dejamos absorber por la angustia, por las dificultades, por lo que parece imposible, en vez de mirar al Se\u00f1or y confiar en \u00c9l.<\/p>\n\n\n\n<p>\u00bfCu\u00e1ntas veces dejamos a Jes\u00fas en el fondo de la barca de nuestra vida?<br>Lo mantenemos a un lado, sin prestarle atenci\u00f3n, y solo lo despertamos <strong>cuando estamos en crisis<\/strong>.<\/p>\n\n\n\n<hr class=\"wp-block-separator has-alpha-channel-opacity\" \/>\n\n\n\n<p>El Papa Francisco nos recuerda:<br><em>Pidamos hoy la gracia de una fe que no se canse de buscar al Se\u00f1or, de llamar a la puerta de su Coraz\u00f3n.&#8221;<\/em><\/p>\n\n\n\n<p>Jes\u00fas est\u00e1 con nosotros <strong>en cada tormenta<\/strong>. Puede parecer que duerme, que est\u00e1 en silencio, que no responde, pero <strong>\u00c9l nunca nos abandona<\/strong>.<\/p>\n\n\n\n<p>Hoy, en medio de cualquier dificultad que est\u00e9s viviendo, <strong>abre tu coraz\u00f3n a Dios<\/strong>. Deja que \u00c9l calme las tormentas de tu vida y llene tu alma con su paz.<\/p>","protected":false},"excerpt":{"rendered":"<p>&#8220;Jes\u00fas se puso en pie, increp\u00f3 al viento y dijo al mar: \u2018\u00a1Silencio, enmudece!\u2019. El viento&#8230;<\/p>","protected":false},"author":3,"featured_media":0,"comment_status":"open","ping_status":"open","sticky":false,"template":"","format":"standard","meta":{"_eb_attr":"","_kadence_starter_templates_imported_post":false,"_kad_post_transparent":"","_kad_post_title":"","_kad_post_layout":"","_kad_post_sidebar_id":"","_kad_post_content_style":"","_kad_post_vertical_padding":"","_kad_post_feature":"","_kad_post_feature_position":"","_kad_post_header":false,"_kad_post_footer":false,"footnotes":""},"categories":[44],"tags":[],"class_list":["post-6379","post","type-post","status-publish","format-standard","hentry","category-meditaciones"],"yoast_head":"<!-- This site is optimized with the Yoast SEO plugin v24.8.1 - https:\/\/yoast.com\/wordpress\/plugins\/seo\/ -->\n<title>&quot;Se\u00f1or, S\u00e1lvanos: la fe en medio de la tormenta&quot;. - OSMV<\/title>\n<meta name=\"robots\" content=\"index, follow, max-snippet:-1, max-image-preview:large, max-video-preview:-1\" \/>\n<link rel=\"canonical\" href=\"https:\/\/orsolinesmvarallo.org\/es\/senor-salvanos-la-fe-en-medio-de-la-tormenta\/\" \/>\n<meta property=\"og:locale\" content=\"es_ES\" \/>\n<meta property=\"og:type\" content=\"article\" \/>\n<meta property=\"og:title\" content=\"&quot;Se\u00f1or, S\u00e1lvanos: la fe en medio de la tormenta&quot;. - OSMV\" \/>\n<meta property=\"og:description\" content=\"&#8220;Jes\u00fas se puso en pie, increp\u00f3 al viento y dijo al mar: \u2018\u00a1Silencio, enmudece!\u2019. El viento...\" \/>\n<meta property=\"og:url\" content=\"https:\/\/orsolinesmvarallo.org\/es\/senor-salvanos-la-fe-en-medio-de-la-tormenta\/\" \/>\n<meta property=\"og:site_name\" content=\"OSMV\" \/>\n<meta property=\"article:published_time\" content=\"2024-06-20T13:13:00+00:00\" \/>\n<meta property=\"article:modified_time\" content=\"2025-03-20T14:16:06+00:00\" \/>\n<meta name=\"author\" content=\"Stephanie Chiu\" \/>\n<meta name=\"twitter:card\" content=\"summary_large_image\" \/>\n<meta name=\"twitter:label1\" content=\"Escrito por\" \/>\n\t<meta name=\"twitter:data1\" content=\"Stephanie Chiu\" \/>\n\t<meta name=\"twitter:label2\" content=\"Tiempo de lectura\" \/>\n\t<meta name=\"twitter:data2\" content=\"2 minutos\" \/>\n<script type=\"application\/ld+json\" class=\"yoast-schema-graph\">{\"@context\":\"https:\/\/schema.org\",\"@graph\":[{\"@type\":\"Article\",\"@id\":\"https:\/\/orsolinesmvarallo.org\/es\/senor-salvanos-la-fe-en-medio-de-la-tormenta\/#article\",\"isPartOf\":{\"@id\":\"https:\/\/orsolinesmvarallo.org\/es\/senor-salvanos-la-fe-en-medio-de-la-tormenta\/\"},\"author\":{\"name\":\"Stephanie Chiu\",\"@id\":\"https:\/\/orsolinesmvarallo.org\/es\/#\/schema\/person\/43f72d3f802f865bd12208e84b86afbf\"},\"headline\":\"&#8220;Se\u00f1or, S\u00e1lvanos: la fe en medio de la tormenta&#8221;.\",\"datePublished\":\"2024-06-20T13:13:00+00:00\",\"dateModified\":\"2025-03-20T14:16:06+00:00\",\"mainEntityOfPage\":{\"@id\":\"https:\/\/orsolinesmvarallo.org\/es\/senor-salvanos-la-fe-en-medio-de-la-tormenta\/\"},\"wordCount\":426,\"commentCount\":0,\"publisher\":{\"@id\":\"https:\/\/orsolinesmvarallo.org\/es\/#organization\"},\"articleSection\":[\"Meditaciones\"],\"inLanguage\":\"es\",\"potentialAction\":[{\"@type\":\"CommentAction\",\"name\":\"Comment\",\"target\":[\"https:\/\/orsolinesmvarallo.org\/es\/senor-salvanos-la-fe-en-medio-de-la-tormenta\/#respond\"]}]},{\"@type\":\"WebPage\",\"@id\":\"https:\/\/orsolinesmvarallo.org\/es\/senor-salvanos-la-fe-en-medio-de-la-tormenta\/\",\"url\":\"https:\/\/orsolinesmvarallo.org\/es\/senor-salvanos-la-fe-en-medio-de-la-tormenta\/\",\"name\":\"\\\"Se\u00f1or, S\u00e1lvanos: la fe en medio de la tormenta\\\". - OSMV\",\"isPartOf\":{\"@id\":\"https:\/\/orsolinesmvarallo.org\/es\/#website\"},\"datePublished\":\"2024-06-20T13:13:00+00:00\",\"dateModified\":\"2025-03-20T14:16:06+00:00\",\"breadcrumb\":{\"@id\":\"https:\/\/orsolinesmvarallo.org\/es\/senor-salvanos-la-fe-en-medio-de-la-tormenta\/#breadcrumb\"},\"inLanguage\":\"es\",\"potentialAction\":[{\"@type\":\"ReadAction\",\"target\":[\"https:\/\/orsolinesmvarallo.org\/es\/senor-salvanos-la-fe-en-medio-de-la-tormenta\/\"]}]},{\"@type\":\"BreadcrumbList\",\"@id\":\"https:\/\/orsolinesmvarallo.org\/es\/senor-salvanos-la-fe-en-medio-de-la-tormenta\/#breadcrumb\",\"itemListElement\":[{\"@type\":\"ListItem\",\"position\":1,\"name\":\"Portada\",\"item\":\"https:\/\/orsolinesmvarallo.org\/\"},{\"@type\":\"ListItem\",\"position\":2,\"name\":\"&#8220;Se\u00f1or, S\u00e1lvanos: la fe en medio de la tormenta&#8221;.\"}]},{\"@type\":\"WebSite\",\"@id\":\"https:\/\/orsolinesmvarallo.org\/es\/#website\",\"url\":\"https:\/\/orsolinesmvarallo.org\/es\/\",\"name\":\"OSMV\",\"description\":\"Suore Orsoline Sacro Monte di Varallo\",\"publisher\":{\"@id\":\"https:\/\/orsolinesmvarallo.org\/es\/#organization\"},\"potentialAction\":[{\"@type\":\"SearchAction\",\"target\":{\"@type\":\"EntryPoint\",\"urlTemplate\":\"https:\/\/orsolinesmvarallo.org\/es\/?s={search_term_string}\"},\"query-input\":{\"@type\":\"PropertyValueSpecification\",\"valueRequired\":true,\"valueName\":\"search_term_string\"}}],\"inLanguage\":\"es\"},{\"@type\":\"Organization\",\"@id\":\"https:\/\/orsolinesmvarallo.org\/es\/#organization\",\"name\":\"OSMV\",\"url\":\"https:\/\/orsolinesmvarallo.org\/es\/\",\"logo\":{\"@type\":\"ImageObject\",\"inLanguage\":\"es\",\"@id\":\"https:\/\/orsolinesmvarallo.org\/es\/#\/schema\/logo\/image\/\",\"url\":\"https:\/\/orsolinesmvarallo.org\/wp-content\/uploads\/2024\/12\/cropped-logoeuca-blanco.png\",\"contentUrl\":\"https:\/\/orsolinesmvarallo.org\/wp-content\/uploads\/2024\/12\/cropped-logoeuca-blanco.png\",\"width\":772,\"height\":742,\"caption\":\"OSMV\"},\"image\":{\"@id\":\"https:\/\/orsolinesmvarallo.org\/es\/#\/schema\/logo\/image\/\"}},{\"@type\":\"Person\",\"@id\":\"https:\/\/orsolinesmvarallo.org\/es\/#\/schema\/person\/43f72d3f802f865bd12208e84b86afbf\",\"name\":\"Stephanie Chiu\",\"image\":{\"@type\":\"ImageObject\",\"inLanguage\":\"es\",\"@id\":\"https:\/\/orsolinesmvarallo.org\/es\/#\/schema\/person\/image\/\",\"url\":\"https:\/\/secure.gravatar.com\/avatar\/600d05f406a8a52669b6ba9c1cb1a2a1?s=96&d=mm&r=g\",\"contentUrl\":\"https:\/\/secure.gravatar.com\/avatar\/600d05f406a8a52669b6ba9c1cb1a2a1?s=96&d=mm&r=g\",\"caption\":\"Stephanie Chiu\"},\"url\":\"https:\/\/orsolinesmvarallo.org\/es\/author\/stephanie\/\"}]}<\/script>\n<!-- \/ Yoast SEO plugin. -->","yoast_head_json":{"title":"\"Se\u00f1or, S\u00e1lvanos: la fe en medio de la tormenta\". - OSMV","robots":{"index":"index","follow":"follow","max-snippet":"max-snippet:-1","max-image-preview":"max-image-preview:large","max-video-preview":"max-video-preview:-1"},"canonical":"https:\/\/orsolinesmvarallo.org\/es\/senor-salvanos-la-fe-en-medio-de-la-tormenta\/","og_locale":"es_ES","og_type":"article","og_title":"\"Se\u00f1or, S\u00e1lvanos: la fe en medio de la tormenta\". - OSMV","og_description":"&#8220;Jes\u00fas se puso en pie, increp\u00f3 al viento y dijo al mar: \u2018\u00a1Silencio, enmudece!\u2019. El viento...","og_url":"https:\/\/orsolinesmvarallo.org\/es\/senor-salvanos-la-fe-en-medio-de-la-tormenta\/","og_site_name":"OSMV","article_published_time":"2024-06-20T13:13:00+00:00","article_modified_time":"2025-03-20T14:16:06+00:00","author":"Stephanie Chiu","twitter_card":"summary_large_image","twitter_misc":{"Escrito por":"Stephanie Chiu","Tiempo de lectura":"2 minutos"},"schema":{"@context":"https:\/\/schema.org","@graph":[{"@type":"Article","@id":"https:\/\/orsolinesmvarallo.org\/es\/senor-salvanos-la-fe-en-medio-de-la-tormenta\/#article","isPartOf":{"@id":"https:\/\/orsolinesmvarallo.org\/es\/senor-salvanos-la-fe-en-medio-de-la-tormenta\/"},"author":{"name":"Stephanie Chiu","@id":"https:\/\/orsolinesmvarallo.org\/es\/#\/schema\/person\/43f72d3f802f865bd12208e84b86afbf"},"headline":"&#8220;Se\u00f1or, S\u00e1lvanos: la fe en medio de la tormenta&#8221;.","datePublished":"2024-06-20T13:13:00+00:00","dateModified":"2025-03-20T14:16:06+00:00","mainEntityOfPage":{"@id":"https:\/\/orsolinesmvarallo.org\/es\/senor-salvanos-la-fe-en-medio-de-la-tormenta\/"},"wordCount":426,"commentCount":0,"publisher":{"@id":"https:\/\/orsolinesmvarallo.org\/es\/#organization"},"articleSection":["Meditaciones"],"inLanguage":"es","potentialAction":[{"@type":"CommentAction","name":"Comment","target":["https:\/\/orsolinesmvarallo.org\/es\/senor-salvanos-la-fe-en-medio-de-la-tormenta\/#respond"]}]},{"@type":"WebPage","@id":"https:\/\/orsolinesmvarallo.org\/es\/senor-salvanos-la-fe-en-medio-de-la-tormenta\/","url":"https:\/\/orsolinesmvarallo.org\/es\/senor-salvanos-la-fe-en-medio-de-la-tormenta\/","name":"\"Se\u00f1or, S\u00e1lvanos: la fe en medio de la tormenta\". - OSMV","isPartOf":{"@id":"https:\/\/orsolinesmvarallo.org\/es\/#website"},"datePublished":"2024-06-20T13:13:00+00:00","dateModified":"2025-03-20T14:16:06+00:00","breadcrumb":{"@id":"https:\/\/orsolinesmvarallo.org\/es\/senor-salvanos-la-fe-en-medio-de-la-tormenta\/#breadcrumb"},"inLanguage":"es","potentialAction":[{"@type":"ReadAction","target":["https:\/\/orsolinesmvarallo.org\/es\/senor-salvanos-la-fe-en-medio-de-la-tormenta\/"]}]},{"@type":"BreadcrumbList","@id":"https:\/\/orsolinesmvarallo.org\/es\/senor-salvanos-la-fe-en-medio-de-la-tormenta\/#breadcrumb","itemListElement":[{"@type":"ListItem","position":1,"name":"Portada","item":"https:\/\/orsolinesmvarallo.org\/"},{"@type":"ListItem","position":2,"name":"&#8220;Se\u00f1or, S\u00e1lvanos: la fe en medio de la tormenta&#8221;."}]},{"@type":"WebSite","@id":"https:\/\/orsolinesmvarallo.org\/es\/#website","url":"https:\/\/orsolinesmvarallo.org\/es\/","name":"OSMV","description":"Suore Orsoline Sacro Monte di Varallo","publisher":{"@id":"https:\/\/orsolinesmvarallo.org\/es\/#organization"},"potentialAction":[{"@type":"SearchAction","target":{"@type":"EntryPoint","urlTemplate":"https:\/\/orsolinesmvarallo.org\/es\/?s={search_term_string}"},"query-input":{"@type":"PropertyValueSpecification","valueRequired":true,"valueName":"search_term_string"}}],"inLanguage":"es"},{"@type":"Organization","@id":"https:\/\/orsolinesmvarallo.org\/es\/#organization","name":"OSMV","url":"https:\/\/orsolinesmvarallo.org\/es\/","logo":{"@type":"ImageObject","inLanguage":"es","@id":"https:\/\/orsolinesmvarallo.org\/es\/#\/schema\/logo\/image\/","url":"https:\/\/orsolinesmvarallo.org\/wp-content\/uploads\/2024\/12\/cropped-logoeuca-blanco.png","contentUrl":"https:\/\/orsolinesmvarallo.org\/wp-content\/uploads\/2024\/12\/cropped-logoeuca-blanco.png","width":772,"height":742,"caption":"OSMV"},"image":{"@id":"https:\/\/orsolinesmvarallo.org\/es\/#\/schema\/logo\/image\/"}},{"@type":"Person","@id":"https:\/\/orsolinesmvarallo.org\/es\/#\/schema\/person\/43f72d3f802f865bd12208e84b86afbf","name":"Stephanie Chiu","image":{"@type":"ImageObject","inLanguage":"es","@id":"https:\/\/orsolinesmvarallo.org\/es\/#\/schema\/person\/image\/","url":"https:\/\/secure.gravatar.com\/avatar\/600d05f406a8a52669b6ba9c1cb1a2a1?s=96&d=mm&r=g","contentUrl":"https:\/\/secure.gravatar.com\/avatar\/600d05f406a8a52669b6ba9c1cb1a2a1?s=96&d=mm&r=g","caption":"Stephanie Chiu"},"url":"https:\/\/orsolinesmvarallo.org\/es\/author\/stephanie\/"}]}},"jetpack_featured_media_url":"","_links":{"self":[{"href":"https:\/\/orsolinesmvarallo.org\/es\/wp-json\/wp\/v2\/posts\/6379","targetHints":{"allow":["GET"]}}],"collection":[{"href":"https:\/\/orsolinesmvarallo.org\/es\/wp-json\/wp\/v2\/posts"}],"about":[{"href":"https:\/\/orsolinesmvarallo.org\/es\/wp-json\/wp\/v2\/types\/post"}],"author":[{"embeddable":true,"href":"https:\/\/orsolinesmvarallo.org\/es\/wp-json\/wp\/v2\/users\/3"}],"replies":[{"embeddable":true,"href":"https:\/\/orsolinesmvarallo.org\/es\/wp-json\/wp\/v2\/comments?post=6379"}],"version-history":[{"count":2,"href":"https:\/\/orsolinesmvarallo.org\/es\/wp-json\/wp\/v2\/posts\/6379\/revisions"}],"predecessor-version":[{"id":6381,"href":"https:\/\/orsolinesmvarallo.org\/es\/wp-json\/wp\/v2\/posts\/6379\/revisions\/6381"}],"wp:attachment":[{"href":"https:\/\/orsolinesmvarallo.org\/es\/wp-json\/wp\/v2\/media?parent=6379"}],"wp:term":[{"taxonomy":"category","embeddable":true,"href":"https:\/\/orsolinesmvarallo.org\/es\/wp-json\/wp\/v2\/categories?post=6379"},{"taxonomy":"post_tag","embeddable":true,"href":"https:\/\/orsolinesmvarallo.org\/es\/wp-json\/wp\/v2\/tags?post=6379"}],"curies":[{"name":"wp","href":"https:\/\/api.w.org\/{rel}","templated":true}]}}