{"id":6391,"date":"2025-01-09T18:36:57","date_gmt":"2025-01-09T17:36:57","guid":{"rendered":"https:\/\/orsolinesmvarallo.org\/?p=6391"},"modified":"2025-06-18T15:29:44","modified_gmt":"2025-06-18T13:29:44","slug":"el-bautismo-de-jesus-nuestra-propia-consagracion","status":"publish","type":"post","link":"https:\/\/orsolinesmvarallo.org\/es\/el-bautismo-de-jesus-nuestra-propia-consagracion\/","title":{"rendered":"&#8220;El Bautismo de Jes\u00fas: Nuestra Propia Consagraci\u00f3n&#8221;"},"content":{"rendered":"<p><strong>&#8220;Nadie me quita la vida; yo la doy por mi propia voluntad.&#8221; (Juan 10, 18)<\/strong><\/p>\n\n\n\n<p>Hoy quiero hablarles sobre el Bautismo de Jes\u00fas, no solo como un acontecimiento b\u00edblico, sino tambi\u00e9n como una consagraci\u00f3n especial que ilumina nuestra propia experiencia bautismal. Reflexionemos juntos sobre el significado profundo de esta consagraci\u00f3n que todos hemos recibido.<br><br>La palabra &#8220;consagraci\u00f3n&#8221; proviene del lat\u00edn: \u201cCON\u201d, que significa &#8220;junto&#8221;, y \u201cSACRO\u201d, que se refiere a &#8220;lo sagrado&#8221;. Literalmente, consagraci\u00f3n quiere decir &#8220;con lo sagrado&#8221;, \u00a1con Dios! Ser consagrado implica ser apartado para vivir plenamente en \u00c9l y para \u00c9l. Esta es una realidad que nos introduce el Bautismo, donde somos elevados a la dignidad de hijos de Dios y configurados con Cristo por su gracia.<br><br>Por el Bautismo, el Esp\u00edritu Santo nos separa del mundo para prepararnos a vivir eternamente con Dios, teniendo a Cristo como nuestro modelo perfecto. Sin embargo, somos conscientes de que el pecado puede nublar nuestra conciencia, llev\u00e1ndonos a olvidar esta dignidad tan sublime que se nos ha otorgado. Por eso, la consagraci\u00f3n bautismal nos llama constantemente a redescubrir la belleza de nuestra identidad en Cristo y el prop\u00f3sito de nuestra vida.<br><br>Esta consagraci\u00f3n no se trata de &#8220;hacer cosas&#8221; para ganar el m\u00e9rito de la eternidad, porque el que obra y ama primero es el Se\u00f1or. Se trata de ser libres de toda esclavitud y descubrir la originalidad de nuestro ser: esa obra \u00fanica y amada que Dios ha creado. \u00c9l sue\u00f1a algo grande para cada uno de nosotros y, en el d\u00eda a d\u00eda, en el amor concreto, aprendemos a vivir en Su entrega total.<br><br>Sin embargo, muchas veces, en nuestra vida cotidiana, caemos en ataduras que nos impiden vivir plenamente esta consagraci\u00f3n:<br><br>&#8211; Vivir pendientes del tel\u00e9fono o las redes sociales.<br><br>&#8211; Estar atrapados en relaciones t\u00f3xicas.<br><br>&#8211; Consumir compulsivamente bienes materiales para llenar vac\u00edos emocionales.<br><br>&#8211; Dejar que el miedo al fracaso impida tomar decisiones importantes.<br><br>&#8211; Comer en exceso o de manera desordenada por estr\u00e9s o ansiedad.<br><br>&#8211; Sentirse obligado a mantener una apariencia f\u00edsica perfecta.<br><br>&#8211; Aferrarse al rencor y no perdonar.<br><br>&#8211; Tener miedo a la soledad, lo que lleva a buscar compa\u00f1\u00eda a toda costa, incluso en ambientes o con personas que hacen da\u00f1o.<br><br>&#8211; Depender de sustancias como la cafe\u00edna, el alcohol o los medicamentos para afrontar el d\u00eda.<br><br>&#8211; Caer en el ego\u00edsmo, la indiferencia hacia los dem\u00e1s, la manipulaci\u00f3n emocional o la imposici\u00f3n de opiniones.<br><br><\/p>\n\n\n\n<p><\/p>\n\n\n\n<p>El ejemplo de Jes\u00fas es lavarnos los pies unos a otros<br><br>El Se\u00f1or nos ense\u00f1a c\u00f3mo amar verdaderamente con gestos concretos. Cuando dice: \u201cYa te has ba\u00f1ado\u201d, alude al Bautismo, esa circuncisi\u00f3n del coraz\u00f3n que nos limpia y transforma. Solo nos pide lavar los pies: un acto humilde de servicio mutuo, que es signo del amor que se da, se renueva y se entrega cada d\u00eda.<br><br>Jes\u00fas, al lavar los pies de sus disc\u00edpulos, nos da el ejemplo para que lo hagamos unos con otros. Nos invita a vivir en una comunidad de amor, acogiendo a los dem\u00e1s como si lo acogi\u00e9ramos a \u00c9l mismo, con docilidad, humildad y obediencia. Este camino de consagraci\u00f3n no es una carga, sino una liberaci\u00f3n que nos lleva a descubrir el verdadero amor de Jes\u00fas.<br><br>Recordemos tambi\u00e9n las palabras de Jes\u00fas: \u201cNadie me quita la vida; yo la doy por mi propia voluntad\u201d (Jn 10, 18). \u00c9l se despoj\u00f3 de su divinidad para amar hasta el extremo, sin elegir d\u00f3nde servir. Como nos dice la Escritura, \u201cpas\u00f3 haciendo el bien\u201d, y este es el ejemplo que tambi\u00e9n debemos seguir: vivir como bautizados, como consagrados, llevando el amor de Dios a todos los rincones de nuestra vida.<br><br>Que el Bautismo de Jes\u00fas sea para nosotros una inspiraci\u00f3n constante para vivir nuestra consagraci\u00f3n con gozo, libertad y entrega total. Am\u00e9n.<\/p>","protected":false},"excerpt":{"rendered":"<p>&#8220;Nadie me quita la vida; yo la doy por mi propia voluntad.&#8221; (Juan 10, 18) Hoy&#8230;<\/p>","protected":false},"author":3,"featured_media":0,"comment_status":"closed","ping_status":"open","sticky":false,"template":"","format":"standard","meta":{"_eb_attr":"","_kadence_starter_templates_imported_post":false,"_kad_post_transparent":"","_kad_post_title":"","_kad_post_layout":"","_kad_post_sidebar_id":"","_kad_post_content_style":"","_kad_post_vertical_padding":"","_kad_post_feature":"","_kad_post_feature_position":"","_kad_post_header":false,"_kad_post_footer":false,"footnotes":""},"categories":[44],"tags":[],"class_list":["post-6391","post","type-post","status-publish","format-standard","hentry","category-meditaciones"],"yoast_head":"<!-- This site is optimized with the Yoast SEO plugin v24.8.1 - https:\/\/yoast.com\/wordpress\/plugins\/seo\/ -->\n<title>&quot;El Bautismo de Jes\u00fas: Nuestra Propia Consagraci\u00f3n&quot; - OSMV<\/title>\n<meta name=\"robots\" content=\"index, follow, max-snippet:-1, max-image-preview:large, max-video-preview:-1\" \/>\n<link rel=\"canonical\" href=\"https:\/\/orsolinesmvarallo.org\/es\/el-bautismo-de-jesus-nuestra-propia-consagracion\/\" \/>\n<meta property=\"og:locale\" content=\"es_ES\" \/>\n<meta property=\"og:type\" content=\"article\" \/>\n<meta property=\"og:title\" content=\"&quot;El Bautismo de Jes\u00fas: Nuestra Propia Consagraci\u00f3n&quot; - OSMV\" \/>\n<meta property=\"og:description\" content=\"&#8220;Nadie me quita la vida; yo la doy por mi propia voluntad.&#8221; (Juan 10, 18) Hoy...\" \/>\n<meta property=\"og:url\" content=\"https:\/\/orsolinesmvarallo.org\/es\/el-bautismo-de-jesus-nuestra-propia-consagracion\/\" \/>\n<meta property=\"og:site_name\" content=\"OSMV\" \/>\n<meta property=\"article:published_time\" content=\"2025-01-09T17:36:57+00:00\" \/>\n<meta property=\"article:modified_time\" content=\"2025-06-18T13:29:44+00:00\" \/>\n<meta name=\"author\" content=\"Stephanie Chiu\" \/>\n<meta name=\"twitter:card\" content=\"summary_large_image\" \/>\n<meta name=\"twitter:label1\" content=\"Escrito por\" \/>\n\t<meta name=\"twitter:data1\" content=\"Stephanie Chiu\" \/>\n\t<meta name=\"twitter:label2\" content=\"Tiempo de lectura\" \/>\n\t<meta name=\"twitter:data2\" content=\"3 minutos\" \/>\n<script type=\"application\/ld+json\" class=\"yoast-schema-graph\">{\"@context\":\"https:\/\/schema.org\",\"@graph\":[{\"@type\":\"Article\",\"@id\":\"https:\/\/orsolinesmvarallo.org\/el-bautismo-de-jesus-nuestra-propia-consagracion\/#article\",\"isPartOf\":{\"@id\":\"https:\/\/orsolinesmvarallo.org\/el-bautismo-de-jesus-nuestra-propia-consagracion\/\"},\"author\":{\"name\":\"Stephanie Chiu\",\"@id\":\"https:\/\/orsolinesmvarallo.org\/es\/#\/schema\/person\/43f72d3f802f865bd12208e84b86afbf\"},\"headline\":\"&#8220;El Bautismo de Jes\u00fas: Nuestra Propia Consagraci\u00f3n&#8221;\",\"datePublished\":\"2025-01-09T17:36:57+00:00\",\"dateModified\":\"2025-06-18T13:29:44+00:00\",\"mainEntityOfPage\":{\"@id\":\"https:\/\/orsolinesmvarallo.org\/el-bautismo-de-jesus-nuestra-propia-consagracion\/\"},\"wordCount\":689,\"publisher\":{\"@id\":\"https:\/\/orsolinesmvarallo.org\/es\/#organization\"},\"articleSection\":[\"Meditaciones\"],\"inLanguage\":\"es\"},{\"@type\":\"WebPage\",\"@id\":\"https:\/\/orsolinesmvarallo.org\/el-bautismo-de-jesus-nuestra-propia-consagracion\/\",\"url\":\"https:\/\/orsolinesmvarallo.org\/el-bautismo-de-jesus-nuestra-propia-consagracion\/\",\"name\":\"\\\"El Bautismo de Jes\u00fas: Nuestra Propia Consagraci\u00f3n\\\" - OSMV\",\"isPartOf\":{\"@id\":\"https:\/\/orsolinesmvarallo.org\/es\/#website\"},\"datePublished\":\"2025-01-09T17:36:57+00:00\",\"dateModified\":\"2025-06-18T13:29:44+00:00\",\"breadcrumb\":{\"@id\":\"https:\/\/orsolinesmvarallo.org\/el-bautismo-de-jesus-nuestra-propia-consagracion\/#breadcrumb\"},\"inLanguage\":\"es\",\"potentialAction\":[{\"@type\":\"ReadAction\",\"target\":[\"https:\/\/orsolinesmvarallo.org\/el-bautismo-de-jesus-nuestra-propia-consagracion\/\"]}]},{\"@type\":\"BreadcrumbList\",\"@id\":\"https:\/\/orsolinesmvarallo.org\/el-bautismo-de-jesus-nuestra-propia-consagracion\/#breadcrumb\",\"itemListElement\":[{\"@type\":\"ListItem\",\"position\":1,\"name\":\"Portada\",\"item\":\"https:\/\/orsolinesmvarallo.org\/\"},{\"@type\":\"ListItem\",\"position\":2,\"name\":\"&#8220;El Bautismo de Jes\u00fas: Nuestra Propia Consagraci\u00f3n&#8221;\"}]},{\"@type\":\"WebSite\",\"@id\":\"https:\/\/orsolinesmvarallo.org\/es\/#website\",\"url\":\"https:\/\/orsolinesmvarallo.org\/es\/\",\"name\":\"OSMV\",\"description\":\"Suore Orsoline Sacro Monte di Varallo\",\"publisher\":{\"@id\":\"https:\/\/orsolinesmvarallo.org\/es\/#organization\"},\"potentialAction\":[{\"@type\":\"SearchAction\",\"target\":{\"@type\":\"EntryPoint\",\"urlTemplate\":\"https:\/\/orsolinesmvarallo.org\/es\/?s={search_term_string}\"},\"query-input\":{\"@type\":\"PropertyValueSpecification\",\"valueRequired\":true,\"valueName\":\"search_term_string\"}}],\"inLanguage\":\"es\"},{\"@type\":\"Organization\",\"@id\":\"https:\/\/orsolinesmvarallo.org\/es\/#organization\",\"name\":\"OSMV\",\"url\":\"https:\/\/orsolinesmvarallo.org\/es\/\",\"logo\":{\"@type\":\"ImageObject\",\"inLanguage\":\"es\",\"@id\":\"https:\/\/orsolinesmvarallo.org\/es\/#\/schema\/logo\/image\/\",\"url\":\"https:\/\/orsolinesmvarallo.org\/wp-content\/uploads\/2024\/12\/cropped-logoeuca-blanco.png\",\"contentUrl\":\"https:\/\/orsolinesmvarallo.org\/wp-content\/uploads\/2024\/12\/cropped-logoeuca-blanco.png\",\"width\":772,\"height\":742,\"caption\":\"OSMV\"},\"image\":{\"@id\":\"https:\/\/orsolinesmvarallo.org\/es\/#\/schema\/logo\/image\/\"}},{\"@type\":\"Person\",\"@id\":\"https:\/\/orsolinesmvarallo.org\/es\/#\/schema\/person\/43f72d3f802f865bd12208e84b86afbf\",\"name\":\"Stephanie Chiu\",\"image\":{\"@type\":\"ImageObject\",\"inLanguage\":\"es\",\"@id\":\"https:\/\/orsolinesmvarallo.org\/es\/#\/schema\/person\/image\/\",\"url\":\"https:\/\/secure.gravatar.com\/avatar\/600d05f406a8a52669b6ba9c1cb1a2a1?s=96&d=mm&r=g\",\"contentUrl\":\"https:\/\/secure.gravatar.com\/avatar\/600d05f406a8a52669b6ba9c1cb1a2a1?s=96&d=mm&r=g\",\"caption\":\"Stephanie Chiu\"},\"url\":\"https:\/\/orsolinesmvarallo.org\/es\/author\/stephanie\/\"}]}<\/script>\n<!-- \/ Yoast SEO plugin. -->","yoast_head_json":{"title":"\"El Bautismo de Jes\u00fas: Nuestra Propia Consagraci\u00f3n\" - OSMV","robots":{"index":"index","follow":"follow","max-snippet":"max-snippet:-1","max-image-preview":"max-image-preview:large","max-video-preview":"max-video-preview:-1"},"canonical":"https:\/\/orsolinesmvarallo.org\/es\/el-bautismo-de-jesus-nuestra-propia-consagracion\/","og_locale":"es_ES","og_type":"article","og_title":"\"El Bautismo de Jes\u00fas: Nuestra Propia Consagraci\u00f3n\" - OSMV","og_description":"&#8220;Nadie me quita la vida; yo la doy por mi propia voluntad.&#8221; (Juan 10, 18) Hoy...","og_url":"https:\/\/orsolinesmvarallo.org\/es\/el-bautismo-de-jesus-nuestra-propia-consagracion\/","og_site_name":"OSMV","article_published_time":"2025-01-09T17:36:57+00:00","article_modified_time":"2025-06-18T13:29:44+00:00","author":"Stephanie Chiu","twitter_card":"summary_large_image","twitter_misc":{"Escrito por":"Stephanie Chiu","Tiempo de lectura":"3 minutos"},"schema":{"@context":"https:\/\/schema.org","@graph":[{"@type":"Article","@id":"https:\/\/orsolinesmvarallo.org\/el-bautismo-de-jesus-nuestra-propia-consagracion\/#article","isPartOf":{"@id":"https:\/\/orsolinesmvarallo.org\/el-bautismo-de-jesus-nuestra-propia-consagracion\/"},"author":{"name":"Stephanie Chiu","@id":"https:\/\/orsolinesmvarallo.org\/es\/#\/schema\/person\/43f72d3f802f865bd12208e84b86afbf"},"headline":"&#8220;El Bautismo de Jes\u00fas: Nuestra Propia Consagraci\u00f3n&#8221;","datePublished":"2025-01-09T17:36:57+00:00","dateModified":"2025-06-18T13:29:44+00:00","mainEntityOfPage":{"@id":"https:\/\/orsolinesmvarallo.org\/el-bautismo-de-jesus-nuestra-propia-consagracion\/"},"wordCount":689,"publisher":{"@id":"https:\/\/orsolinesmvarallo.org\/es\/#organization"},"articleSection":["Meditaciones"],"inLanguage":"es"},{"@type":"WebPage","@id":"https:\/\/orsolinesmvarallo.org\/el-bautismo-de-jesus-nuestra-propia-consagracion\/","url":"https:\/\/orsolinesmvarallo.org\/el-bautismo-de-jesus-nuestra-propia-consagracion\/","name":"\"El Bautismo de Jes\u00fas: Nuestra Propia Consagraci\u00f3n\" - OSMV","isPartOf":{"@id":"https:\/\/orsolinesmvarallo.org\/es\/#website"},"datePublished":"2025-01-09T17:36:57+00:00","dateModified":"2025-06-18T13:29:44+00:00","breadcrumb":{"@id":"https:\/\/orsolinesmvarallo.org\/el-bautismo-de-jesus-nuestra-propia-consagracion\/#breadcrumb"},"inLanguage":"es","potentialAction":[{"@type":"ReadAction","target":["https:\/\/orsolinesmvarallo.org\/el-bautismo-de-jesus-nuestra-propia-consagracion\/"]}]},{"@type":"BreadcrumbList","@id":"https:\/\/orsolinesmvarallo.org\/el-bautismo-de-jesus-nuestra-propia-consagracion\/#breadcrumb","itemListElement":[{"@type":"ListItem","position":1,"name":"Portada","item":"https:\/\/orsolinesmvarallo.org\/"},{"@type":"ListItem","position":2,"name":"&#8220;El Bautismo de Jes\u00fas: Nuestra Propia Consagraci\u00f3n&#8221;"}]},{"@type":"WebSite","@id":"https:\/\/orsolinesmvarallo.org\/es\/#website","url":"https:\/\/orsolinesmvarallo.org\/es\/","name":"OSMV","description":"Suore Orsoline Sacro Monte di Varallo","publisher":{"@id":"https:\/\/orsolinesmvarallo.org\/es\/#organization"},"potentialAction":[{"@type":"SearchAction","target":{"@type":"EntryPoint","urlTemplate":"https:\/\/orsolinesmvarallo.org\/es\/?s={search_term_string}"},"query-input":{"@type":"PropertyValueSpecification","valueRequired":true,"valueName":"search_term_string"}}],"inLanguage":"es"},{"@type":"Organization","@id":"https:\/\/orsolinesmvarallo.org\/es\/#organization","name":"OSMV","url":"https:\/\/orsolinesmvarallo.org\/es\/","logo":{"@type":"ImageObject","inLanguage":"es","@id":"https:\/\/orsolinesmvarallo.org\/es\/#\/schema\/logo\/image\/","url":"https:\/\/orsolinesmvarallo.org\/wp-content\/uploads\/2024\/12\/cropped-logoeuca-blanco.png","contentUrl":"https:\/\/orsolinesmvarallo.org\/wp-content\/uploads\/2024\/12\/cropped-logoeuca-blanco.png","width":772,"height":742,"caption":"OSMV"},"image":{"@id":"https:\/\/orsolinesmvarallo.org\/es\/#\/schema\/logo\/image\/"}},{"@type":"Person","@id":"https:\/\/orsolinesmvarallo.org\/es\/#\/schema\/person\/43f72d3f802f865bd12208e84b86afbf","name":"Stephanie Chiu","image":{"@type":"ImageObject","inLanguage":"es","@id":"https:\/\/orsolinesmvarallo.org\/es\/#\/schema\/person\/image\/","url":"https:\/\/secure.gravatar.com\/avatar\/600d05f406a8a52669b6ba9c1cb1a2a1?s=96&d=mm&r=g","contentUrl":"https:\/\/secure.gravatar.com\/avatar\/600d05f406a8a52669b6ba9c1cb1a2a1?s=96&d=mm&r=g","caption":"Stephanie Chiu"},"url":"https:\/\/orsolinesmvarallo.org\/es\/author\/stephanie\/"}]}},"jetpack_featured_media_url":"","_links":{"self":[{"href":"https:\/\/orsolinesmvarallo.org\/es\/wp-json\/wp\/v2\/posts\/6391","targetHints":{"allow":["GET"]}}],"collection":[{"href":"https:\/\/orsolinesmvarallo.org\/es\/wp-json\/wp\/v2\/posts"}],"about":[{"href":"https:\/\/orsolinesmvarallo.org\/es\/wp-json\/wp\/v2\/types\/post"}],"author":[{"embeddable":true,"href":"https:\/\/orsolinesmvarallo.org\/es\/wp-json\/wp\/v2\/users\/3"}],"replies":[{"embeddable":true,"href":"https:\/\/orsolinesmvarallo.org\/es\/wp-json\/wp\/v2\/comments?post=6391"}],"version-history":[{"count":1,"href":"https:\/\/orsolinesmvarallo.org\/es\/wp-json\/wp\/v2\/posts\/6391\/revisions"}],"predecessor-version":[{"id":6392,"href":"https:\/\/orsolinesmvarallo.org\/es\/wp-json\/wp\/v2\/posts\/6391\/revisions\/6392"}],"wp:attachment":[{"href":"https:\/\/orsolinesmvarallo.org\/es\/wp-json\/wp\/v2\/media?parent=6391"}],"wp:term":[{"taxonomy":"category","embeddable":true,"href":"https:\/\/orsolinesmvarallo.org\/es\/wp-json\/wp\/v2\/categories?post=6391"},{"taxonomy":"post_tag","embeddable":true,"href":"https:\/\/orsolinesmvarallo.org\/es\/wp-json\/wp\/v2\/tags?post=6391"}],"curies":[{"name":"wp","href":"https:\/\/api.w.org\/{rel}","templated":true}]}}