{"id":6393,"date":"2025-03-13T18:43:28","date_gmt":"2025-03-13T17:43:28","guid":{"rendered":"https:\/\/orsolinesmvarallo.org\/?p=6393"},"modified":"2025-06-18T15:29:44","modified_gmt":"2025-06-18T13:29:44","slug":"la-transfiguracion-y-nuestro-camino-hacia-la-gloria","status":"publish","type":"post","link":"https:\/\/orsolinesmvarallo.org\/es\/la-transfiguracion-y-nuestro-camino-hacia-la-gloria\/","title":{"rendered":"&#8220;La Transfiguraci\u00f3n y nuestro camino hacia la Gloria&#8221;"},"content":{"rendered":"<h3 class=\"wp-block-heading\"><em>&#8220;Este es mi Hijo, el Amado, escuchadlo.&#8221;<\/em> (Marcos 9, 7)<\/h3>\n\n\n\n<p><em>&#8220;Maestro, \u00a1qu\u00e9 bueno es que estemos aqu\u00ed!&#8221;<\/em>.<\/p>\n\n\n\n<p><\/p>\n\n\n\n<p>Qu\u00e9 bien se est\u00e1 en tu presencia, Se\u00f1or.<\/p>\n\n\n\n<p>Cu\u00e1ntos de nosotros hemos vivido esa experiencia de plenitud al entrar en la presencia del Se\u00f1or, de gozo inabarcable en el coraz\u00f3n al terminar unos ejercicios espirituales, una convivencia, un retiro, un momento de profunda adoraci\u00f3n\u2026 Se experimenta un amor desbordante que nos envuelve, como la nube del Tabor a los disc\u00edpulos. \u00a1Qu\u00e9 precioso es todo! Queremos quedarnos ah\u00ed y que no pase el tiempo, pero sabemos que debemos volver. Debemos bajar de la gloria y seguir caminando hacia nuestra Jerusal\u00e9n.<\/p>\n\n\n\n<p>Esa Jerusal\u00e9n puede ser nuestra familia, el trabajo, la comunidad, una relaci\u00f3n que no sabemos manejar o, sencillamente, nuestros propios pensamientos que nos turban.<\/p>\n\n\n\n<p>Es ah\u00ed cuando caemos en la cuenta de que la gloria de Dios no se obtiene con m\u00e9ritos, sino que se recibe: es un don. La gloria de Dios se acoge escuchando al Hijo, acogiendo su Palabra: <em>\u00abEste es mi Hijo, el Amado, escuchadlo\u00bb.<\/em><\/p>\n\n\n\n<p>Pero escuchar y acoger no es tarea f\u00e1cil. Es dejarse la vida, es morir a nosotros mismos, entregarnos en el d\u00eda a d\u00eda, preparando nuestro ser para la entrega total.<\/p>\n\n\n\n<p>Este tiempo de Cuaresma nos recuerda y nos ense\u00f1a c\u00f3mo prepararnos para dar la vida. Jes\u00fas nos muestra el camino, porque tambi\u00e9n su carne fue preparada, dispuesta, habilitada y capacitada para mostrar esa entrega esplendorosa en la Cruz.<\/p>\n\n\n\n<p>El Verbo de Dios se uni\u00f3 a una humanidad modelada por las manos de Dios. Se dej\u00f3 glorificar.<\/p>\n\n\n\n<p>Dice Juan Jos\u00e9 Ay\u00e1n, profesor de patr\u00edstica en San D\u00e1maso:<\/p>\n\n\n\n<p><em>&#8220;La manifestaci\u00f3n de Dios en la carne de Jes\u00fas est\u00e1 vinculada al don de la gloria; este don de la gloria es otorgado a la criatura por medio del Verbo encarnado. O de otro modo, el fin de la Encarnaci\u00f3n del Verbo es la glorificaci\u00f3n de la carne: que nuestra carne irradie la gloria de Dios.&#8221;<\/em><\/p>\n\n\n\n<p>La obediencia es el medio por el que Cristo consigue esa victoria. Ad\u00e1n hab\u00eda desobedecido hasta llegar a la muerte; Cristo obedece hasta llegar tambi\u00e9n a la muerte. Pero la muerte de Cristo en la cruz es el acto supremo de una obediencia que no retrocede ante la muerte, acreditando su entrega total al Padre.<\/p>\n\n\n\n<p>Ad\u00e1n rechaz\u00f3 la amistad de Dios y prefiri\u00f3 los caminos que le propuso la serpiente. La consecuencia fue la enemistad con Dios y el rechazo a sus designios. La obediencia de Cristo consol\u00f3 al Padre y restaur\u00f3 esa amistad para nosotros. Ahora, a trav\u00e9s del sacrificio del Hijo y siguiendo su ejemplo, podemos volver al trato de amistad con \u00c9l y al r\u00e9gimen de obediencia propio de nuestra naturaleza criatural, salida de las manos de Dios y en camino hacia su plenitud.<\/p>\n\n\n\n<p>La Transfiguraci\u00f3n nos revela nuestro destino final: ser plenamente imagen de Dios en Cristo glorioso. Sin embargo, este destino no se alcanza de golpe, sino que es el fruto de un proceso en el que Dios sigue modelando nuestro barro.<\/p>\n\n\n\n<p>Pedro, al querer hacer tres tiendas en el monte, no comprend\u00eda que la gloria que contemplaba era a\u00fan una promesa, no un estado definitivo. Cristo, para llegar a esa plenitud, deb\u00eda pasar por la obediencia hasta la Cruz. As\u00ed tambi\u00e9n nosotros debemos recorrer nuestro propio camino de crecimiento, en el que cada acto, cada sufrimiento, cada entrega, cada peque\u00f1a obediencia nos va modelando hasta alcanzar la imagen del Hombre (con may\u00fascula).<\/p>\n\n\n\n<p>La gloria no se da sin la Cruz, porque la madurez no est\u00e1 en poseer, sino en entregarse por amor, en dejarse esculpir por las manos de Dios hasta ser plenamente imagen de su Hijo glorioso. \u00c9l es nuestro molde.<\/p>\n\n\n\n<p>En este tiempo cuaresmal, aprovechemos para crecer en comunicaci\u00f3n con nuestro Padre y escuchar el designio que tiene para nuestras vidas. Dejemos que el Esp\u00edritu Santo se derrame en nuestros corazones sin poner resistencia, porque es la \u00fanica forma en la que nuestro barro ser\u00e1 modelado. Cuando sus manos acarician nuestro ser, Cristo es su pensamiento. Y Cristo es el Hijo Amado\u2026<\/p>\n\n\n\n<p>\u00a1Escuchadlo!<\/p>","protected":false},"excerpt":{"rendered":"<p>&#8220;Este es mi Hijo, el Amado, escuchadlo.&#8221; (Marcos 9, 7) &#8220;Maestro, \u00a1qu\u00e9 bueno es que estemos&#8230;<\/p>","protected":false},"author":3,"featured_media":0,"comment_status":"closed","ping_status":"open","sticky":false,"template":"","format":"standard","meta":{"_eb_attr":"","_kadence_starter_templates_imported_post":false,"_kad_post_transparent":"","_kad_post_title":"","_kad_post_layout":"","_kad_post_sidebar_id":"","_kad_post_content_style":"","_kad_post_vertical_padding":"","_kad_post_feature":"","_kad_post_feature_position":"","_kad_post_header":false,"_kad_post_footer":false,"footnotes":""},"categories":[44],"tags":[],"class_list":["post-6393","post","type-post","status-publish","format-standard","hentry","category-meditaciones"],"yoast_head":"<!-- This site is optimized with the Yoast SEO plugin v24.8.1 - https:\/\/yoast.com\/wordpress\/plugins\/seo\/ -->\n<title>&quot;La Transfiguraci\u00f3n y nuestro camino hacia la Gloria&quot; - OSMV<\/title>\n<meta name=\"robots\" content=\"index, follow, max-snippet:-1, max-image-preview:large, max-video-preview:-1\" \/>\n<link rel=\"canonical\" href=\"https:\/\/orsolinesmvarallo.org\/es\/la-transfiguracion-y-nuestro-camino-hacia-la-gloria\/\" \/>\n<meta property=\"og:locale\" content=\"es_ES\" \/>\n<meta property=\"og:type\" content=\"article\" \/>\n<meta property=\"og:title\" content=\"&quot;La Transfiguraci\u00f3n y nuestro camino hacia la Gloria&quot; - OSMV\" \/>\n<meta property=\"og:description\" content=\"&#8220;Este es mi Hijo, el Amado, escuchadlo.&#8221; (Marcos 9, 7) &#8220;Maestro, \u00a1qu\u00e9 bueno es que estemos...\" \/>\n<meta property=\"og:url\" content=\"https:\/\/orsolinesmvarallo.org\/es\/la-transfiguracion-y-nuestro-camino-hacia-la-gloria\/\" \/>\n<meta property=\"og:site_name\" content=\"OSMV\" \/>\n<meta property=\"article:published_time\" content=\"2025-03-13T17:43:28+00:00\" \/>\n<meta property=\"article:modified_time\" content=\"2025-06-18T13:29:44+00:00\" \/>\n<meta name=\"author\" content=\"Stephanie Chiu\" \/>\n<meta name=\"twitter:card\" content=\"summary_large_image\" \/>\n<meta name=\"twitter:label1\" content=\"Escrito por\" \/>\n\t<meta name=\"twitter:data1\" content=\"Stephanie Chiu\" \/>\n\t<meta name=\"twitter:label2\" content=\"Tiempo de lectura\" \/>\n\t<meta name=\"twitter:data2\" content=\"4 minutos\" \/>\n<script type=\"application\/ld+json\" class=\"yoast-schema-graph\">{\"@context\":\"https:\/\/schema.org\",\"@graph\":[{\"@type\":\"Article\",\"@id\":\"https:\/\/orsolinesmvarallo.org\/la-transfiguracion-y-nuestro-camino-hacia-la-gloria\/#article\",\"isPartOf\":{\"@id\":\"https:\/\/orsolinesmvarallo.org\/la-transfiguracion-y-nuestro-camino-hacia-la-gloria\/\"},\"author\":{\"name\":\"Stephanie Chiu\",\"@id\":\"https:\/\/orsolinesmvarallo.org\/es\/#\/schema\/person\/43f72d3f802f865bd12208e84b86afbf\"},\"headline\":\"&#8220;La Transfiguraci\u00f3n y nuestro camino hacia la Gloria&#8221;\",\"datePublished\":\"2025-03-13T17:43:28+00:00\",\"dateModified\":\"2025-06-18T13:29:44+00:00\",\"mainEntityOfPage\":{\"@id\":\"https:\/\/orsolinesmvarallo.org\/la-transfiguracion-y-nuestro-camino-hacia-la-gloria\/\"},\"wordCount\":723,\"publisher\":{\"@id\":\"https:\/\/orsolinesmvarallo.org\/es\/#organization\"},\"articleSection\":[\"Meditaciones\"],\"inLanguage\":\"es\"},{\"@type\":\"WebPage\",\"@id\":\"https:\/\/orsolinesmvarallo.org\/la-transfiguracion-y-nuestro-camino-hacia-la-gloria\/\",\"url\":\"https:\/\/orsolinesmvarallo.org\/la-transfiguracion-y-nuestro-camino-hacia-la-gloria\/\",\"name\":\"\\\"La Transfiguraci\u00f3n y nuestro camino hacia la Gloria\\\" - OSMV\",\"isPartOf\":{\"@id\":\"https:\/\/orsolinesmvarallo.org\/es\/#website\"},\"datePublished\":\"2025-03-13T17:43:28+00:00\",\"dateModified\":\"2025-06-18T13:29:44+00:00\",\"breadcrumb\":{\"@id\":\"https:\/\/orsolinesmvarallo.org\/la-transfiguracion-y-nuestro-camino-hacia-la-gloria\/#breadcrumb\"},\"inLanguage\":\"es\",\"potentialAction\":[{\"@type\":\"ReadAction\",\"target\":[\"https:\/\/orsolinesmvarallo.org\/la-transfiguracion-y-nuestro-camino-hacia-la-gloria\/\"]}]},{\"@type\":\"BreadcrumbList\",\"@id\":\"https:\/\/orsolinesmvarallo.org\/la-transfiguracion-y-nuestro-camino-hacia-la-gloria\/#breadcrumb\",\"itemListElement\":[{\"@type\":\"ListItem\",\"position\":1,\"name\":\"Portada\",\"item\":\"https:\/\/orsolinesmvarallo.org\/\"},{\"@type\":\"ListItem\",\"position\":2,\"name\":\"&#8220;La Transfiguraci\u00f3n y nuestro camino hacia la Gloria&#8221;\"}]},{\"@type\":\"WebSite\",\"@id\":\"https:\/\/orsolinesmvarallo.org\/es\/#website\",\"url\":\"https:\/\/orsolinesmvarallo.org\/es\/\",\"name\":\"OSMV\",\"description\":\"Suore Orsoline Sacro Monte di Varallo\",\"publisher\":{\"@id\":\"https:\/\/orsolinesmvarallo.org\/es\/#organization\"},\"potentialAction\":[{\"@type\":\"SearchAction\",\"target\":{\"@type\":\"EntryPoint\",\"urlTemplate\":\"https:\/\/orsolinesmvarallo.org\/es\/?s={search_term_string}\"},\"query-input\":{\"@type\":\"PropertyValueSpecification\",\"valueRequired\":true,\"valueName\":\"search_term_string\"}}],\"inLanguage\":\"es\"},{\"@type\":\"Organization\",\"@id\":\"https:\/\/orsolinesmvarallo.org\/es\/#organization\",\"name\":\"OSMV\",\"url\":\"https:\/\/orsolinesmvarallo.org\/es\/\",\"logo\":{\"@type\":\"ImageObject\",\"inLanguage\":\"es\",\"@id\":\"https:\/\/orsolinesmvarallo.org\/es\/#\/schema\/logo\/image\/\",\"url\":\"https:\/\/orsolinesmvarallo.org\/wp-content\/uploads\/2024\/12\/cropped-logoeuca-blanco.png\",\"contentUrl\":\"https:\/\/orsolinesmvarallo.org\/wp-content\/uploads\/2024\/12\/cropped-logoeuca-blanco.png\",\"width\":772,\"height\":742,\"caption\":\"OSMV\"},\"image\":{\"@id\":\"https:\/\/orsolinesmvarallo.org\/es\/#\/schema\/logo\/image\/\"}},{\"@type\":\"Person\",\"@id\":\"https:\/\/orsolinesmvarallo.org\/es\/#\/schema\/person\/43f72d3f802f865bd12208e84b86afbf\",\"name\":\"Stephanie Chiu\",\"image\":{\"@type\":\"ImageObject\",\"inLanguage\":\"es\",\"@id\":\"https:\/\/orsolinesmvarallo.org\/es\/#\/schema\/person\/image\/\",\"url\":\"https:\/\/secure.gravatar.com\/avatar\/600d05f406a8a52669b6ba9c1cb1a2a1?s=96&d=mm&r=g\",\"contentUrl\":\"https:\/\/secure.gravatar.com\/avatar\/600d05f406a8a52669b6ba9c1cb1a2a1?s=96&d=mm&r=g\",\"caption\":\"Stephanie Chiu\"},\"url\":\"https:\/\/orsolinesmvarallo.org\/es\/author\/stephanie\/\"}]}<\/script>\n<!-- \/ Yoast SEO plugin. -->","yoast_head_json":{"title":"\"La Transfiguraci\u00f3n y nuestro camino hacia la Gloria\" - OSMV","robots":{"index":"index","follow":"follow","max-snippet":"max-snippet:-1","max-image-preview":"max-image-preview:large","max-video-preview":"max-video-preview:-1"},"canonical":"https:\/\/orsolinesmvarallo.org\/es\/la-transfiguracion-y-nuestro-camino-hacia-la-gloria\/","og_locale":"es_ES","og_type":"article","og_title":"\"La Transfiguraci\u00f3n y nuestro camino hacia la Gloria\" - OSMV","og_description":"&#8220;Este es mi Hijo, el Amado, escuchadlo.&#8221; (Marcos 9, 7) &#8220;Maestro, \u00a1qu\u00e9 bueno es que estemos...","og_url":"https:\/\/orsolinesmvarallo.org\/es\/la-transfiguracion-y-nuestro-camino-hacia-la-gloria\/","og_site_name":"OSMV","article_published_time":"2025-03-13T17:43:28+00:00","article_modified_time":"2025-06-18T13:29:44+00:00","author":"Stephanie Chiu","twitter_card":"summary_large_image","twitter_misc":{"Escrito por":"Stephanie Chiu","Tiempo de lectura":"4 minutos"},"schema":{"@context":"https:\/\/schema.org","@graph":[{"@type":"Article","@id":"https:\/\/orsolinesmvarallo.org\/la-transfiguracion-y-nuestro-camino-hacia-la-gloria\/#article","isPartOf":{"@id":"https:\/\/orsolinesmvarallo.org\/la-transfiguracion-y-nuestro-camino-hacia-la-gloria\/"},"author":{"name":"Stephanie Chiu","@id":"https:\/\/orsolinesmvarallo.org\/es\/#\/schema\/person\/43f72d3f802f865bd12208e84b86afbf"},"headline":"&#8220;La Transfiguraci\u00f3n y nuestro camino hacia la Gloria&#8221;","datePublished":"2025-03-13T17:43:28+00:00","dateModified":"2025-06-18T13:29:44+00:00","mainEntityOfPage":{"@id":"https:\/\/orsolinesmvarallo.org\/la-transfiguracion-y-nuestro-camino-hacia-la-gloria\/"},"wordCount":723,"publisher":{"@id":"https:\/\/orsolinesmvarallo.org\/es\/#organization"},"articleSection":["Meditaciones"],"inLanguage":"es"},{"@type":"WebPage","@id":"https:\/\/orsolinesmvarallo.org\/la-transfiguracion-y-nuestro-camino-hacia-la-gloria\/","url":"https:\/\/orsolinesmvarallo.org\/la-transfiguracion-y-nuestro-camino-hacia-la-gloria\/","name":"\"La Transfiguraci\u00f3n y nuestro camino hacia la Gloria\" - OSMV","isPartOf":{"@id":"https:\/\/orsolinesmvarallo.org\/es\/#website"},"datePublished":"2025-03-13T17:43:28+00:00","dateModified":"2025-06-18T13:29:44+00:00","breadcrumb":{"@id":"https:\/\/orsolinesmvarallo.org\/la-transfiguracion-y-nuestro-camino-hacia-la-gloria\/#breadcrumb"},"inLanguage":"es","potentialAction":[{"@type":"ReadAction","target":["https:\/\/orsolinesmvarallo.org\/la-transfiguracion-y-nuestro-camino-hacia-la-gloria\/"]}]},{"@type":"BreadcrumbList","@id":"https:\/\/orsolinesmvarallo.org\/la-transfiguracion-y-nuestro-camino-hacia-la-gloria\/#breadcrumb","itemListElement":[{"@type":"ListItem","position":1,"name":"Portada","item":"https:\/\/orsolinesmvarallo.org\/"},{"@type":"ListItem","position":2,"name":"&#8220;La Transfiguraci\u00f3n y nuestro camino hacia la Gloria&#8221;"}]},{"@type":"WebSite","@id":"https:\/\/orsolinesmvarallo.org\/es\/#website","url":"https:\/\/orsolinesmvarallo.org\/es\/","name":"OSMV","description":"Suore Orsoline Sacro Monte di Varallo","publisher":{"@id":"https:\/\/orsolinesmvarallo.org\/es\/#organization"},"potentialAction":[{"@type":"SearchAction","target":{"@type":"EntryPoint","urlTemplate":"https:\/\/orsolinesmvarallo.org\/es\/?s={search_term_string}"},"query-input":{"@type":"PropertyValueSpecification","valueRequired":true,"valueName":"search_term_string"}}],"inLanguage":"es"},{"@type":"Organization","@id":"https:\/\/orsolinesmvarallo.org\/es\/#organization","name":"OSMV","url":"https:\/\/orsolinesmvarallo.org\/es\/","logo":{"@type":"ImageObject","inLanguage":"es","@id":"https:\/\/orsolinesmvarallo.org\/es\/#\/schema\/logo\/image\/","url":"https:\/\/orsolinesmvarallo.org\/wp-content\/uploads\/2024\/12\/cropped-logoeuca-blanco.png","contentUrl":"https:\/\/orsolinesmvarallo.org\/wp-content\/uploads\/2024\/12\/cropped-logoeuca-blanco.png","width":772,"height":742,"caption":"OSMV"},"image":{"@id":"https:\/\/orsolinesmvarallo.org\/es\/#\/schema\/logo\/image\/"}},{"@type":"Person","@id":"https:\/\/orsolinesmvarallo.org\/es\/#\/schema\/person\/43f72d3f802f865bd12208e84b86afbf","name":"Stephanie Chiu","image":{"@type":"ImageObject","inLanguage":"es","@id":"https:\/\/orsolinesmvarallo.org\/es\/#\/schema\/person\/image\/","url":"https:\/\/secure.gravatar.com\/avatar\/600d05f406a8a52669b6ba9c1cb1a2a1?s=96&d=mm&r=g","contentUrl":"https:\/\/secure.gravatar.com\/avatar\/600d05f406a8a52669b6ba9c1cb1a2a1?s=96&d=mm&r=g","caption":"Stephanie Chiu"},"url":"https:\/\/orsolinesmvarallo.org\/es\/author\/stephanie\/"}]}},"jetpack_featured_media_url":"","_links":{"self":[{"href":"https:\/\/orsolinesmvarallo.org\/es\/wp-json\/wp\/v2\/posts\/6393","targetHints":{"allow":["GET"]}}],"collection":[{"href":"https:\/\/orsolinesmvarallo.org\/es\/wp-json\/wp\/v2\/posts"}],"about":[{"href":"https:\/\/orsolinesmvarallo.org\/es\/wp-json\/wp\/v2\/types\/post"}],"author":[{"embeddable":true,"href":"https:\/\/orsolinesmvarallo.org\/es\/wp-json\/wp\/v2\/users\/3"}],"replies":[{"embeddable":true,"href":"https:\/\/orsolinesmvarallo.org\/es\/wp-json\/wp\/v2\/comments?post=6393"}],"version-history":[{"count":2,"href":"https:\/\/orsolinesmvarallo.org\/es\/wp-json\/wp\/v2\/posts\/6393\/revisions"}],"predecessor-version":[{"id":6396,"href":"https:\/\/orsolinesmvarallo.org\/es\/wp-json\/wp\/v2\/posts\/6393\/revisions\/6396"}],"wp:attachment":[{"href":"https:\/\/orsolinesmvarallo.org\/es\/wp-json\/wp\/v2\/media?parent=6393"}],"wp:term":[{"taxonomy":"category","embeddable":true,"href":"https:\/\/orsolinesmvarallo.org\/es\/wp-json\/wp\/v2\/categories?post=6393"},{"taxonomy":"post_tag","embeddable":true,"href":"https:\/\/orsolinesmvarallo.org\/es\/wp-json\/wp\/v2\/tags?post=6393"}],"curies":[{"name":"wp","href":"https:\/\/api.w.org\/{rel}","templated":true}]}}