{"id":6407,"date":"2025-02-08T10:30:00","date_gmt":"2025-02-08T09:30:00","guid":{"rendered":"https:\/\/orsolinesmvarallo.org\/?p=6407"},"modified":"2025-06-18T15:29:44","modified_gmt":"2025-06-18T13:29:44","slug":"mulieris-dignitatem","status":"publish","type":"post","link":"https:\/\/orsolinesmvarallo.org\/es\/mulieris-dignitatem\/","title":{"rendered":"Mulieris Dignitatem"},"content":{"rendered":"<p class=\"translation-block\">Como parte de nuestra misi\u00f3n de formar j\u00f3venes en valores cristianos, hemos lanzado un nuevo programa de formaci\u00f3n llamado \u201cMulieris Dignitatem\u201d, inspirado en la enc\u00edclica del Papa San Juan Pablo II.<br>Este programa tiene como objetivo profundizar en la dignidad y el papel \u00fanico de la mujer en el plan de Dios, en la historia de la salvaci\u00f3n, en la Iglesia y en la sociedad.<br><br><strong>\u00bfEn qu\u00e9 consiste esta formaci\u00f3n?<\/strong><br>Durante el curso, exploraremos temas fundamentales para comprender y valorar la vocaci\u00f3n de la mujer desde una perspectiva integral:<br><strong>Ser mujer<\/strong>: Reflexionar sobre la identidad y misi\u00f3n de la mujer seg\u00fan el plan divino.<br><strong>Ser hija<\/strong>: Reconocer el valor de la filiaci\u00f3n en la familia humana y divina.<br><strong>Ser esposa<\/strong>: Comprender la riqueza de la vocaci\u00f3n del matrimonio como alianza de amor.<br><strong>Ser madre<\/strong>: Profundizar en el don de la maternidad, tanto f\u00edsica como espiritual.<br><strong>Ser amiga<\/strong>: Descubrir la importancia de las relaciones aut\u00e9nticas y la comuni\u00f3n entre las personas.<br><strong>La dignidad integral de la mujer<\/strong>: Analizar c\u00f3mo las mujeres contribuyen al bien com\u00fan en igualdad y complementariedad.<br><br><strong>\u00bfPor qu\u00e9 participar?<\/strong><br>Este curso de formaci\u00f3n no solo ofrece una comprensi\u00f3n m\u00e1s profunda del papel de la mujer en el plan de Dios, sino que tambi\u00e9n invita a cada joven a reflexionar sobre c\u00f3mo vivir plenamente su vocaci\u00f3n en la vida diaria.<br>Inspirados en la enc\u00edclica <em>Mulieris Dignitatem<\/em>, queremos promover una visi\u00f3n que valore a cada mujer como reflejo del amor de Dios.<\/p>\n\n\n\n<h4 class=\"wp-block-heading has--font-size\"><strong>Ser esposa<\/strong>. Sonia Ortega<\/h4>\n\n\n\n<iframe src=\"https:\/\/drive.google.com\/file\/d\/1--BNmmavxbO5C-d2WKfSZW0QcCXyh-jy\/preview\" width=\"500\" height=\"70\" allow=\"autoplay\"><\/iframe>\n\n\n\n<h4 class=\"wp-block-heading\"><strong>Ser amiga<\/strong>. Ruth de Jes\u00fas<\/h4>\n\n\n\n<iframe src=\"https:\/\/drive.google.com\/file\/d\/1--1lT70UipGrmtla1eHUPvBAzvi-pAG5\/preview\" width=\"500\" height=\"70\" allow=\"autoplay\"><\/iframe>\n\n\n\n<div style=\"height:100px\" aria-hidden=\"true\" class=\"wp-block-spacer\"><\/div>\n\n\n<div class=\"wp-block-image\">\n<figure class=\"aligncenter size-large is-resized\"><img fetchpriority=\"high\" decoding=\"async\" width=\"714\" height=\"1024\" src=\"https:\/\/orsolinesmvarallo.org\/wp-content\/uploads\/2025\/01\/mulieris-714x1024.jpg\" alt=\"\" class=\"wp-image-2706\" style=\"width:602px;height:auto\" srcset=\"https:\/\/orsolinesmvarallo.org\/wp-content\/uploads\/2025\/01\/mulieris-714x1024.jpg 714w, https:\/\/orsolinesmvarallo.org\/wp-content\/uploads\/2025\/01\/mulieris-600x860.jpg 600w, https:\/\/orsolinesmvarallo.org\/wp-content\/uploads\/2025\/01\/mulieris-209x300.jpg 209w, https:\/\/orsolinesmvarallo.org\/wp-content\/uploads\/2025\/01\/mulieris-768x1101.jpg 768w, https:\/\/orsolinesmvarallo.org\/wp-content\/uploads\/2025\/01\/mulieris-1072x1536.jpg 1072w, https:\/\/orsolinesmvarallo.org\/wp-content\/uploads\/2025\/01\/mulieris-8x12.jpg 8w, https:\/\/orsolinesmvarallo.org\/wp-content\/uploads\/2025\/01\/mulieris.jpg 1080w\" sizes=\"(max-width: 714px) 100vw, 714px\" \/><\/figure><\/div>","protected":false},"excerpt":{"rendered":"<p>Nell&#8217;ambito della nostra missione di formare le giovani nei valori cristiani, abbiamo lanciato una nuova formazione&#8230;<\/p>","protected":false},"author":1,"featured_media":2706,"comment_status":"closed","ping_status":"open","sticky":false,"template":"","format":"standard","meta":{"_eb_attr":"","_kadence_starter_templates_imported_post":false,"_kad_post_transparent":"","_kad_post_title":"","_kad_post_layout":"","_kad_post_sidebar_id":"","_kad_post_content_style":"","_kad_post_vertical_padding":"","_kad_post_feature":"","_kad_post_feature_position":"","_kad_post_header":false,"_kad_post_footer":false,"footnotes":""},"categories":[8],"tags":[],"class_list":["post-6407","post","type-post","status-publish","format-standard","has-post-thumbnail","hentry","category-pastorale"],"yoast_head":"<!-- This site is optimized with the Yoast SEO plugin v24.8.1 - https:\/\/yoast.com\/wordpress\/plugins\/seo\/ -->\n<title>Mulieris Dignitatem - OSMV<\/title>\n<meta name=\"robots\" content=\"index, follow, max-snippet:-1, max-image-preview:large, max-video-preview:-1\" \/>\n<link rel=\"canonical\" href=\"https:\/\/orsolinesmvarallo.org\/es\/mulieris-dignitatem\/\" \/>\n<meta property=\"og:locale\" content=\"es_ES\" \/>\n<meta property=\"og:type\" content=\"article\" \/>\n<meta property=\"og:title\" content=\"Mulieris Dignitatem - OSMV\" \/>\n<meta property=\"og:description\" content=\"Nell&#8217;ambito della nostra missione di formare le giovani nei valori cristiani, abbiamo lanciato una nuova formazione...\" \/>\n<meta property=\"og:url\" content=\"https:\/\/orsolinesmvarallo.org\/es\/mulieris-dignitatem\/\" \/>\n<meta property=\"og:site_name\" content=\"OSMV\" \/>\n<meta property=\"article:published_time\" content=\"2025-02-08T09:30:00+00:00\" \/>\n<meta property=\"article:modified_time\" content=\"2025-06-18T13:29:44+00:00\" \/>\n<meta property=\"og:image\" content=\"https:\/\/orsolinesmvarallo.org\/wp-content\/uploads\/2025\/01\/mulieris.jpg\" \/>\n\t<meta property=\"og:image:width\" content=\"1080\" \/>\n\t<meta property=\"og:image:height\" content=\"1548\" \/>\n\t<meta property=\"og:image:type\" content=\"image\/jpeg\" \/>\n<meta name=\"author\" content=\"admin\" \/>\n<meta name=\"twitter:card\" content=\"summary_large_image\" \/>\n<meta name=\"twitter:label1\" content=\"Escrito por\" \/>\n\t<meta name=\"twitter:data1\" content=\"admin\" \/>\n\t<meta name=\"twitter:label2\" content=\"Tiempo de lectura\" \/>\n\t<meta name=\"twitter:data2\" content=\"1 minuto\" \/>\n<script type=\"application\/ld+json\" class=\"yoast-schema-graph\">{\"@context\":\"https:\/\/schema.org\",\"@graph\":[{\"@type\":\"Article\",\"@id\":\"https:\/\/orsolinesmvarallo.org\/mulieris-dignitatem\/#article\",\"isPartOf\":{\"@id\":\"https:\/\/orsolinesmvarallo.org\/mulieris-dignitatem\/\"},\"author\":{\"name\":\"admin\",\"@id\":\"https:\/\/orsolinesmvarallo.org\/es\/#\/schema\/person\/61bcbe28ec16a268abe35517ccfd1b3d\"},\"headline\":\"Mulieris Dignitatem\",\"datePublished\":\"2025-02-08T09:30:00+00:00\",\"dateModified\":\"2025-06-18T13:29:44+00:00\",\"mainEntityOfPage\":{\"@id\":\"https:\/\/orsolinesmvarallo.org\/mulieris-dignitatem\/\"},\"wordCount\":229,\"publisher\":{\"@id\":\"https:\/\/orsolinesmvarallo.org\/es\/#organization\"},\"image\":{\"@id\":\"https:\/\/orsolinesmvarallo.org\/mulieris-dignitatem\/#primaryimage\"},\"thumbnailUrl\":\"https:\/\/orsolinesmvarallo.org\/wp-content\/uploads\/2025\/01\/mulieris.jpg\",\"articleSection\":[\"Pastorale\"],\"inLanguage\":\"es\"},{\"@type\":\"WebPage\",\"@id\":\"https:\/\/orsolinesmvarallo.org\/mulieris-dignitatem\/\",\"url\":\"https:\/\/orsolinesmvarallo.org\/mulieris-dignitatem\/\",\"name\":\"Mulieris Dignitatem - OSMV\",\"isPartOf\":{\"@id\":\"https:\/\/orsolinesmvarallo.org\/es\/#website\"},\"primaryImageOfPage\":{\"@id\":\"https:\/\/orsolinesmvarallo.org\/mulieris-dignitatem\/#primaryimage\"},\"image\":{\"@id\":\"https:\/\/orsolinesmvarallo.org\/mulieris-dignitatem\/#primaryimage\"},\"thumbnailUrl\":\"https:\/\/orsolinesmvarallo.org\/wp-content\/uploads\/2025\/01\/mulieris.jpg\",\"datePublished\":\"2025-02-08T09:30:00+00:00\",\"dateModified\":\"2025-06-18T13:29:44+00:00\",\"breadcrumb\":{\"@id\":\"https:\/\/orsolinesmvarallo.org\/mulieris-dignitatem\/#breadcrumb\"},\"inLanguage\":\"es\",\"potentialAction\":[{\"@type\":\"ReadAction\",\"target\":[\"https:\/\/orsolinesmvarallo.org\/mulieris-dignitatem\/\"]}]},{\"@type\":\"ImageObject\",\"inLanguage\":\"es\",\"@id\":\"https:\/\/orsolinesmvarallo.org\/mulieris-dignitatem\/#primaryimage\",\"url\":\"https:\/\/orsolinesmvarallo.org\/wp-content\/uploads\/2025\/01\/mulieris.jpg\",\"contentUrl\":\"https:\/\/orsolinesmvarallo.org\/wp-content\/uploads\/2025\/01\/mulieris.jpg\",\"width\":1080,\"height\":1548},{\"@type\":\"BreadcrumbList\",\"@id\":\"https:\/\/orsolinesmvarallo.org\/mulieris-dignitatem\/#breadcrumb\",\"itemListElement\":[{\"@type\":\"ListItem\",\"position\":1,\"name\":\"Portada\",\"item\":\"https:\/\/orsolinesmvarallo.org\/\"},{\"@type\":\"ListItem\",\"position\":2,\"name\":\"Mulieris Dignitatem\"}]},{\"@type\":\"WebSite\",\"@id\":\"https:\/\/orsolinesmvarallo.org\/es\/#website\",\"url\":\"https:\/\/orsolinesmvarallo.org\/es\/\",\"name\":\"OSMV\",\"description\":\"Suore Orsoline Sacro Monte di Varallo\",\"publisher\":{\"@id\":\"https:\/\/orsolinesmvarallo.org\/es\/#organization\"},\"potentialAction\":[{\"@type\":\"SearchAction\",\"target\":{\"@type\":\"EntryPoint\",\"urlTemplate\":\"https:\/\/orsolinesmvarallo.org\/es\/?s={search_term_string}\"},\"query-input\":{\"@type\":\"PropertyValueSpecification\",\"valueRequired\":true,\"valueName\":\"search_term_string\"}}],\"inLanguage\":\"es\"},{\"@type\":\"Organization\",\"@id\":\"https:\/\/orsolinesmvarallo.org\/es\/#organization\",\"name\":\"OSMV\",\"url\":\"https:\/\/orsolinesmvarallo.org\/es\/\",\"logo\":{\"@type\":\"ImageObject\",\"inLanguage\":\"es\",\"@id\":\"https:\/\/orsolinesmvarallo.org\/es\/#\/schema\/logo\/image\/\",\"url\":\"https:\/\/orsolinesmvarallo.org\/wp-content\/uploads\/2024\/12\/cropped-logoeuca-blanco.png\",\"contentUrl\":\"https:\/\/orsolinesmvarallo.org\/wp-content\/uploads\/2024\/12\/cropped-logoeuca-blanco.png\",\"width\":772,\"height\":742,\"caption\":\"OSMV\"},\"image\":{\"@id\":\"https:\/\/orsolinesmvarallo.org\/es\/#\/schema\/logo\/image\/\"}},{\"@type\":\"Person\",\"@id\":\"https:\/\/orsolinesmvarallo.org\/es\/#\/schema\/person\/61bcbe28ec16a268abe35517ccfd1b3d\",\"name\":\"admin\",\"image\":{\"@type\":\"ImageObject\",\"inLanguage\":\"es\",\"@id\":\"https:\/\/orsolinesmvarallo.org\/es\/#\/schema\/person\/image\/\",\"url\":\"https:\/\/secure.gravatar.com\/avatar\/48e6239e9fa94be050f37e1c9541cfb0?s=96&d=mm&r=g\",\"contentUrl\":\"https:\/\/secure.gravatar.com\/avatar\/48e6239e9fa94be050f37e1c9541cfb0?s=96&d=mm&r=g\",\"caption\":\"admin\"},\"sameAs\":[\"https:\/\/orsolinesmvarallo.org\"],\"url\":\"https:\/\/orsolinesmvarallo.org\/es\/author\/admin\/\"}]}<\/script>\n<!-- \/ Yoast SEO plugin. -->","yoast_head_json":{"title":"Mulieris Dignitatem - OSMV","robots":{"index":"index","follow":"follow","max-snippet":"max-snippet:-1","max-image-preview":"max-image-preview:large","max-video-preview":"max-video-preview:-1"},"canonical":"https:\/\/orsolinesmvarallo.org\/es\/mulieris-dignitatem\/","og_locale":"es_ES","og_type":"article","og_title":"Mulieris Dignitatem - OSMV","og_description":"Nell&#8217;ambito della nostra missione di formare le giovani nei valori cristiani, abbiamo lanciato una nuova formazione...","og_url":"https:\/\/orsolinesmvarallo.org\/es\/mulieris-dignitatem\/","og_site_name":"OSMV","article_published_time":"2025-02-08T09:30:00+00:00","article_modified_time":"2025-06-18T13:29:44+00:00","og_image":[{"width":1080,"height":1548,"url":"https:\/\/orsolinesmvarallo.org\/wp-content\/uploads\/2025\/01\/mulieris.jpg","type":"image\/jpeg"}],"author":"admin","twitter_card":"summary_large_image","twitter_misc":{"Escrito por":"admin","Tiempo de lectura":"1 minuto"},"schema":{"@context":"https:\/\/schema.org","@graph":[{"@type":"Article","@id":"https:\/\/orsolinesmvarallo.org\/mulieris-dignitatem\/#article","isPartOf":{"@id":"https:\/\/orsolinesmvarallo.org\/mulieris-dignitatem\/"},"author":{"name":"admin","@id":"https:\/\/orsolinesmvarallo.org\/es\/#\/schema\/person\/61bcbe28ec16a268abe35517ccfd1b3d"},"headline":"Mulieris Dignitatem","datePublished":"2025-02-08T09:30:00+00:00","dateModified":"2025-06-18T13:29:44+00:00","mainEntityOfPage":{"@id":"https:\/\/orsolinesmvarallo.org\/mulieris-dignitatem\/"},"wordCount":229,"publisher":{"@id":"https:\/\/orsolinesmvarallo.org\/es\/#organization"},"image":{"@id":"https:\/\/orsolinesmvarallo.org\/mulieris-dignitatem\/#primaryimage"},"thumbnailUrl":"https:\/\/orsolinesmvarallo.org\/wp-content\/uploads\/2025\/01\/mulieris.jpg","articleSection":["Pastorale"],"inLanguage":"es"},{"@type":"WebPage","@id":"https:\/\/orsolinesmvarallo.org\/mulieris-dignitatem\/","url":"https:\/\/orsolinesmvarallo.org\/mulieris-dignitatem\/","name":"Mulieris Dignitatem - OSMV","isPartOf":{"@id":"https:\/\/orsolinesmvarallo.org\/es\/#website"},"primaryImageOfPage":{"@id":"https:\/\/orsolinesmvarallo.org\/mulieris-dignitatem\/#primaryimage"},"image":{"@id":"https:\/\/orsolinesmvarallo.org\/mulieris-dignitatem\/#primaryimage"},"thumbnailUrl":"https:\/\/orsolinesmvarallo.org\/wp-content\/uploads\/2025\/01\/mulieris.jpg","datePublished":"2025-02-08T09:30:00+00:00","dateModified":"2025-06-18T13:29:44+00:00","breadcrumb":{"@id":"https:\/\/orsolinesmvarallo.org\/mulieris-dignitatem\/#breadcrumb"},"inLanguage":"es","potentialAction":[{"@type":"ReadAction","target":["https:\/\/orsolinesmvarallo.org\/mulieris-dignitatem\/"]}]},{"@type":"ImageObject","inLanguage":"es","@id":"https:\/\/orsolinesmvarallo.org\/mulieris-dignitatem\/#primaryimage","url":"https:\/\/orsolinesmvarallo.org\/wp-content\/uploads\/2025\/01\/mulieris.jpg","contentUrl":"https:\/\/orsolinesmvarallo.org\/wp-content\/uploads\/2025\/01\/mulieris.jpg","width":1080,"height":1548},{"@type":"BreadcrumbList","@id":"https:\/\/orsolinesmvarallo.org\/mulieris-dignitatem\/#breadcrumb","itemListElement":[{"@type":"ListItem","position":1,"name":"Portada","item":"https:\/\/orsolinesmvarallo.org\/"},{"@type":"ListItem","position":2,"name":"Mulieris Dignitatem"}]},{"@type":"WebSite","@id":"https:\/\/orsolinesmvarallo.org\/es\/#website","url":"https:\/\/orsolinesmvarallo.org\/es\/","name":"OSMV","description":"Suore Orsoline Sacro Monte di Varallo","publisher":{"@id":"https:\/\/orsolinesmvarallo.org\/es\/#organization"},"potentialAction":[{"@type":"SearchAction","target":{"@type":"EntryPoint","urlTemplate":"https:\/\/orsolinesmvarallo.org\/es\/?s={search_term_string}"},"query-input":{"@type":"PropertyValueSpecification","valueRequired":true,"valueName":"search_term_string"}}],"inLanguage":"es"},{"@type":"Organization","@id":"https:\/\/orsolinesmvarallo.org\/es\/#organization","name":"OSMV","url":"https:\/\/orsolinesmvarallo.org\/es\/","logo":{"@type":"ImageObject","inLanguage":"es","@id":"https:\/\/orsolinesmvarallo.org\/es\/#\/schema\/logo\/image\/","url":"https:\/\/orsolinesmvarallo.org\/wp-content\/uploads\/2024\/12\/cropped-logoeuca-blanco.png","contentUrl":"https:\/\/orsolinesmvarallo.org\/wp-content\/uploads\/2024\/12\/cropped-logoeuca-blanco.png","width":772,"height":742,"caption":"OSMV"},"image":{"@id":"https:\/\/orsolinesmvarallo.org\/es\/#\/schema\/logo\/image\/"}},{"@type":"Person","@id":"https:\/\/orsolinesmvarallo.org\/es\/#\/schema\/person\/61bcbe28ec16a268abe35517ccfd1b3d","name":"admin","image":{"@type":"ImageObject","inLanguage":"es","@id":"https:\/\/orsolinesmvarallo.org\/es\/#\/schema\/person\/image\/","url":"https:\/\/secure.gravatar.com\/avatar\/48e6239e9fa94be050f37e1c9541cfb0?s=96&d=mm&r=g","contentUrl":"https:\/\/secure.gravatar.com\/avatar\/48e6239e9fa94be050f37e1c9541cfb0?s=96&d=mm&r=g","caption":"admin"},"sameAs":["https:\/\/orsolinesmvarallo.org"],"url":"https:\/\/orsolinesmvarallo.org\/es\/author\/admin\/"}]}},"jetpack_featured_media_url":"https:\/\/orsolinesmvarallo.org\/wp-content\/uploads\/2025\/01\/mulieris.jpg","_links":{"self":[{"href":"https:\/\/orsolinesmvarallo.org\/es\/wp-json\/wp\/v2\/posts\/6407","targetHints":{"allow":["GET"]}}],"collection":[{"href":"https:\/\/orsolinesmvarallo.org\/es\/wp-json\/wp\/v2\/posts"}],"about":[{"href":"https:\/\/orsolinesmvarallo.org\/es\/wp-json\/wp\/v2\/types\/post"}],"author":[{"embeddable":true,"href":"https:\/\/orsolinesmvarallo.org\/es\/wp-json\/wp\/v2\/users\/1"}],"replies":[{"embeddable":true,"href":"https:\/\/orsolinesmvarallo.org\/es\/wp-json\/wp\/v2\/comments?post=6407"}],"version-history":[{"count":1,"href":"https:\/\/orsolinesmvarallo.org\/es\/wp-json\/wp\/v2\/posts\/6407\/revisions"}],"predecessor-version":[{"id":6409,"href":"https:\/\/orsolinesmvarallo.org\/es\/wp-json\/wp\/v2\/posts\/6407\/revisions\/6409"}],"wp:featuredmedia":[{"embeddable":true,"href":"https:\/\/orsolinesmvarallo.org\/es\/wp-json\/wp\/v2\/media\/2706"}],"wp:attachment":[{"href":"https:\/\/orsolinesmvarallo.org\/es\/wp-json\/wp\/v2\/media?parent=6407"}],"wp:term":[{"taxonomy":"category","embeddable":true,"href":"https:\/\/orsolinesmvarallo.org\/es\/wp-json\/wp\/v2\/categories?post=6407"},{"taxonomy":"post_tag","embeddable":true,"href":"https:\/\/orsolinesmvarallo.org\/es\/wp-json\/wp\/v2\/tags?post=6407"}],"curies":[{"name":"wp","href":"https:\/\/api.w.org\/{rel}","templated":true}]}}