{"id":6438,"date":"2025-03-25T12:53:13","date_gmt":"2025-03-25T11:53:13","guid":{"rendered":"https:\/\/orsolinesmvarallo.org\/?p=6438"},"modified":"2025-06-18T15:29:06","modified_gmt":"2025-06-18T13:29:06","slug":"fiat-voluntas-tua-feliz-anunciacion","status":"publish","type":"post","link":"https:\/\/orsolinesmvarallo.org\/es\/fiat-voluntas-tua-feliz-anunciacion\/","title":{"rendered":"Feliz anunciaci\u00f3n &#8211; Fiat voluntas tua!"},"content":{"rendered":"<p>&#8220;<strong>Ser apoyo del sacerdote y gu\u00eda de la juventud<\/strong>&#8220;. (M. Clotilde)<br><br>\u00bfCu\u00e1ndo perdimos la inocencia, la confianza o el deseo de querer que nuestro Padre nos proteja? \u2013 En la adolescencia.<br><br>El adolescente busca ser independiente, sin la protecci\u00f3n de los padres terrenales ni del Padre celestial. No quieren l\u00edmites ni que les digan qu\u00e9 hacer. Se alejan de la familia y, con el tiempo, tambi\u00e9n de Dios, sin comprender que necesitan una gu\u00eda que los proteja de los peligros. <em>Quiero ser gu\u00eda de la juventud para ayudarlos a retornar al Padre.<\/em><br><br>\u00bfQui\u00e9n nos permite experimentar a Dios a trav\u00e9s de la Eucarist\u00eda? \u2013 El sacerdote. Solo sus manos consagradas pueden hacer que Cristo descienda a la tierra y est\u00e9 entre nosotros. Adem\u00e1s, a trav\u00e9s del sacramento de la reconciliaci\u00f3n, nos ayudan a volver a unirnos con \u00c9l. <em>Quiero ser el apoyo que los sacerdotes necesitan.<\/em><br><br>Estos deseos nacen de mi propia experiencia. <strong>Retorn\u00e9 a la protecci\u00f3n del Padre gracias al ministerio de un sacerdote.<\/strong><\/p>\n\n\n\n<p>\u00bfPor qu\u00e9 soy consagrada?<br \/>\u00a1Confianza y amor! Porque me fie de \u00c9l.<\/p>\n\n\n\n<p>Hoy, 25 de marzo de 2025, en la celebraci\u00f3n de la Anunciaci\u00f3n, vuelvo a renovar mi respuesta, mi Fiat. Jes\u00fas sigue llam\u00e1ndome para llevarme al Padre, y yo contin\u00fao confiando en sus mociones.<br \/><br \/>No hace falta hacer un recuento de cada momento en que sent\u00ed su llamada ni una larga lista de razones para responderle. Las \u00fanicas que realmente importan son amor y confianza.<br \/><br \/>&#8211; Conf\u00edo en que \u00c9l conoce mi historia y, aun as\u00ed, me llama.<br \/>&#8211; Conf\u00edo en que me ama tal como soy.<br \/>&#8211; Conf\u00edo en que \u00c9l me seguir\u00e1 guiando.<br \/>&#8211; Conf\u00edo en su promesa de amarme hasta la eternidad.<br \/>&#8211; Conf\u00edo en que nunca me abandonar\u00e1.<br \/><br \/><br \/>Estoy donde \u00c9l quiere que est\u00e9, y mi respuesta sigue siendo la misma: confianza total.<br \/><br \/>Aunque hay momentos en que no comprendo del todo sus planes, sigo firme en mi deseo de ofrecerle mi vida por completo. Quiero seguir dedicando mis 24 horas al Se\u00f1or, especialmente por los j\u00f3venes, como dec\u00eda Madre Clotilde: &#8220;Ser gu\u00eda de la juventud&#8221;, esa juventud que no conoce al Padre, que no lo ama, que anda perdida en la oscuridad y necesita de su amor. Quiero que mis d\u00edas sean oraci\u00f3n continua, sin distracciones, trabajando para el Reino de Dios y no para el mundo, evitando las trampas de la sexualidad y la ambici\u00f3n.<br \/><br \/><em>Se\u00f1or, qu\u00e9 hermoso es detenerse a contemplar la vida y vivir plenamente el presente, sin cargar con el peso del pasado ni angusti\u00e1ndose por el futuro. Hoy me siento especialmente agradecida por la creaci\u00f3n que pones frente a m\u00ed. Me encuentro en un parque, observando la vida a mi alrededor: ni\u00f1os jugando, padres atentos a sus hijos, perritos corriendo, pajaritos cantando, \u00e1rboles en su calma\u2026<\/em><br \/><br \/><em>Los \u00e1rboles, con su serenidad, se dejan mover por el aire que les das, siguiendo el ritmo suave y sublime del viento. Sus hojas no se preocupan por caer o permanecer en las ramas; simplemente se abandonan al soplo del aire y al ciclo de las estaciones. Las aves, por su parte, vuelan y cantan mientras conf\u00edan en que encontrar\u00e1n su alimento diario. Los beb\u00e9s disfrutan del juego, sin miedo, porque saben que el padre que est\u00e1 tras ellos los cuida y los proteger\u00e1 si se acercan a alg\u00fan peligro.<\/em><br \/><br \/>Cu\u00e1nta confianza rodea a los inocentes. No temen; se dejan guiar por su creador y protector.<br \/><\/p>\n\n\n\n<p>&#8220;<strong><em>Si no os volv\u00e9is y os hac\u00e9is como ni\u00f1os, no entrar\u00e9is en el Reino de los cielos<\/em><\/strong>&#8220;.<\/p>\n\n\n\n<p>As\u00ed quiero vivir siempre: bajo su protecci\u00f3n, entregada al presente, abandon\u00e1ndome a<strong> su voluntad<\/strong>.<\/p>","protected":false},"excerpt":{"rendered":"<p>&#8220;Ser apoyo del sacerdote y gu\u00eda de la juventud&#8220;. (M. Clotilde) \u00bfCu\u00e1ndo perdimos la inocencia, la&#8230;<\/p>","protected":false},"author":1,"featured_media":0,"comment_status":"closed","ping_status":"open","sticky":false,"template":"","format":"standard","meta":{"_eb_attr":"","_kadence_starter_templates_imported_post":false,"_kad_post_transparent":"","_kad_post_title":"","_kad_post_layout":"","_kad_post_sidebar_id":"","_kad_post_content_style":"","_kad_post_vertical_padding":"","_kad_post_feature":"","_kad_post_feature_position":"","_kad_post_header":false,"_kad_post_footer":false,"footnotes":""},"categories":[44],"tags":[],"class_list":["post-6438","post","type-post","status-publish","format-standard","hentry","category-meditaciones"],"yoast_head":"<!-- This site is optimized with the Yoast SEO plugin v24.8.1 - https:\/\/yoast.com\/wordpress\/plugins\/seo\/ -->\n<title>Feliz anunciaci\u00f3n - Fiat voluntas tua! - OSMV<\/title>\n<meta name=\"robots\" content=\"index, follow, max-snippet:-1, max-image-preview:large, max-video-preview:-1\" \/>\n<link rel=\"canonical\" href=\"https:\/\/orsolinesmvarallo.org\/es\/fiat-voluntas-tua-feliz-anunciacion\/\" \/>\n<meta property=\"og:locale\" content=\"es_ES\" \/>\n<meta property=\"og:type\" content=\"article\" \/>\n<meta property=\"og:title\" content=\"Feliz anunciaci\u00f3n - Fiat voluntas tua! - OSMV\" \/>\n<meta property=\"og:description\" content=\"&#8220;Ser apoyo del sacerdote y gu\u00eda de la juventud&#8220;. (M. Clotilde) \u00bfCu\u00e1ndo perdimos la inocencia, la...\" \/>\n<meta property=\"og:url\" content=\"https:\/\/orsolinesmvarallo.org\/es\/fiat-voluntas-tua-feliz-anunciacion\/\" \/>\n<meta property=\"og:site_name\" content=\"OSMV\" \/>\n<meta property=\"article:published_time\" content=\"2025-03-25T11:53:13+00:00\" \/>\n<meta property=\"article:modified_time\" content=\"2025-06-18T13:29:06+00:00\" \/>\n<meta name=\"author\" content=\"admin\" \/>\n<meta name=\"twitter:card\" content=\"summary_large_image\" \/>\n<meta name=\"twitter:label1\" content=\"Escrito por\" \/>\n\t<meta name=\"twitter:data1\" content=\"admin\" \/>\n\t<meta name=\"twitter:label2\" content=\"Tiempo de lectura\" \/>\n\t<meta name=\"twitter:data2\" content=\"3 minutos\" \/>\n<script type=\"application\/ld+json\" class=\"yoast-schema-graph\">{\"@context\":\"https:\/\/schema.org\",\"@graph\":[{\"@type\":\"Article\",\"@id\":\"https:\/\/orsolinesmvarallo.org\/fiat-voluntas-tua-feliz-anunciacion\/#article\",\"isPartOf\":{\"@id\":\"https:\/\/orsolinesmvarallo.org\/fiat-voluntas-tua-feliz-anunciacion\/\"},\"author\":{\"name\":\"admin\",\"@id\":\"https:\/\/orsolinesmvarallo.org\/es\/#\/schema\/person\/61bcbe28ec16a268abe35517ccfd1b3d\"},\"headline\":\"Feliz anunciaci\u00f3n &#8211; Fiat voluntas tua!\",\"datePublished\":\"2025-03-25T11:53:13+00:00\",\"dateModified\":\"2025-06-18T13:29:06+00:00\",\"mainEntityOfPage\":{\"@id\":\"https:\/\/orsolinesmvarallo.org\/fiat-voluntas-tua-feliz-anunciacion\/\"},\"wordCount\":647,\"publisher\":{\"@id\":\"https:\/\/orsolinesmvarallo.org\/es\/#organization\"},\"articleSection\":[\"Meditaciones\"],\"inLanguage\":\"es\"},{\"@type\":\"WebPage\",\"@id\":\"https:\/\/orsolinesmvarallo.org\/fiat-voluntas-tua-feliz-anunciacion\/\",\"url\":\"https:\/\/orsolinesmvarallo.org\/fiat-voluntas-tua-feliz-anunciacion\/\",\"name\":\"Feliz anunciaci\u00f3n - Fiat voluntas tua! - OSMV\",\"isPartOf\":{\"@id\":\"https:\/\/orsolinesmvarallo.org\/es\/#website\"},\"datePublished\":\"2025-03-25T11:53:13+00:00\",\"dateModified\":\"2025-06-18T13:29:06+00:00\",\"breadcrumb\":{\"@id\":\"https:\/\/orsolinesmvarallo.org\/fiat-voluntas-tua-feliz-anunciacion\/#breadcrumb\"},\"inLanguage\":\"es\",\"potentialAction\":[{\"@type\":\"ReadAction\",\"target\":[\"https:\/\/orsolinesmvarallo.org\/fiat-voluntas-tua-feliz-anunciacion\/\"]}]},{\"@type\":\"BreadcrumbList\",\"@id\":\"https:\/\/orsolinesmvarallo.org\/fiat-voluntas-tua-feliz-anunciacion\/#breadcrumb\",\"itemListElement\":[{\"@type\":\"ListItem\",\"position\":1,\"name\":\"Portada\",\"item\":\"https:\/\/orsolinesmvarallo.org\/\"},{\"@type\":\"ListItem\",\"position\":2,\"name\":\"Feliz anunciaci\u00f3n &#8211; Fiat voluntas tua!\"}]},{\"@type\":\"WebSite\",\"@id\":\"https:\/\/orsolinesmvarallo.org\/es\/#website\",\"url\":\"https:\/\/orsolinesmvarallo.org\/es\/\",\"name\":\"OSMV\",\"description\":\"Suore Orsoline Sacro Monte di Varallo\",\"publisher\":{\"@id\":\"https:\/\/orsolinesmvarallo.org\/es\/#organization\"},\"potentialAction\":[{\"@type\":\"SearchAction\",\"target\":{\"@type\":\"EntryPoint\",\"urlTemplate\":\"https:\/\/orsolinesmvarallo.org\/es\/?s={search_term_string}\"},\"query-input\":{\"@type\":\"PropertyValueSpecification\",\"valueRequired\":true,\"valueName\":\"search_term_string\"}}],\"inLanguage\":\"es\"},{\"@type\":\"Organization\",\"@id\":\"https:\/\/orsolinesmvarallo.org\/es\/#organization\",\"name\":\"OSMV\",\"url\":\"https:\/\/orsolinesmvarallo.org\/es\/\",\"logo\":{\"@type\":\"ImageObject\",\"inLanguage\":\"es\",\"@id\":\"https:\/\/orsolinesmvarallo.org\/es\/#\/schema\/logo\/image\/\",\"url\":\"https:\/\/orsolinesmvarallo.org\/wp-content\/uploads\/2024\/12\/cropped-logoeuca-blanco.png\",\"contentUrl\":\"https:\/\/orsolinesmvarallo.org\/wp-content\/uploads\/2024\/12\/cropped-logoeuca-blanco.png\",\"width\":772,\"height\":742,\"caption\":\"OSMV\"},\"image\":{\"@id\":\"https:\/\/orsolinesmvarallo.org\/es\/#\/schema\/logo\/image\/\"}},{\"@type\":\"Person\",\"@id\":\"https:\/\/orsolinesmvarallo.org\/es\/#\/schema\/person\/61bcbe28ec16a268abe35517ccfd1b3d\",\"name\":\"admin\",\"image\":{\"@type\":\"ImageObject\",\"inLanguage\":\"es\",\"@id\":\"https:\/\/orsolinesmvarallo.org\/es\/#\/schema\/person\/image\/\",\"url\":\"https:\/\/secure.gravatar.com\/avatar\/48e6239e9fa94be050f37e1c9541cfb0?s=96&d=mm&r=g\",\"contentUrl\":\"https:\/\/secure.gravatar.com\/avatar\/48e6239e9fa94be050f37e1c9541cfb0?s=96&d=mm&r=g\",\"caption\":\"admin\"},\"sameAs\":[\"https:\/\/orsolinesmvarallo.org\"],\"url\":\"https:\/\/orsolinesmvarallo.org\/es\/author\/admin\/\"}]}<\/script>\n<!-- \/ Yoast SEO plugin. -->","yoast_head_json":{"title":"Feliz anunciaci\u00f3n - Fiat voluntas tua! - OSMV","robots":{"index":"index","follow":"follow","max-snippet":"max-snippet:-1","max-image-preview":"max-image-preview:large","max-video-preview":"max-video-preview:-1"},"canonical":"https:\/\/orsolinesmvarallo.org\/es\/fiat-voluntas-tua-feliz-anunciacion\/","og_locale":"es_ES","og_type":"article","og_title":"Feliz anunciaci\u00f3n - Fiat voluntas tua! - OSMV","og_description":"&#8220;Ser apoyo del sacerdote y gu\u00eda de la juventud&#8220;. (M. Clotilde) \u00bfCu\u00e1ndo perdimos la inocencia, la...","og_url":"https:\/\/orsolinesmvarallo.org\/es\/fiat-voluntas-tua-feliz-anunciacion\/","og_site_name":"OSMV","article_published_time":"2025-03-25T11:53:13+00:00","article_modified_time":"2025-06-18T13:29:06+00:00","author":"admin","twitter_card":"summary_large_image","twitter_misc":{"Escrito por":"admin","Tiempo de lectura":"3 minutos"},"schema":{"@context":"https:\/\/schema.org","@graph":[{"@type":"Article","@id":"https:\/\/orsolinesmvarallo.org\/fiat-voluntas-tua-feliz-anunciacion\/#article","isPartOf":{"@id":"https:\/\/orsolinesmvarallo.org\/fiat-voluntas-tua-feliz-anunciacion\/"},"author":{"name":"admin","@id":"https:\/\/orsolinesmvarallo.org\/es\/#\/schema\/person\/61bcbe28ec16a268abe35517ccfd1b3d"},"headline":"Feliz anunciaci\u00f3n &#8211; Fiat voluntas tua!","datePublished":"2025-03-25T11:53:13+00:00","dateModified":"2025-06-18T13:29:06+00:00","mainEntityOfPage":{"@id":"https:\/\/orsolinesmvarallo.org\/fiat-voluntas-tua-feliz-anunciacion\/"},"wordCount":647,"publisher":{"@id":"https:\/\/orsolinesmvarallo.org\/es\/#organization"},"articleSection":["Meditaciones"],"inLanguage":"es"},{"@type":"WebPage","@id":"https:\/\/orsolinesmvarallo.org\/fiat-voluntas-tua-feliz-anunciacion\/","url":"https:\/\/orsolinesmvarallo.org\/fiat-voluntas-tua-feliz-anunciacion\/","name":"Feliz anunciaci\u00f3n - Fiat voluntas tua! - OSMV","isPartOf":{"@id":"https:\/\/orsolinesmvarallo.org\/es\/#website"},"datePublished":"2025-03-25T11:53:13+00:00","dateModified":"2025-06-18T13:29:06+00:00","breadcrumb":{"@id":"https:\/\/orsolinesmvarallo.org\/fiat-voluntas-tua-feliz-anunciacion\/#breadcrumb"},"inLanguage":"es","potentialAction":[{"@type":"ReadAction","target":["https:\/\/orsolinesmvarallo.org\/fiat-voluntas-tua-feliz-anunciacion\/"]}]},{"@type":"BreadcrumbList","@id":"https:\/\/orsolinesmvarallo.org\/fiat-voluntas-tua-feliz-anunciacion\/#breadcrumb","itemListElement":[{"@type":"ListItem","position":1,"name":"Portada","item":"https:\/\/orsolinesmvarallo.org\/"},{"@type":"ListItem","position":2,"name":"Feliz anunciaci\u00f3n &#8211; Fiat voluntas tua!"}]},{"@type":"WebSite","@id":"https:\/\/orsolinesmvarallo.org\/es\/#website","url":"https:\/\/orsolinesmvarallo.org\/es\/","name":"OSMV","description":"Suore Orsoline Sacro Monte di Varallo","publisher":{"@id":"https:\/\/orsolinesmvarallo.org\/es\/#organization"},"potentialAction":[{"@type":"SearchAction","target":{"@type":"EntryPoint","urlTemplate":"https:\/\/orsolinesmvarallo.org\/es\/?s={search_term_string}"},"query-input":{"@type":"PropertyValueSpecification","valueRequired":true,"valueName":"search_term_string"}}],"inLanguage":"es"},{"@type":"Organization","@id":"https:\/\/orsolinesmvarallo.org\/es\/#organization","name":"OSMV","url":"https:\/\/orsolinesmvarallo.org\/es\/","logo":{"@type":"ImageObject","inLanguage":"es","@id":"https:\/\/orsolinesmvarallo.org\/es\/#\/schema\/logo\/image\/","url":"https:\/\/orsolinesmvarallo.org\/wp-content\/uploads\/2024\/12\/cropped-logoeuca-blanco.png","contentUrl":"https:\/\/orsolinesmvarallo.org\/wp-content\/uploads\/2024\/12\/cropped-logoeuca-blanco.png","width":772,"height":742,"caption":"OSMV"},"image":{"@id":"https:\/\/orsolinesmvarallo.org\/es\/#\/schema\/logo\/image\/"}},{"@type":"Person","@id":"https:\/\/orsolinesmvarallo.org\/es\/#\/schema\/person\/61bcbe28ec16a268abe35517ccfd1b3d","name":"admin","image":{"@type":"ImageObject","inLanguage":"es","@id":"https:\/\/orsolinesmvarallo.org\/es\/#\/schema\/person\/image\/","url":"https:\/\/secure.gravatar.com\/avatar\/48e6239e9fa94be050f37e1c9541cfb0?s=96&d=mm&r=g","contentUrl":"https:\/\/secure.gravatar.com\/avatar\/48e6239e9fa94be050f37e1c9541cfb0?s=96&d=mm&r=g","caption":"admin"},"sameAs":["https:\/\/orsolinesmvarallo.org"],"url":"https:\/\/orsolinesmvarallo.org\/es\/author\/admin\/"}]}},"jetpack_featured_media_url":"","_links":{"self":[{"href":"https:\/\/orsolinesmvarallo.org\/es\/wp-json\/wp\/v2\/posts\/6438","targetHints":{"allow":["GET"]}}],"collection":[{"href":"https:\/\/orsolinesmvarallo.org\/es\/wp-json\/wp\/v2\/posts"}],"about":[{"href":"https:\/\/orsolinesmvarallo.org\/es\/wp-json\/wp\/v2\/types\/post"}],"author":[{"embeddable":true,"href":"https:\/\/orsolinesmvarallo.org\/es\/wp-json\/wp\/v2\/users\/1"}],"replies":[{"embeddable":true,"href":"https:\/\/orsolinesmvarallo.org\/es\/wp-json\/wp\/v2\/comments?post=6438"}],"version-history":[{"count":6,"href":"https:\/\/orsolinesmvarallo.org\/es\/wp-json\/wp\/v2\/posts\/6438\/revisions"}],"predecessor-version":[{"id":6444,"href":"https:\/\/orsolinesmvarallo.org\/es\/wp-json\/wp\/v2\/posts\/6438\/revisions\/6444"}],"wp:attachment":[{"href":"https:\/\/orsolinesmvarallo.org\/es\/wp-json\/wp\/v2\/media?parent=6438"}],"wp:term":[{"taxonomy":"category","embeddable":true,"href":"https:\/\/orsolinesmvarallo.org\/es\/wp-json\/wp\/v2\/categories?post=6438"},{"taxonomy":"post_tag","embeddable":true,"href":"https:\/\/orsolinesmvarallo.org\/es\/wp-json\/wp\/v2\/tags?post=6438"}],"curies":[{"name":"wp","href":"https:\/\/api.w.org\/{rel}","templated":true}]}}