{"id":6461,"date":"2025-04-13T13:31:38","date_gmt":"2025-04-13T11:31:38","guid":{"rendered":"https:\/\/orsolinesmvarallo.org\/?p=6461"},"modified":"2025-06-18T15:29:06","modified_gmt":"2025-06-18T13:29:06","slug":"romper-el-frasco","status":"publish","type":"post","link":"https:\/\/orsolinesmvarallo.org\/es\/romper-el-frasco\/","title":{"rendered":"Romper el frasco."},"content":{"rendered":"<p><strong>Evangelio Jn 12, 1-11<\/strong>:<\/p>\n\n\n\n<p>Seis d\u00edas antes de la Pascua, fue Jes\u00fas a Betania, donde viv\u00eda L\u00e1zaro, a quien hab\u00eda resucitado de entre los muertos. All\u00ed le ofrecieron una cena; Marta serv\u00eda, y L\u00e1zaro era uno de los que estaban con \u00e9l a la mesa.<br><br>Mar\u00eda tom\u00f3 una libra de perfume de nardo, aut\u00e9ntico y costoso, le ungi\u00f3 a Jes\u00fas los pies y se los enjug\u00f3 con su cabellera. Y la casa se llen\u00f3 de la fragancia del perfume.<br><br>Judas Iscariote, uno de sus disc\u00edpulos, el que lo iba a entregar, dice:<br><br>\u00ab\u00bfPor qu\u00e9 no se ha vendido este perfume por trescientos denarios para d\u00e1rselos a los pobres?\u00bb.<br><br>Esto lo dijo no porque le importasen los pobres, sino porque era un ladr\u00f3n; y como ten\u00eda la bolsa, se llevaba de lo que iban echando. Jes\u00fas dijo:<br><br>\u00abD\u00e9jala; lo ten\u00eda guardado para el d\u00eda de mi sepultura; porque a los pobres los ten\u00e9is siempre con vosotros, pero a m\u00ed no siempre me ten\u00e9is\u00bb.<\/p>\n\n\n\n<p><\/p>\n\n\n\n<p><strong>Reflexi\u00f3n<\/strong>:<\/p>\n\n\n\n<p>El amor es una de las experiencias m\u00e1s bellas y, a la vez, m\u00e1s dolorosas que el ser humano puede experimentar. Abrirle nuestro coraz\u00f3n a otra persona es correr el riesgo inherente de salir lastimado, genera un temor natural. Implica entrega, vulnerabilidad y apego, y nos vemos expuestos al sufrimiento; es una consecuencia inevitable del amor verdadero. Cuando amamos, nos abrimos a la posibilidad de ser heridos, ya sea por el rechazo, la p\u00e9rdida, la traici\u00f3n o incluso la muerte de nuestro ser amado, porque se ha producido una conexi\u00f3n profunda con el otro, y cualquier separaci\u00f3n o da\u00f1o de esa conexi\u00f3n produce dolor. <\/p>\n\n\n\n<p>El pecado original, heredado de Ad\u00e1n y Eva, no solo introdujo el sufrimiento y la muerte en nuestras vidas, sino que tambi\u00e9n rompi\u00f3 esa relaci\u00f3n de confianza y amor incondicional con Dios, por eso el pecado es nuestra tendencia a escondernos del amado, a evitarlo, a cerrarle nuestro coraz\u00f3n, en otras palabras, matarlo emocionalmente.<br><\/p>\n\n\n\n<p>Michael Washburn lo explica desde una perspectiva psicol\u00f3gica: en nuestros primeros a\u00f1os de vida, antes de la formaci\u00f3n del ego, el beb\u00e9 experimenta una confianza total en la providencia de sus padres. Sin embargo, cuando vive una experiencia de abandono o rechazo materno\/paterno, se graba en lo m\u00e1s profundo del inconsciente una sensaci\u00f3n de extrema vulnerabilidad y aniquilaci\u00f3n. Es en este punto donde se forma la identidad del &#8220;yo&#8221; de la autoafirmaci\u00f3n, marcada por el dolor y el temor al rechazo. Para protegernos, aprendemos a endurecer el coraz\u00f3n, a evitar la entrega total para no volver a sufrir. <br>Pero esta defensa, aunque nos preserva del sufrimiento inmediato, nos condena a un sufrimiento a\u00fan mayor: la soledad y el vac\u00edo existencial, la incapacidad de amar plenamente.<br><br>El verdadero dolor no radica \u00fanicamente en la herida causada por nuestros padres o por quienes nos han lastimado en la vida, sino en nuestra respuesta a esa herida. El pecado original nos ha predispuesto a protegernos con corazas, a evitar que nuestro coraz\u00f3n se destroce del todo. Pero, parad\u00f3jicamente, en ese mismo proceso, nos negamos la posibilidad de experimentar el amor en su plenitud. En el intento de evitar el dolor, nos privamos de la vida misma, pues el amor es la esencia de nuestra existencia.<br>Hemos sido creados para amar y ser amados. Cuando, por miedo al dolor, cerramos nuestro coraz\u00f3n, nos sumimos en una especie de infierno personal. Este sufrimiento espiritual es mucho m\u00e1s intenso que cualquier dolor f\u00edsico, porque nos separa del prop\u00f3sito m\u00e1s profundo de nuestra existencia y la vida pierde sentido.<br>Es necesario dejar que nos rompan el coraz\u00f3n porque con ese perfume enjugaremos tus pies Se\u00f1or.<\/p>\n\n\n\n<p><\/p>\n\n\n\n<p>Se\u00f1or, danos la fortaleza de Mar\u00eda de Betania,<br>que derram\u00f3 todo su ser a tus pies.<br>Queremos tener contigo ese gesto de amor total,<br>un amor sin reservas, sin l\u00edmites, sin condiciones.<br>Te queremos abrir todo nuestro coraz\u00f3n,<br>aun sabiendo que doler\u00e1,<br>aun sabiendo que el camino del amor verdadero implica sufrimiento.<br>Pero confiamos.<br>Confiamos en que t\u00fa, dentro de nosotros,<br>est\u00e1s cargando con un dolor a\u00fan mayor,<br>el dolor por nuestros pecados,<br>para liberar estos corazones cerrados.<br>Esta noche, Se\u00f1or,<br>te pedimos que el frasco duro que rodea nuestros corazones<br>sea destrozado.<br>Que el perfume que brote de \u00e9l \u2014nuestro amor\u2014<br>suba hasta ti como un ung\u00fcento para tus heridas.<br>Que el verte solo, herido, abandonado,<br>produzca en nosotros el aniquilamiento de nuestro ego\u00edsmo.<br>Que tu dolor, reflejado en aquellos con quienes compartimos la vida diaria,<br>nos empuje a salir de nosotros mismos<br>y a amarlos con verdad.<br>Esta noche, Se\u00f1or,<br>que romper el frasco signifique un cambio radical.<br>Un cambio en nuestras vidas,<br>en nuestros pensamientos,<br>en nuestros planes,<br>en nuestra comodidad.<br>Danos la fortaleza para romper los prejuicios,<br>para derribar las barreras,<br>para abrirnos por completo a todo lo que t\u00fa has pensado<br>para la salvaci\u00f3n de nuestras almas.<br>Rompe, Se\u00f1or,<br>rompe todos los obst\u00e1culos<br>que nos impiden amar<br>y dejarnos amar.<\/p>","protected":false},"excerpt":{"rendered":"<p>Evangelio Jn 12, 1-11: Seis d\u00edas antes de la Pascua, fue Jes\u00fas a Betania, donde viv\u00eda&#8230;<\/p>","protected":false},"author":1,"featured_media":0,"comment_status":"closed","ping_status":"open","sticky":false,"template":"","format":"standard","meta":{"_eb_attr":"","_kadence_starter_templates_imported_post":false,"_kad_post_transparent":"","_kad_post_title":"","_kad_post_layout":"","_kad_post_sidebar_id":"","_kad_post_content_style":"","_kad_post_vertical_padding":"","_kad_post_feature":"","_kad_post_feature_position":"","_kad_post_header":false,"_kad_post_footer":false,"footnotes":""},"categories":[44],"tags":[],"class_list":["post-6461","post","type-post","status-publish","format-standard","hentry","category-meditaciones"],"yoast_head":"<!-- This site is optimized with the Yoast SEO plugin v24.8.1 - https:\/\/yoast.com\/wordpress\/plugins\/seo\/ -->\n<title>Romper el frasco. - OSMV<\/title>\n<meta name=\"robots\" content=\"index, follow, max-snippet:-1, max-image-preview:large, max-video-preview:-1\" \/>\n<link rel=\"canonical\" href=\"https:\/\/orsolinesmvarallo.org\/es\/romper-el-frasco\/\" \/>\n<meta property=\"og:locale\" content=\"es_ES\" \/>\n<meta property=\"og:type\" content=\"article\" \/>\n<meta property=\"og:title\" content=\"Romper el frasco. - OSMV\" \/>\n<meta property=\"og:description\" content=\"Evangelio Jn 12, 1-11: Seis d\u00edas antes de la Pascua, fue Jes\u00fas a Betania, donde viv\u00eda...\" \/>\n<meta property=\"og:url\" content=\"https:\/\/orsolinesmvarallo.org\/es\/romper-el-frasco\/\" \/>\n<meta property=\"og:site_name\" content=\"OSMV\" \/>\n<meta property=\"article:published_time\" content=\"2025-04-13T11:31:38+00:00\" \/>\n<meta property=\"article:modified_time\" content=\"2025-06-18T13:29:06+00:00\" \/>\n<meta name=\"author\" content=\"admin\" \/>\n<meta name=\"twitter:card\" content=\"summary_large_image\" \/>\n<meta name=\"twitter:label1\" content=\"Escrito por\" \/>\n\t<meta name=\"twitter:data1\" content=\"admin\" \/>\n\t<meta name=\"twitter:label2\" content=\"Tiempo de lectura\" \/>\n\t<meta name=\"twitter:data2\" content=\"4 minutos\" \/>\n<script type=\"application\/ld+json\" class=\"yoast-schema-graph\">{\"@context\":\"https:\/\/schema.org\",\"@graph\":[{\"@type\":\"Article\",\"@id\":\"https:\/\/orsolinesmvarallo.org\/romper-el-frasco\/#article\",\"isPartOf\":{\"@id\":\"https:\/\/orsolinesmvarallo.org\/romper-el-frasco\/\"},\"author\":{\"name\":\"admin\",\"@id\":\"https:\/\/orsolinesmvarallo.org\/es\/#\/schema\/person\/61bcbe28ec16a268abe35517ccfd1b3d\"},\"headline\":\"Romper el frasco.\",\"datePublished\":\"2025-04-13T11:31:38+00:00\",\"dateModified\":\"2025-06-18T13:29:06+00:00\",\"mainEntityOfPage\":{\"@id\":\"https:\/\/orsolinesmvarallo.org\/romper-el-frasco\/\"},\"wordCount\":878,\"publisher\":{\"@id\":\"https:\/\/orsolinesmvarallo.org\/es\/#organization\"},\"articleSection\":[\"Meditaciones\"],\"inLanguage\":\"es\"},{\"@type\":\"WebPage\",\"@id\":\"https:\/\/orsolinesmvarallo.org\/romper-el-frasco\/\",\"url\":\"https:\/\/orsolinesmvarallo.org\/romper-el-frasco\/\",\"name\":\"Romper el frasco. - OSMV\",\"isPartOf\":{\"@id\":\"https:\/\/orsolinesmvarallo.org\/es\/#website\"},\"datePublished\":\"2025-04-13T11:31:38+00:00\",\"dateModified\":\"2025-06-18T13:29:06+00:00\",\"breadcrumb\":{\"@id\":\"https:\/\/orsolinesmvarallo.org\/romper-el-frasco\/#breadcrumb\"},\"inLanguage\":\"es\",\"potentialAction\":[{\"@type\":\"ReadAction\",\"target\":[\"https:\/\/orsolinesmvarallo.org\/romper-el-frasco\/\"]}]},{\"@type\":\"BreadcrumbList\",\"@id\":\"https:\/\/orsolinesmvarallo.org\/romper-el-frasco\/#breadcrumb\",\"itemListElement\":[{\"@type\":\"ListItem\",\"position\":1,\"name\":\"Portada\",\"item\":\"https:\/\/orsolinesmvarallo.org\/\"},{\"@type\":\"ListItem\",\"position\":2,\"name\":\"Romper el frasco.\"}]},{\"@type\":\"WebSite\",\"@id\":\"https:\/\/orsolinesmvarallo.org\/es\/#website\",\"url\":\"https:\/\/orsolinesmvarallo.org\/es\/\",\"name\":\"OSMV\",\"description\":\"Suore Orsoline Sacro Monte di Varallo\",\"publisher\":{\"@id\":\"https:\/\/orsolinesmvarallo.org\/es\/#organization\"},\"potentialAction\":[{\"@type\":\"SearchAction\",\"target\":{\"@type\":\"EntryPoint\",\"urlTemplate\":\"https:\/\/orsolinesmvarallo.org\/es\/?s={search_term_string}\"},\"query-input\":{\"@type\":\"PropertyValueSpecification\",\"valueRequired\":true,\"valueName\":\"search_term_string\"}}],\"inLanguage\":\"es\"},{\"@type\":\"Organization\",\"@id\":\"https:\/\/orsolinesmvarallo.org\/es\/#organization\",\"name\":\"OSMV\",\"url\":\"https:\/\/orsolinesmvarallo.org\/es\/\",\"logo\":{\"@type\":\"ImageObject\",\"inLanguage\":\"es\",\"@id\":\"https:\/\/orsolinesmvarallo.org\/es\/#\/schema\/logo\/image\/\",\"url\":\"https:\/\/orsolinesmvarallo.org\/wp-content\/uploads\/2024\/12\/cropped-logoeuca-blanco.png\",\"contentUrl\":\"https:\/\/orsolinesmvarallo.org\/wp-content\/uploads\/2024\/12\/cropped-logoeuca-blanco.png\",\"width\":772,\"height\":742,\"caption\":\"OSMV\"},\"image\":{\"@id\":\"https:\/\/orsolinesmvarallo.org\/es\/#\/schema\/logo\/image\/\"}},{\"@type\":\"Person\",\"@id\":\"https:\/\/orsolinesmvarallo.org\/es\/#\/schema\/person\/61bcbe28ec16a268abe35517ccfd1b3d\",\"name\":\"admin\",\"image\":{\"@type\":\"ImageObject\",\"inLanguage\":\"es\",\"@id\":\"https:\/\/orsolinesmvarallo.org\/es\/#\/schema\/person\/image\/\",\"url\":\"https:\/\/secure.gravatar.com\/avatar\/48e6239e9fa94be050f37e1c9541cfb0?s=96&d=mm&r=g\",\"contentUrl\":\"https:\/\/secure.gravatar.com\/avatar\/48e6239e9fa94be050f37e1c9541cfb0?s=96&d=mm&r=g\",\"caption\":\"admin\"},\"sameAs\":[\"https:\/\/orsolinesmvarallo.org\"],\"url\":\"https:\/\/orsolinesmvarallo.org\/es\/author\/admin\/\"}]}<\/script>\n<!-- \/ Yoast SEO plugin. -->","yoast_head_json":{"title":"Romper el frasco. - OSMV","robots":{"index":"index","follow":"follow","max-snippet":"max-snippet:-1","max-image-preview":"max-image-preview:large","max-video-preview":"max-video-preview:-1"},"canonical":"https:\/\/orsolinesmvarallo.org\/es\/romper-el-frasco\/","og_locale":"es_ES","og_type":"article","og_title":"Romper el frasco. - OSMV","og_description":"Evangelio Jn 12, 1-11: Seis d\u00edas antes de la Pascua, fue Jes\u00fas a Betania, donde viv\u00eda...","og_url":"https:\/\/orsolinesmvarallo.org\/es\/romper-el-frasco\/","og_site_name":"OSMV","article_published_time":"2025-04-13T11:31:38+00:00","article_modified_time":"2025-06-18T13:29:06+00:00","author":"admin","twitter_card":"summary_large_image","twitter_misc":{"Escrito por":"admin","Tiempo de lectura":"4 minutos"},"schema":{"@context":"https:\/\/schema.org","@graph":[{"@type":"Article","@id":"https:\/\/orsolinesmvarallo.org\/romper-el-frasco\/#article","isPartOf":{"@id":"https:\/\/orsolinesmvarallo.org\/romper-el-frasco\/"},"author":{"name":"admin","@id":"https:\/\/orsolinesmvarallo.org\/es\/#\/schema\/person\/61bcbe28ec16a268abe35517ccfd1b3d"},"headline":"Romper el frasco.","datePublished":"2025-04-13T11:31:38+00:00","dateModified":"2025-06-18T13:29:06+00:00","mainEntityOfPage":{"@id":"https:\/\/orsolinesmvarallo.org\/romper-el-frasco\/"},"wordCount":878,"publisher":{"@id":"https:\/\/orsolinesmvarallo.org\/es\/#organization"},"articleSection":["Meditaciones"],"inLanguage":"es"},{"@type":"WebPage","@id":"https:\/\/orsolinesmvarallo.org\/romper-el-frasco\/","url":"https:\/\/orsolinesmvarallo.org\/romper-el-frasco\/","name":"Romper el frasco. - OSMV","isPartOf":{"@id":"https:\/\/orsolinesmvarallo.org\/es\/#website"},"datePublished":"2025-04-13T11:31:38+00:00","dateModified":"2025-06-18T13:29:06+00:00","breadcrumb":{"@id":"https:\/\/orsolinesmvarallo.org\/romper-el-frasco\/#breadcrumb"},"inLanguage":"es","potentialAction":[{"@type":"ReadAction","target":["https:\/\/orsolinesmvarallo.org\/romper-el-frasco\/"]}]},{"@type":"BreadcrumbList","@id":"https:\/\/orsolinesmvarallo.org\/romper-el-frasco\/#breadcrumb","itemListElement":[{"@type":"ListItem","position":1,"name":"Portada","item":"https:\/\/orsolinesmvarallo.org\/"},{"@type":"ListItem","position":2,"name":"Romper el frasco."}]},{"@type":"WebSite","@id":"https:\/\/orsolinesmvarallo.org\/es\/#website","url":"https:\/\/orsolinesmvarallo.org\/es\/","name":"OSMV","description":"Suore Orsoline Sacro Monte di Varallo","publisher":{"@id":"https:\/\/orsolinesmvarallo.org\/es\/#organization"},"potentialAction":[{"@type":"SearchAction","target":{"@type":"EntryPoint","urlTemplate":"https:\/\/orsolinesmvarallo.org\/es\/?s={search_term_string}"},"query-input":{"@type":"PropertyValueSpecification","valueRequired":true,"valueName":"search_term_string"}}],"inLanguage":"es"},{"@type":"Organization","@id":"https:\/\/orsolinesmvarallo.org\/es\/#organization","name":"OSMV","url":"https:\/\/orsolinesmvarallo.org\/es\/","logo":{"@type":"ImageObject","inLanguage":"es","@id":"https:\/\/orsolinesmvarallo.org\/es\/#\/schema\/logo\/image\/","url":"https:\/\/orsolinesmvarallo.org\/wp-content\/uploads\/2024\/12\/cropped-logoeuca-blanco.png","contentUrl":"https:\/\/orsolinesmvarallo.org\/wp-content\/uploads\/2024\/12\/cropped-logoeuca-blanco.png","width":772,"height":742,"caption":"OSMV"},"image":{"@id":"https:\/\/orsolinesmvarallo.org\/es\/#\/schema\/logo\/image\/"}},{"@type":"Person","@id":"https:\/\/orsolinesmvarallo.org\/es\/#\/schema\/person\/61bcbe28ec16a268abe35517ccfd1b3d","name":"admin","image":{"@type":"ImageObject","inLanguage":"es","@id":"https:\/\/orsolinesmvarallo.org\/es\/#\/schema\/person\/image\/","url":"https:\/\/secure.gravatar.com\/avatar\/48e6239e9fa94be050f37e1c9541cfb0?s=96&d=mm&r=g","contentUrl":"https:\/\/secure.gravatar.com\/avatar\/48e6239e9fa94be050f37e1c9541cfb0?s=96&d=mm&r=g","caption":"admin"},"sameAs":["https:\/\/orsolinesmvarallo.org"],"url":"https:\/\/orsolinesmvarallo.org\/es\/author\/admin\/"}]}},"jetpack_featured_media_url":"","_links":{"self":[{"href":"https:\/\/orsolinesmvarallo.org\/es\/wp-json\/wp\/v2\/posts\/6461","targetHints":{"allow":["GET"]}}],"collection":[{"href":"https:\/\/orsolinesmvarallo.org\/es\/wp-json\/wp\/v2\/posts"}],"about":[{"href":"https:\/\/orsolinesmvarallo.org\/es\/wp-json\/wp\/v2\/types\/post"}],"author":[{"embeddable":true,"href":"https:\/\/orsolinesmvarallo.org\/es\/wp-json\/wp\/v2\/users\/1"}],"replies":[{"embeddable":true,"href":"https:\/\/orsolinesmvarallo.org\/es\/wp-json\/wp\/v2\/comments?post=6461"}],"version-history":[{"count":1,"href":"https:\/\/orsolinesmvarallo.org\/es\/wp-json\/wp\/v2\/posts\/6461\/revisions"}],"predecessor-version":[{"id":6462,"href":"https:\/\/orsolinesmvarallo.org\/es\/wp-json\/wp\/v2\/posts\/6461\/revisions\/6462"}],"wp:attachment":[{"href":"https:\/\/orsolinesmvarallo.org\/es\/wp-json\/wp\/v2\/media?parent=6461"}],"wp:term":[{"taxonomy":"category","embeddable":true,"href":"https:\/\/orsolinesmvarallo.org\/es\/wp-json\/wp\/v2\/categories?post=6461"},{"taxonomy":"post_tag","embeddable":true,"href":"https:\/\/orsolinesmvarallo.org\/es\/wp-json\/wp\/v2\/tags?post=6461"}],"curies":[{"name":"wp","href":"https:\/\/api.w.org\/{rel}","templated":true}]}}