{"id":6465,"date":"2025-04-25T10:29:42","date_gmt":"2025-04-25T08:29:42","guid":{"rendered":"https:\/\/orsolinesmvarallo.org\/?p=6465"},"modified":"2025-06-18T15:29:06","modified_gmt":"2025-06-18T13:29:06","slug":"del-miedo-a-la-libertad-interior","status":"publish","type":"post","link":"https:\/\/orsolinesmvarallo.org\/es\/del-miedo-a-la-libertad-interior\/","title":{"rendered":"Del miedo a la libertad interior."},"content":{"rendered":"<p>En estos d\u00edas, he comenzado a comprender con m\u00e1s claridad el papel que las leyes han jugado en mi vida. Durante mucho tiempo, me result\u00f3 dif\u00edcil obedecerlas. No entend\u00eda su sentido, y por eso las rechazaba. Me her\u00eda incluso su sola existencia. \u00bfPor qu\u00e9 tanto rechazo? \u00bfPor qu\u00e9 me costaba tanto acogerlas?<\/p>\n\n\n\n<p>Al mirar hacia atr\u00e1s, descubr\u00ed que muchas de las veces que obedec\u00ed las normas, especialmente las de mis padres, no lo hice por amor puro, sino por amor con temor. Un miedo inconsciente a perder su afecto, a no ser aceptada, a decepcionarlos o incluso al castigo. Este temor tambi\u00e9n se extend\u00eda al colegio: buscaba ser la perfecta, la obediente, la que cumpl\u00eda todo. No para vivir en el bien, sino para ganarme la mirada aprobadora de los dem\u00e1s.<\/p>\n\n\n\n<p>Cumpl\u00eda las normas a rajatabla, incluso sobreexigi\u00e9ndome m\u00e1s all\u00e1 de mis l\u00edmites. Interiormente me forzaba, y eso provocaba que cualquier exigencia externa se sintiera como una carga. A veces, ese exceso causaba una explosi\u00f3n dentro y fuera de m\u00ed. <strong>No era libertad; era esclavitud bajo una apariencia de virtud.<\/strong><\/p>\n\n\n\n<p>Desde que me enamor\u00e9 de Cristo, experiment\u00e9 una libertad interior incre\u00edble. Empec\u00e9 a tomar mis propias decisiones sin tanto temor al qu\u00e9 dir\u00e1n o a la desaprobaci\u00f3n de mis padres. Sin embargo, me fui viendo cada vez m\u00e1s dentro del marco de las leyes, y eso me hac\u00eda sentir dependiente, como si otro comenzara a tener posesi\u00f3n sobre m\u00ed. Eso despertaba en m\u00ed una lucha interna, una tensi\u00f3n generada por el conflicto de mi incoherencia: por una parte, sab\u00eda que estoy llamada a vivir en el abandono confiado y en la dependencia amorosa de Dios; pero, por otra, esa misma dependencia me provocaba rechazo, como si me anulara. Era una herida que necesitaba ser sanada por <strong>la verdad del Amor<\/strong>.<\/p>\n\n\n\n<p>Con el tiempo, he comenzado a ver las cosas de otro modo. He comprendido que las leyes est\u00e1n llamadas a cumplirse por amor. Pero aqu\u00ed surge una pregunta dif\u00edcil: \u00bfc\u00f3mo amar algo que parece limitarte? \u00bfC\u00f3mo acoger algo que sientes que mutila tu ser?<\/p>\n\n\n\n<p>San Pablo nos ofrece una clave: &#8220;La ley solo proporciona el conocimiento del pecado&#8221; (Romanos 3,20). No seremos justificados por la ley, sino por la fe en Jesucristo. \u00c9l no vino a abolir la ley, sino a darle plenitud. Y esa plenitud se da en el amor. Jes\u00fas no desecha la ley de Mois\u00e9s; la lleva a su m\u00e1xima expresi\u00f3n, mostr\u00e1ndonos que <strong>su verdadero sentido es guiarnos hacia el amor aut\u00e9ntico<\/strong>.<\/p>\n\n\n\n<p>La ley no es enemiga del alma, aunque al principio as\u00ed lo parezca. En realidad, nos revela nuestras transgresiones y nos muestra lo que nos separa de la vida plena. Por eso a veces se siente como una mutilaci\u00f3n: porque nos va moldeando, como el alfarero que trabaja el barro informe para darle una forma nueva y bella.<\/p>\n\n\n\n<p>Este proceso tiene un prop\u00f3sito: devolvernos a nuestra unidad originaria. Esa unidad que ten\u00edamos en la inocencia, en la confianza total en Dios, cuando viv\u00edamos en una relaci\u00f3n sencilla y transparente con \u00c9l, mediada por nuestros padres. Jes\u00fas vino precisamente a restaurar esa integridad perdida, esa armon\u00eda original que se quebr\u00f3 al desobedecer el mandato divino de no comer del \u00e1rbol del bien y del mal.<\/p>\n\n\n\n<p>Para volver a esa unidad, necesitamos experimentar en carne propia el amor extremo del Crucificado y Resucitado. Solo cuando su amor nos encuentra, podemos llevar la ley a su plenitud. <strong>Solo en el encuentro con Cristo, la ley deja de ser una carga para convertirse en camino.<\/strong> Y la virtud nace de ese encuentro. <br>La persona virtuosa no vive la moral con rigidez, sino como una partitura musical: no debe salirse de la nota para no desafinar, pero si alguna vez se sale, no es el fin del filarm\u00f3nico. Hay espacio para el crecimiento, para la correcci\u00f3n, para la misericordia.<\/p>\n\n\n\n<p>La ley, entonces, no obliga; persuade. <strong>El virtuoso<\/strong> no <strong>obedece <\/strong>por temor al castigo, sino <strong>por amor<\/strong>. <br>La ley es un don. Quien vive en virtud, la agradece. Porque ya no es una frontera que encierra, sino una luz que orienta. Y en el centro de todo est\u00e1 la caridad, que es la madre, forma y motor de todas las virtudes. La caridad las supera, pero tambi\u00e9n necesita de ellas para encarnarse en la vida real.<br>La caridad sin normas puede desviarse, incluso con buenas intenciones. Sin otras virtudes, puede volverse sospechosa. Por eso, la maduraci\u00f3n moral consiste en integrar la ley y el amor, no enfrentarlos. Ese es el verdadero v\u00ednculo entre los mandamientos y la caridad: no el imperativo, sino el amor. <br><strong>El cumplimiento de la ley solo cobra sentido cuando nace de un coraz\u00f3n libre que ha sido alcanzado por el amor de Dios.<\/strong><\/p>\n\n\n\n<p><\/p>\n\n\n\n<p><em>&#8220;Ley, norma, mandamiento y regla: en este contexto, se puede usar como sin\u00f3nimos.&#8221;<\/em><\/p>\n\n\n\n<p><\/p>","protected":false},"excerpt":{"rendered":"<p>En estos d\u00edas, he comenzado a comprender con m\u00e1s claridad el papel que las leyes han&#8230;<\/p>","protected":false},"author":1,"featured_media":0,"comment_status":"closed","ping_status":"open","sticky":false,"template":"","format":"standard","meta":{"_eb_attr":"","_kadence_starter_templates_imported_post":false,"_kad_post_transparent":"","_kad_post_title":"default","_kad_post_layout":"","_kad_post_sidebar_id":"","_kad_post_content_style":"","_kad_post_vertical_padding":"","_kad_post_feature":"","_kad_post_feature_position":"","_kad_post_header":false,"_kad_post_footer":false,"footnotes":""},"categories":[44],"tags":[],"class_list":["post-6465","post","type-post","status-publish","format-standard","hentry","category-meditaciones"],"yoast_head":"<!-- This site is optimized with the Yoast SEO plugin v24.8.1 - https:\/\/yoast.com\/wordpress\/plugins\/seo\/ -->\n<title>Del miedo a la libertad interior. - OSMV<\/title>\n<meta name=\"robots\" content=\"index, follow, max-snippet:-1, max-image-preview:large, max-video-preview:-1\" \/>\n<link rel=\"canonical\" href=\"https:\/\/orsolinesmvarallo.org\/es\/del-miedo-a-la-libertad-interior\/\" \/>\n<meta property=\"og:locale\" content=\"es_ES\" \/>\n<meta property=\"og:type\" content=\"article\" \/>\n<meta property=\"og:title\" content=\"Del miedo a la libertad interior. - OSMV\" \/>\n<meta property=\"og:description\" content=\"En estos d\u00edas, he comenzado a comprender con m\u00e1s claridad el papel que las leyes han...\" \/>\n<meta property=\"og:url\" content=\"https:\/\/orsolinesmvarallo.org\/es\/del-miedo-a-la-libertad-interior\/\" \/>\n<meta property=\"og:site_name\" content=\"OSMV\" \/>\n<meta property=\"article:published_time\" content=\"2025-04-25T08:29:42+00:00\" \/>\n<meta property=\"article:modified_time\" content=\"2025-06-18T13:29:06+00:00\" \/>\n<meta name=\"author\" content=\"admin\" \/>\n<meta name=\"twitter:card\" content=\"summary_large_image\" \/>\n<meta name=\"twitter:label1\" content=\"Escrito por\" \/>\n\t<meta name=\"twitter:data1\" content=\"admin\" \/>\n\t<meta name=\"twitter:label2\" content=\"Tiempo de lectura\" \/>\n\t<meta name=\"twitter:data2\" content=\"5 minutos\" \/>\n<script type=\"application\/ld+json\" class=\"yoast-schema-graph\">{\"@context\":\"https:\/\/schema.org\",\"@graph\":[{\"@type\":\"Article\",\"@id\":\"https:\/\/orsolinesmvarallo.org\/del-miedo-a-la-libertad-interior\/#article\",\"isPartOf\":{\"@id\":\"https:\/\/orsolinesmvarallo.org\/del-miedo-a-la-libertad-interior\/\"},\"author\":{\"name\":\"admin\",\"@id\":\"https:\/\/orsolinesmvarallo.org\/es\/#\/schema\/person\/61bcbe28ec16a268abe35517ccfd1b3d\"},\"headline\":\"Del miedo a la libertad interior.\",\"datePublished\":\"2025-04-25T08:29:42+00:00\",\"dateModified\":\"2025-06-18T13:29:06+00:00\",\"mainEntityOfPage\":{\"@id\":\"https:\/\/orsolinesmvarallo.org\/del-miedo-a-la-libertad-interior\/\"},\"wordCount\":851,\"publisher\":{\"@id\":\"https:\/\/orsolinesmvarallo.org\/es\/#organization\"},\"articleSection\":[\"Meditaciones\"],\"inLanguage\":\"es\"},{\"@type\":\"WebPage\",\"@id\":\"https:\/\/orsolinesmvarallo.org\/del-miedo-a-la-libertad-interior\/\",\"url\":\"https:\/\/orsolinesmvarallo.org\/del-miedo-a-la-libertad-interior\/\",\"name\":\"Del miedo a la libertad interior. - OSMV\",\"isPartOf\":{\"@id\":\"https:\/\/orsolinesmvarallo.org\/es\/#website\"},\"datePublished\":\"2025-04-25T08:29:42+00:00\",\"dateModified\":\"2025-06-18T13:29:06+00:00\",\"breadcrumb\":{\"@id\":\"https:\/\/orsolinesmvarallo.org\/del-miedo-a-la-libertad-interior\/#breadcrumb\"},\"inLanguage\":\"es\",\"potentialAction\":[{\"@type\":\"ReadAction\",\"target\":[\"https:\/\/orsolinesmvarallo.org\/del-miedo-a-la-libertad-interior\/\"]}]},{\"@type\":\"BreadcrumbList\",\"@id\":\"https:\/\/orsolinesmvarallo.org\/del-miedo-a-la-libertad-interior\/#breadcrumb\",\"itemListElement\":[{\"@type\":\"ListItem\",\"position\":1,\"name\":\"Portada\",\"item\":\"https:\/\/orsolinesmvarallo.org\/\"},{\"@type\":\"ListItem\",\"position\":2,\"name\":\"Del miedo a la libertad interior.\"}]},{\"@type\":\"WebSite\",\"@id\":\"https:\/\/orsolinesmvarallo.org\/es\/#website\",\"url\":\"https:\/\/orsolinesmvarallo.org\/es\/\",\"name\":\"OSMV\",\"description\":\"Suore Orsoline Sacro Monte di Varallo\",\"publisher\":{\"@id\":\"https:\/\/orsolinesmvarallo.org\/es\/#organization\"},\"potentialAction\":[{\"@type\":\"SearchAction\",\"target\":{\"@type\":\"EntryPoint\",\"urlTemplate\":\"https:\/\/orsolinesmvarallo.org\/es\/?s={search_term_string}\"},\"query-input\":{\"@type\":\"PropertyValueSpecification\",\"valueRequired\":true,\"valueName\":\"search_term_string\"}}],\"inLanguage\":\"es\"},{\"@type\":\"Organization\",\"@id\":\"https:\/\/orsolinesmvarallo.org\/es\/#organization\",\"name\":\"OSMV\",\"url\":\"https:\/\/orsolinesmvarallo.org\/es\/\",\"logo\":{\"@type\":\"ImageObject\",\"inLanguage\":\"es\",\"@id\":\"https:\/\/orsolinesmvarallo.org\/es\/#\/schema\/logo\/image\/\",\"url\":\"https:\/\/orsolinesmvarallo.org\/wp-content\/uploads\/2024\/12\/cropped-logoeuca-blanco.png\",\"contentUrl\":\"https:\/\/orsolinesmvarallo.org\/wp-content\/uploads\/2024\/12\/cropped-logoeuca-blanco.png\",\"width\":772,\"height\":742,\"caption\":\"OSMV\"},\"image\":{\"@id\":\"https:\/\/orsolinesmvarallo.org\/es\/#\/schema\/logo\/image\/\"}},{\"@type\":\"Person\",\"@id\":\"https:\/\/orsolinesmvarallo.org\/es\/#\/schema\/person\/61bcbe28ec16a268abe35517ccfd1b3d\",\"name\":\"admin\",\"image\":{\"@type\":\"ImageObject\",\"inLanguage\":\"es\",\"@id\":\"https:\/\/orsolinesmvarallo.org\/es\/#\/schema\/person\/image\/\",\"url\":\"https:\/\/secure.gravatar.com\/avatar\/48e6239e9fa94be050f37e1c9541cfb0?s=96&d=mm&r=g\",\"contentUrl\":\"https:\/\/secure.gravatar.com\/avatar\/48e6239e9fa94be050f37e1c9541cfb0?s=96&d=mm&r=g\",\"caption\":\"admin\"},\"sameAs\":[\"https:\/\/orsolinesmvarallo.org\"],\"url\":\"https:\/\/orsolinesmvarallo.org\/es\/author\/admin\/\"}]}<\/script>\n<!-- \/ Yoast SEO plugin. -->","yoast_head_json":{"title":"Del miedo a la libertad interior. - OSMV","robots":{"index":"index","follow":"follow","max-snippet":"max-snippet:-1","max-image-preview":"max-image-preview:large","max-video-preview":"max-video-preview:-1"},"canonical":"https:\/\/orsolinesmvarallo.org\/es\/del-miedo-a-la-libertad-interior\/","og_locale":"es_ES","og_type":"article","og_title":"Del miedo a la libertad interior. - OSMV","og_description":"En estos d\u00edas, he comenzado a comprender con m\u00e1s claridad el papel que las leyes han...","og_url":"https:\/\/orsolinesmvarallo.org\/es\/del-miedo-a-la-libertad-interior\/","og_site_name":"OSMV","article_published_time":"2025-04-25T08:29:42+00:00","article_modified_time":"2025-06-18T13:29:06+00:00","author":"admin","twitter_card":"summary_large_image","twitter_misc":{"Escrito por":"admin","Tiempo de lectura":"5 minutos"},"schema":{"@context":"https:\/\/schema.org","@graph":[{"@type":"Article","@id":"https:\/\/orsolinesmvarallo.org\/del-miedo-a-la-libertad-interior\/#article","isPartOf":{"@id":"https:\/\/orsolinesmvarallo.org\/del-miedo-a-la-libertad-interior\/"},"author":{"name":"admin","@id":"https:\/\/orsolinesmvarallo.org\/es\/#\/schema\/person\/61bcbe28ec16a268abe35517ccfd1b3d"},"headline":"Del miedo a la libertad interior.","datePublished":"2025-04-25T08:29:42+00:00","dateModified":"2025-06-18T13:29:06+00:00","mainEntityOfPage":{"@id":"https:\/\/orsolinesmvarallo.org\/del-miedo-a-la-libertad-interior\/"},"wordCount":851,"publisher":{"@id":"https:\/\/orsolinesmvarallo.org\/es\/#organization"},"articleSection":["Meditaciones"],"inLanguage":"es"},{"@type":"WebPage","@id":"https:\/\/orsolinesmvarallo.org\/del-miedo-a-la-libertad-interior\/","url":"https:\/\/orsolinesmvarallo.org\/del-miedo-a-la-libertad-interior\/","name":"Del miedo a la libertad interior. - OSMV","isPartOf":{"@id":"https:\/\/orsolinesmvarallo.org\/es\/#website"},"datePublished":"2025-04-25T08:29:42+00:00","dateModified":"2025-06-18T13:29:06+00:00","breadcrumb":{"@id":"https:\/\/orsolinesmvarallo.org\/del-miedo-a-la-libertad-interior\/#breadcrumb"},"inLanguage":"es","potentialAction":[{"@type":"ReadAction","target":["https:\/\/orsolinesmvarallo.org\/del-miedo-a-la-libertad-interior\/"]}]},{"@type":"BreadcrumbList","@id":"https:\/\/orsolinesmvarallo.org\/del-miedo-a-la-libertad-interior\/#breadcrumb","itemListElement":[{"@type":"ListItem","position":1,"name":"Portada","item":"https:\/\/orsolinesmvarallo.org\/"},{"@type":"ListItem","position":2,"name":"Del miedo a la libertad interior."}]},{"@type":"WebSite","@id":"https:\/\/orsolinesmvarallo.org\/es\/#website","url":"https:\/\/orsolinesmvarallo.org\/es\/","name":"OSMV","description":"Suore Orsoline Sacro Monte di Varallo","publisher":{"@id":"https:\/\/orsolinesmvarallo.org\/es\/#organization"},"potentialAction":[{"@type":"SearchAction","target":{"@type":"EntryPoint","urlTemplate":"https:\/\/orsolinesmvarallo.org\/es\/?s={search_term_string}"},"query-input":{"@type":"PropertyValueSpecification","valueRequired":true,"valueName":"search_term_string"}}],"inLanguage":"es"},{"@type":"Organization","@id":"https:\/\/orsolinesmvarallo.org\/es\/#organization","name":"OSMV","url":"https:\/\/orsolinesmvarallo.org\/es\/","logo":{"@type":"ImageObject","inLanguage":"es","@id":"https:\/\/orsolinesmvarallo.org\/es\/#\/schema\/logo\/image\/","url":"https:\/\/orsolinesmvarallo.org\/wp-content\/uploads\/2024\/12\/cropped-logoeuca-blanco.png","contentUrl":"https:\/\/orsolinesmvarallo.org\/wp-content\/uploads\/2024\/12\/cropped-logoeuca-blanco.png","width":772,"height":742,"caption":"OSMV"},"image":{"@id":"https:\/\/orsolinesmvarallo.org\/es\/#\/schema\/logo\/image\/"}},{"@type":"Person","@id":"https:\/\/orsolinesmvarallo.org\/es\/#\/schema\/person\/61bcbe28ec16a268abe35517ccfd1b3d","name":"admin","image":{"@type":"ImageObject","inLanguage":"es","@id":"https:\/\/orsolinesmvarallo.org\/es\/#\/schema\/person\/image\/","url":"https:\/\/secure.gravatar.com\/avatar\/48e6239e9fa94be050f37e1c9541cfb0?s=96&d=mm&r=g","contentUrl":"https:\/\/secure.gravatar.com\/avatar\/48e6239e9fa94be050f37e1c9541cfb0?s=96&d=mm&r=g","caption":"admin"},"sameAs":["https:\/\/orsolinesmvarallo.org"],"url":"https:\/\/orsolinesmvarallo.org\/es\/author\/admin\/"}]}},"jetpack_featured_media_url":"","_links":{"self":[{"href":"https:\/\/orsolinesmvarallo.org\/es\/wp-json\/wp\/v2\/posts\/6465","targetHints":{"allow":["GET"]}}],"collection":[{"href":"https:\/\/orsolinesmvarallo.org\/es\/wp-json\/wp\/v2\/posts"}],"about":[{"href":"https:\/\/orsolinesmvarallo.org\/es\/wp-json\/wp\/v2\/types\/post"}],"author":[{"embeddable":true,"href":"https:\/\/orsolinesmvarallo.org\/es\/wp-json\/wp\/v2\/users\/1"}],"replies":[{"embeddable":true,"href":"https:\/\/orsolinesmvarallo.org\/es\/wp-json\/wp\/v2\/comments?post=6465"}],"version-history":[{"count":2,"href":"https:\/\/orsolinesmvarallo.org\/es\/wp-json\/wp\/v2\/posts\/6465\/revisions"}],"predecessor-version":[{"id":6478,"href":"https:\/\/orsolinesmvarallo.org\/es\/wp-json\/wp\/v2\/posts\/6465\/revisions\/6478"}],"wp:attachment":[{"href":"https:\/\/orsolinesmvarallo.org\/es\/wp-json\/wp\/v2\/media?parent=6465"}],"wp:term":[{"taxonomy":"category","embeddable":true,"href":"https:\/\/orsolinesmvarallo.org\/es\/wp-json\/wp\/v2\/categories?post=6465"},{"taxonomy":"post_tag","embeddable":true,"href":"https:\/\/orsolinesmvarallo.org\/es\/wp-json\/wp\/v2\/tags?post=6465"}],"curies":[{"name":"wp","href":"https:\/\/api.w.org\/{rel}","templated":true}]}}