{"id":6469,"date":"2025-06-13T17:52:27","date_gmt":"2025-06-13T15:52:27","guid":{"rendered":"https:\/\/orsolinesmvarallo.org\/?p=6469"},"modified":"2025-06-18T15:29:06","modified_gmt":"2025-06-18T13:29:06","slug":"santa-trinidad-camino-de-santidad","status":"publish","type":"post","link":"https:\/\/orsolinesmvarallo.org\/es\/santa-trinidad-camino-de-santidad\/","title":{"rendered":"Santa Trinidad, Camino de Santidad"},"content":{"rendered":"<p>La vocaci\u00f3n cristiana es una invitaci\u00f3n a vivir desde el coraz\u00f3n del misterio trinitario. El Padre, el Hijo y el Esp\u00edritu Santo obran juntos en la historia personal y comunitaria, manifestando que la santidad no es un ideal inalcanzable, sino una obra de Dios en nosotros.<\/p>\n\n\n\n<p><br>A todos se nos revela el camino: seguir a Cristo, dejar que el Esp\u00edritu Santo nos configure, y as\u00ed, como Jes\u00fas, vivir no para nosotros mismos, sino para hacer la voluntad del Padre y darle gloria con nuestra vida (cf. Jn 21,18-19). Esta es la transformaci\u00f3n que el mundo necesita: personas que vivan no para buscar gloria humana, como Herodes que muri\u00f3 por no dar gloria a Dios (cf. Hch 12,23), sino para que Dios sea glorificado en todo.<br>El fundamento de toda vocaci\u00f3n cristiana es participar del misterio de la vida trinitaria.<br>No es un estado est\u00e1tico, sino un proceso din\u00e1mico de transformaci\u00f3n desde dentro. Como ense\u00f1aba el Papa Benedicto XVI:<br>\u201cLa unidad creada por el amor es m\u00e1s radical y verdadera que la de un Dios solo\u201d.<br><br>Dice Santo Tom\u00e1s de Aquino:<br>\u201cEl conocimiento de la Trinidad es necesario para entender el sentido de la creaci\u00f3n.\u201d<br>Solo desde esta luz podemos comprender la historia personal, las heridas, las b\u00fasquedas, los vac\u00edos y los anhelos m\u00e1s profundos del coraz\u00f3n humano.<br>Vivimos en un mundo donde muchas veces la imagen de Dios se ve distorsionada por las ideolog\u00edas, las experiencias humanas fallidas o las heridas del pecado. Eso nos puede llevar a falsear nuestra dignidad, olvidar que somos imagen y semejanza de Dios, y alejarnos del camino al que fuimos llamados: vivir en comuni\u00f3n y amor.<br>Pero Dios, rico en misericordia, no abandona su obra e inicia en nosotros un camino de transfiguraci\u00f3n:<br><br><strong>Dios Padre<\/strong> se manifiesta con una luz que no deslumbra, sino que purifica. Como a Mois\u00e9s en el monte, el Padre se deja entrever desde su gloria, sin mostrarse del todo, protegiendo nuestra fragilidad:<br>\u00abAqu\u00ed hay un sitio junto a m\u00ed; ponte sobre la roca. Cuando pase mi gloria, te meter\u00e9 en una hendidura de la roca y te cubrir\u00e9 con mi mano hasta que haya pasado. Despu\u00e9s, cuando retire la mano, podr\u00e1s ver mi espalda, pero mi rostro no lo ver\u00e1s\u00bb (\u00c9xodo 33, 21\u201323).<br><br><strong>Jes\u00fas<\/strong> mismo, en su humanidad, clam\u00f3:<br>\u201cPadre, glorif\u00edcame con la gloria que ten\u00eda contigo\u201d (cf. Jn 17,1).<br>Solo quien muere a s\u00ed mismo puede recibir la vida nueva. La cruz no es solo un momento de dolor, sino el paso necesario para entrar en la gloria. El cristiano es llamado a vivir como Jes\u00fas: no haciendo la propia voluntad, sino la del Padre (cf. Hb 2,10).<br>Jes\u00fas nos acompa\u00f1a en ese madurar en el amor, a dejar la autoafirmaci\u00f3n, y a pasar por la cruz como camino de sanaci\u00f3n.<br><br><strong>Es el Esp\u00edritu Santo<\/strong> quien culmina la obra de Dios en nosotros; sondea lo profundo del ser, libera, purifica, gu\u00eda y fortalece. \u00c9l ense\u00f1a, recuerda, anima, y nos transforma en testigos vivos de Jes\u00fas. Nos ayuda a no aferrarnos a lo que queremos, sino a lo que Dios quiere. Solo en docilidad se puede caminar en libertad verdadera.<br>\u00abPero el Par\u00e1clito, el Esp\u00edritu Santo que el Padre enviar\u00e1 en mi nombre, les ense\u00f1ar\u00e1 todo y les recordar\u00e1 todo lo que yo les he dicho\u00bb (Juan 14, 26).<br><br>Invitaci\u00f3n a todos los bautizados<br>Esta es la vocaci\u00f3n universal a la santidad: Participar en el amor del Padre, por medio del Hijo, en el poder del Esp\u00edritu. No se trata de un llamado reservado a unos pocos, sino del destino de todos los bautizados. La santidad no consiste en ser perfectos, sino en dejarse transformar por el amor trinitario.<br>Que esta solemnidad de la Sant\u00edsima Trinidad nos anime a entrar m\u00e1s profundamente en su misterio de comuni\u00f3n. No estamos solos. Hemos sido creados para vivir con \u00c9l, en \u00c9l y por \u00c9l, en una eternidad de amor que comienza ya aqu\u00ed, cuando dejamos que Dios sea todo en nosotros.<br><\/p>\n\n\n\n<p>\u201cA \u00c9l la gloria por los siglos de los siglos. Am\u00e9n.\u201d<\/p>","protected":false},"excerpt":{"rendered":"<p>La vocaci\u00f3n cristiana es una invitaci\u00f3n a vivir desde el coraz\u00f3n del misterio trinitario. El Padre,&#8230;<\/p>","protected":false},"author":1,"featured_media":0,"comment_status":"closed","ping_status":"open","sticky":false,"template":"","format":"standard","meta":{"_eb_attr":"","_kadence_starter_templates_imported_post":false,"_kad_post_transparent":"","_kad_post_title":"","_kad_post_layout":"","_kad_post_sidebar_id":"","_kad_post_content_style":"","_kad_post_vertical_padding":"","_kad_post_feature":"","_kad_post_feature_position":"","_kad_post_header":false,"_kad_post_footer":false,"footnotes":""},"categories":[44],"tags":[],"class_list":["post-6469","post","type-post","status-publish","format-standard","hentry","category-meditaciones"],"yoast_head":"<!-- This site is optimized with the Yoast SEO plugin v24.8.1 - https:\/\/yoast.com\/wordpress\/plugins\/seo\/ -->\n<title>Santa Trinidad, Camino de Santidad - OSMV<\/title>\n<meta name=\"robots\" content=\"index, follow, max-snippet:-1, max-image-preview:large, max-video-preview:-1\" \/>\n<link rel=\"canonical\" href=\"https:\/\/orsolinesmvarallo.org\/es\/santa-trinidad-camino-de-santidad\/\" \/>\n<meta property=\"og:locale\" content=\"es_ES\" \/>\n<meta property=\"og:type\" content=\"article\" \/>\n<meta property=\"og:title\" content=\"Santa Trinidad, Camino de Santidad - OSMV\" \/>\n<meta property=\"og:description\" content=\"La vocaci\u00f3n cristiana es una invitaci\u00f3n a vivir desde el coraz\u00f3n del misterio trinitario. El Padre,...\" \/>\n<meta property=\"og:url\" content=\"https:\/\/orsolinesmvarallo.org\/es\/santa-trinidad-camino-de-santidad\/\" \/>\n<meta property=\"og:site_name\" content=\"OSMV\" \/>\n<meta property=\"article:published_time\" content=\"2025-06-13T15:52:27+00:00\" \/>\n<meta property=\"article:modified_time\" content=\"2025-06-18T13:29:06+00:00\" \/>\n<meta name=\"author\" content=\"admin\" \/>\n<meta name=\"twitter:card\" content=\"summary_large_image\" \/>\n<meta name=\"twitter:label1\" content=\"Escrito por\" \/>\n\t<meta name=\"twitter:data1\" content=\"admin\" \/>\n\t<meta name=\"twitter:label2\" content=\"Tiempo de lectura\" \/>\n\t<meta name=\"twitter:data2\" content=\"4 minutos\" \/>\n<script type=\"application\/ld+json\" class=\"yoast-schema-graph\">{\"@context\":\"https:\/\/schema.org\",\"@graph\":[{\"@type\":\"Article\",\"@id\":\"https:\/\/orsolinesmvarallo.org\/santa-trinidad-camino-de-santidad\/#article\",\"isPartOf\":{\"@id\":\"https:\/\/orsolinesmvarallo.org\/santa-trinidad-camino-de-santidad\/\"},\"author\":{\"name\":\"admin\",\"@id\":\"https:\/\/orsolinesmvarallo.org\/es\/#\/schema\/person\/61bcbe28ec16a268abe35517ccfd1b3d\"},\"headline\":\"Santa Trinidad, Camino de Santidad\",\"datePublished\":\"2025-06-13T15:52:27+00:00\",\"dateModified\":\"2025-06-18T13:29:06+00:00\",\"mainEntityOfPage\":{\"@id\":\"https:\/\/orsolinesmvarallo.org\/santa-trinidad-camino-de-santidad\/\"},\"wordCount\":716,\"publisher\":{\"@id\":\"https:\/\/orsolinesmvarallo.org\/es\/#organization\"},\"articleSection\":[\"Meditaciones\"],\"inLanguage\":\"es\"},{\"@type\":\"WebPage\",\"@id\":\"https:\/\/orsolinesmvarallo.org\/santa-trinidad-camino-de-santidad\/\",\"url\":\"https:\/\/orsolinesmvarallo.org\/santa-trinidad-camino-de-santidad\/\",\"name\":\"Santa Trinidad, Camino de Santidad - OSMV\",\"isPartOf\":{\"@id\":\"https:\/\/orsolinesmvarallo.org\/es\/#website\"},\"datePublished\":\"2025-06-13T15:52:27+00:00\",\"dateModified\":\"2025-06-18T13:29:06+00:00\",\"breadcrumb\":{\"@id\":\"https:\/\/orsolinesmvarallo.org\/santa-trinidad-camino-de-santidad\/#breadcrumb\"},\"inLanguage\":\"es\",\"potentialAction\":[{\"@type\":\"ReadAction\",\"target\":[\"https:\/\/orsolinesmvarallo.org\/santa-trinidad-camino-de-santidad\/\"]}]},{\"@type\":\"BreadcrumbList\",\"@id\":\"https:\/\/orsolinesmvarallo.org\/santa-trinidad-camino-de-santidad\/#breadcrumb\",\"itemListElement\":[{\"@type\":\"ListItem\",\"position\":1,\"name\":\"Portada\",\"item\":\"https:\/\/orsolinesmvarallo.org\/\"},{\"@type\":\"ListItem\",\"position\":2,\"name\":\"Santa Trinidad, Camino de Santidad\"}]},{\"@type\":\"WebSite\",\"@id\":\"https:\/\/orsolinesmvarallo.org\/es\/#website\",\"url\":\"https:\/\/orsolinesmvarallo.org\/es\/\",\"name\":\"OSMV\",\"description\":\"Suore Orsoline Sacro Monte di Varallo\",\"publisher\":{\"@id\":\"https:\/\/orsolinesmvarallo.org\/es\/#organization\"},\"potentialAction\":[{\"@type\":\"SearchAction\",\"target\":{\"@type\":\"EntryPoint\",\"urlTemplate\":\"https:\/\/orsolinesmvarallo.org\/es\/?s={search_term_string}\"},\"query-input\":{\"@type\":\"PropertyValueSpecification\",\"valueRequired\":true,\"valueName\":\"search_term_string\"}}],\"inLanguage\":\"es\"},{\"@type\":\"Organization\",\"@id\":\"https:\/\/orsolinesmvarallo.org\/es\/#organization\",\"name\":\"OSMV\",\"url\":\"https:\/\/orsolinesmvarallo.org\/es\/\",\"logo\":{\"@type\":\"ImageObject\",\"inLanguage\":\"es\",\"@id\":\"https:\/\/orsolinesmvarallo.org\/es\/#\/schema\/logo\/image\/\",\"url\":\"https:\/\/orsolinesmvarallo.org\/wp-content\/uploads\/2024\/12\/cropped-logoeuca-blanco.png\",\"contentUrl\":\"https:\/\/orsolinesmvarallo.org\/wp-content\/uploads\/2024\/12\/cropped-logoeuca-blanco.png\",\"width\":772,\"height\":742,\"caption\":\"OSMV\"},\"image\":{\"@id\":\"https:\/\/orsolinesmvarallo.org\/es\/#\/schema\/logo\/image\/\"}},{\"@type\":\"Person\",\"@id\":\"https:\/\/orsolinesmvarallo.org\/es\/#\/schema\/person\/61bcbe28ec16a268abe35517ccfd1b3d\",\"name\":\"admin\",\"image\":{\"@type\":\"ImageObject\",\"inLanguage\":\"es\",\"@id\":\"https:\/\/orsolinesmvarallo.org\/es\/#\/schema\/person\/image\/\",\"url\":\"https:\/\/secure.gravatar.com\/avatar\/48e6239e9fa94be050f37e1c9541cfb0?s=96&d=mm&r=g\",\"contentUrl\":\"https:\/\/secure.gravatar.com\/avatar\/48e6239e9fa94be050f37e1c9541cfb0?s=96&d=mm&r=g\",\"caption\":\"admin\"},\"sameAs\":[\"https:\/\/orsolinesmvarallo.org\"],\"url\":\"https:\/\/orsolinesmvarallo.org\/es\/author\/admin\/\"}]}<\/script>\n<!-- \/ Yoast SEO plugin. -->","yoast_head_json":{"title":"Santa Trinidad, Camino de Santidad - OSMV","robots":{"index":"index","follow":"follow","max-snippet":"max-snippet:-1","max-image-preview":"max-image-preview:large","max-video-preview":"max-video-preview:-1"},"canonical":"https:\/\/orsolinesmvarallo.org\/es\/santa-trinidad-camino-de-santidad\/","og_locale":"es_ES","og_type":"article","og_title":"Santa Trinidad, Camino de Santidad - OSMV","og_description":"La vocaci\u00f3n cristiana es una invitaci\u00f3n a vivir desde el coraz\u00f3n del misterio trinitario. El Padre,...","og_url":"https:\/\/orsolinesmvarallo.org\/es\/santa-trinidad-camino-de-santidad\/","og_site_name":"OSMV","article_published_time":"2025-06-13T15:52:27+00:00","article_modified_time":"2025-06-18T13:29:06+00:00","author":"admin","twitter_card":"summary_large_image","twitter_misc":{"Escrito por":"admin","Tiempo de lectura":"4 minutos"},"schema":{"@context":"https:\/\/schema.org","@graph":[{"@type":"Article","@id":"https:\/\/orsolinesmvarallo.org\/santa-trinidad-camino-de-santidad\/#article","isPartOf":{"@id":"https:\/\/orsolinesmvarallo.org\/santa-trinidad-camino-de-santidad\/"},"author":{"name":"admin","@id":"https:\/\/orsolinesmvarallo.org\/es\/#\/schema\/person\/61bcbe28ec16a268abe35517ccfd1b3d"},"headline":"Santa Trinidad, Camino de Santidad","datePublished":"2025-06-13T15:52:27+00:00","dateModified":"2025-06-18T13:29:06+00:00","mainEntityOfPage":{"@id":"https:\/\/orsolinesmvarallo.org\/santa-trinidad-camino-de-santidad\/"},"wordCount":716,"publisher":{"@id":"https:\/\/orsolinesmvarallo.org\/es\/#organization"},"articleSection":["Meditaciones"],"inLanguage":"es"},{"@type":"WebPage","@id":"https:\/\/orsolinesmvarallo.org\/santa-trinidad-camino-de-santidad\/","url":"https:\/\/orsolinesmvarallo.org\/santa-trinidad-camino-de-santidad\/","name":"Santa Trinidad, Camino de Santidad - OSMV","isPartOf":{"@id":"https:\/\/orsolinesmvarallo.org\/es\/#website"},"datePublished":"2025-06-13T15:52:27+00:00","dateModified":"2025-06-18T13:29:06+00:00","breadcrumb":{"@id":"https:\/\/orsolinesmvarallo.org\/santa-trinidad-camino-de-santidad\/#breadcrumb"},"inLanguage":"es","potentialAction":[{"@type":"ReadAction","target":["https:\/\/orsolinesmvarallo.org\/santa-trinidad-camino-de-santidad\/"]}]},{"@type":"BreadcrumbList","@id":"https:\/\/orsolinesmvarallo.org\/santa-trinidad-camino-de-santidad\/#breadcrumb","itemListElement":[{"@type":"ListItem","position":1,"name":"Portada","item":"https:\/\/orsolinesmvarallo.org\/"},{"@type":"ListItem","position":2,"name":"Santa Trinidad, Camino de Santidad"}]},{"@type":"WebSite","@id":"https:\/\/orsolinesmvarallo.org\/es\/#website","url":"https:\/\/orsolinesmvarallo.org\/es\/","name":"OSMV","description":"Suore Orsoline Sacro Monte di Varallo","publisher":{"@id":"https:\/\/orsolinesmvarallo.org\/es\/#organization"},"potentialAction":[{"@type":"SearchAction","target":{"@type":"EntryPoint","urlTemplate":"https:\/\/orsolinesmvarallo.org\/es\/?s={search_term_string}"},"query-input":{"@type":"PropertyValueSpecification","valueRequired":true,"valueName":"search_term_string"}}],"inLanguage":"es"},{"@type":"Organization","@id":"https:\/\/orsolinesmvarallo.org\/es\/#organization","name":"OSMV","url":"https:\/\/orsolinesmvarallo.org\/es\/","logo":{"@type":"ImageObject","inLanguage":"es","@id":"https:\/\/orsolinesmvarallo.org\/es\/#\/schema\/logo\/image\/","url":"https:\/\/orsolinesmvarallo.org\/wp-content\/uploads\/2024\/12\/cropped-logoeuca-blanco.png","contentUrl":"https:\/\/orsolinesmvarallo.org\/wp-content\/uploads\/2024\/12\/cropped-logoeuca-blanco.png","width":772,"height":742,"caption":"OSMV"},"image":{"@id":"https:\/\/orsolinesmvarallo.org\/es\/#\/schema\/logo\/image\/"}},{"@type":"Person","@id":"https:\/\/orsolinesmvarallo.org\/es\/#\/schema\/person\/61bcbe28ec16a268abe35517ccfd1b3d","name":"admin","image":{"@type":"ImageObject","inLanguage":"es","@id":"https:\/\/orsolinesmvarallo.org\/es\/#\/schema\/person\/image\/","url":"https:\/\/secure.gravatar.com\/avatar\/48e6239e9fa94be050f37e1c9541cfb0?s=96&d=mm&r=g","contentUrl":"https:\/\/secure.gravatar.com\/avatar\/48e6239e9fa94be050f37e1c9541cfb0?s=96&d=mm&r=g","caption":"admin"},"sameAs":["https:\/\/orsolinesmvarallo.org"],"url":"https:\/\/orsolinesmvarallo.org\/es\/author\/admin\/"}]}},"jetpack_featured_media_url":"","_links":{"self":[{"href":"https:\/\/orsolinesmvarallo.org\/es\/wp-json\/wp\/v2\/posts\/6469","targetHints":{"allow":["GET"]}}],"collection":[{"href":"https:\/\/orsolinesmvarallo.org\/es\/wp-json\/wp\/v2\/posts"}],"about":[{"href":"https:\/\/orsolinesmvarallo.org\/es\/wp-json\/wp\/v2\/types\/post"}],"author":[{"embeddable":true,"href":"https:\/\/orsolinesmvarallo.org\/es\/wp-json\/wp\/v2\/users\/1"}],"replies":[{"embeddable":true,"href":"https:\/\/orsolinesmvarallo.org\/es\/wp-json\/wp\/v2\/comments?post=6469"}],"version-history":[{"count":1,"href":"https:\/\/orsolinesmvarallo.org\/es\/wp-json\/wp\/v2\/posts\/6469\/revisions"}],"predecessor-version":[{"id":6470,"href":"https:\/\/orsolinesmvarallo.org\/es\/wp-json\/wp\/v2\/posts\/6469\/revisions\/6470"}],"wp:attachment":[{"href":"https:\/\/orsolinesmvarallo.org\/es\/wp-json\/wp\/v2\/media?parent=6469"}],"wp:term":[{"taxonomy":"category","embeddable":true,"href":"https:\/\/orsolinesmvarallo.org\/es\/wp-json\/wp\/v2\/categories?post=6469"},{"taxonomy":"post_tag","embeddable":true,"href":"https:\/\/orsolinesmvarallo.org\/es\/wp-json\/wp\/v2\/tags?post=6469"}],"curies":[{"name":"wp","href":"https:\/\/api.w.org\/{rel}","templated":true}]}}