{"id":6504,"date":"2025-06-18T15:56:06","date_gmt":"2025-06-18T13:56:06","guid":{"rendered":"https:\/\/orsolinesmvarallo.org\/?p=6504"},"modified":"2025-06-18T19:24:20","modified_gmt":"2025-06-18T17:24:20","slug":"celebrazione-del-centenario-della-nascita-in-cielo-di-madre-clotilde-verno","status":"publish","type":"post","link":"https:\/\/orsolinesmvarallo.org\/es\/celebrazione-del-centenario-della-nascita-in-cielo-di-madre-clotilde-verno\/","title":{"rendered":"Celebraci\u00f3n del Centenario del Dies Natalis de Madre Clotilde Verno"},"content":{"rendered":"<p><strong>Queremos compartir con vosotros el recuerdo de la celebraci\u00f3n del centenario del nacimiento al cielo de nuestra fundadora, Madre Clotilde Verno.<\/strong><br \/>Gracias de coraz\u00f3n a todos los que nos hab\u00e9is acompa\u00f1ado en estos d\u00edas, tambi\u00e9n con vuestra oraci\u00f3n.<\/p>\n\n\n\n<p>La jornada conmemorativa se desarroll\u00f3 en un ambiente de profunda espiritualidad, fraternidad y gratitud por el don de la vida y de la misi\u00f3n de Madre Clotilde.<\/p>\n\n\n\n<p class=\"translation-block\">El momento central fue <strong>la celebraci\u00f3n de la Santa Misa en el hermoso Santuario de Varallo<\/strong>, uno de los lugares de espiritualidad m\u00e1s emblem\u00e1ticos del Piamonte.\nLa celebraci\u00f3n estuvo presidida por <strong>S.E. Mons. Aurelio Garc\u00eda Mac\u00edas<\/strong>, quien, con su presencia y sus palabras, enriqueci\u00f3 espiritualmente a toda la asamblea.<\/p>\n\n\n\n<p>La liturgia, animada con cantos y oraci\u00f3n comunitaria, fue concelebrada por varios sacerdotes que nos honraron con su cercan\u00eda.<\/p>\n\n\n\n<figure class=\"wp-block-embed is-type-video is-provider-youtube wp-block-embed-youtube wp-embed-aspect-16-9 wp-has-aspect-ratio\"><div class=\"wp-block-embed__wrapper\">\n<iframe title=\"Celebrazione Eucaristica per il centenario di la nascita in cielo di madre Clotilde Verno.\" width=\"720\" height=\"405\" src=\"https:\/\/www.youtube.com\/embed\/-q9HFar3XuA?feature=oembed\" frameborder=\"0\" allow=\"accelerometer; autoplay; clipboard-write; encrypted-media; gyroscope; picture-in-picture; web-share\" referrerpolicy=\"strict-origin-when-cross-origin\" allowfullscreen><\/iframe>\n<\/div><\/figure>\n\n\n\n<p class=\"translation-block\">Tras la celebraci\u00f3n eucar\u00edstica, tuvo lugar una <strong>procesi\u00f3n hasta la tumba de Madre Clotilde<\/strong>, un momento cargado de emoci\u00f3n y oraci\u00f3n. En torno a su memoria, nos unimos como familia espiritual para confiarle una vez m\u00e1s nuestras vidas, nuestras obras y nuestro camino.<\/p>\n\n\n\n<p class=\"translation-block\">Luego, en un clima de comuni\u00f3n fraterna, se procedi\u00f3 al reparto de peque\u00f1os recuerdos de la jornada: signos sencillos pero llenos de significado para conservar en el coraz\u00f3n la memoria de este acontecimiento tan especial. Cada detalle fue pensado para acompa\u00f1ar espiritualmente a cada uno en su d\u00eda a d\u00eda.<\/p>\n\n\n\n<p class=\"translation-block\">El almuerzo fraterno se celebr\u00f3 en el Albergo Ristorante Sacro Monte, donde los participantes pudieron compartir la mesa en un ambiente familiar. Fue una ocasi\u00f3n para reencontrarse, intercambiar palabras de afecto, vivencias y recuerdos ligados a las hermanas Ursulinas.<\/p>\n\n\n\n<p class=\"translation-block\">Por la tarde, los sacerdotes que participaron en la celebraci\u00f3n tuvieron la oportunidad de realizar una visita guiada al conjunto monumental del Sacro Monte de Varallo, formado por 45 capillas decoradas con frescos que narran la vida y la Pasi\u00f3n de Jes\u00fas.\nLa visita fue conducida por don Damiano Pomi, quien, con gran conocimiento y sensibilidad, acompa\u00f1\u00f3 a los presentes en un verdadero itinerario art\u00edstico y espiritual.<\/p>\n\n\n\n<p><\/p>\n\n\n\n<hr class=\"wp-block-separator has-alpha-channel-opacity\"\/>\n\n\n\n<p><\/p>\n\n\n\n<p class=\"translation-block\">Esta conmemoraci\u00f3n nos ha permitido renovar nuestra gratitud por el testimonio de fe, entrega y amor que nos dej\u00f3 Madre Clotilde Verno.\n<strong>Que su esp\u00edritu siga gui\u00e1ndonos y sosteni\u00e9ndonos en nuestro camino de servicio y amor cristiano.<\/strong><\/p>\n\n\n\n<iframe src=\"https:\/\/www.facebook.com\/plugins\/post.php?href=https%3A%2F%2Fwww.facebook.com%2Fusmv1902%2Fposts%2Fpfbid02XHF2fykRYTVDsiVrViGeA5uYuJZX99RfHxBewRj8mpyhDoWvuU7Gnck9vXGmJqpyl&#038;show_text=true&#038;width=500\" width=\"500\" height=\"651\" style=\"border:none;overflow:hidden\" scrolling=\"no\" frameborder=\"0\" allowfullscreen=\"true\" allow=\"autoplay; clipboard-write; encrypted-media; picture-in-picture; web-share\"><\/iframe>\n\n\n\n<p><\/p>","protected":false},"excerpt":{"rendered":"<p>Desideriamo condividere con voi il ricordo della celebrazione del centenario della nascita in cielo della nostra&#8230;<\/p>","protected":false},"author":1,"featured_media":6499,"comment_status":"closed","ping_status":"open","sticky":false,"template":"","format":"standard","meta":{"_eb_attr":"","_kadence_starter_templates_imported_post":false,"_kad_post_transparent":"","_kad_post_title":"","_kad_post_layout":"","_kad_post_sidebar_id":"","_kad_post_content_style":"","_kad_post_vertical_padding":"","_kad_post_feature":"","_kad_post_feature_position":"","_kad_post_header":false,"_kad_post_footer":false,"footnotes":""},"categories":[7],"tags":[],"class_list":["post-6504","post","type-post","status-publish","format-standard","has-post-thumbnail","hentry","category-fraternita"],"yoast_head":"<!-- This site is optimized with the Yoast SEO plugin v24.8.1 - https:\/\/yoast.com\/wordpress\/plugins\/seo\/ -->\n<title>Celebrazione del Centenario del Dies Natalis di Madre Clotilde Verno - OSMV<\/title>\n<meta name=\"robots\" content=\"index, follow, max-snippet:-1, max-image-preview:large, max-video-preview:-1\" \/>\n<link rel=\"canonical\" href=\"https:\/\/orsolinesmvarallo.org\/es\/celebrazione-del-centenario-della-nascita-in-cielo-di-madre-clotilde-verno\/\" \/>\n<meta property=\"og:locale\" content=\"es_ES\" \/>\n<meta property=\"og:type\" content=\"article\" \/>\n<meta property=\"og:title\" content=\"Celebrazione del Centenario del Dies Natalis di Madre Clotilde Verno - OSMV\" \/>\n<meta property=\"og:description\" content=\"Desideriamo condividere con voi il ricordo della celebrazione del centenario della nascita in cielo della nostra...\" \/>\n<meta property=\"og:url\" content=\"https:\/\/orsolinesmvarallo.org\/es\/celebrazione-del-centenario-della-nascita-in-cielo-di-madre-clotilde-verno\/\" \/>\n<meta property=\"og:site_name\" content=\"OSMV\" \/>\n<meta property=\"article:published_time\" content=\"2025-06-18T13:56:06+00:00\" \/>\n<meta property=\"article:modified_time\" content=\"2025-06-18T17:24:20+00:00\" \/>\n<meta property=\"og:image\" content=\"https:\/\/orsolinesmvarallo.org\/wp-content\/uploads\/2025\/06\/14.jpg\" \/>\n\t<meta property=\"og:image:width\" content=\"1599\" \/>\n\t<meta property=\"og:image:height\" content=\"899\" \/>\n\t<meta property=\"og:image:type\" content=\"image\/jpeg\" \/>\n<meta name=\"author\" content=\"admin\" \/>\n<meta name=\"twitter:card\" content=\"summary_large_image\" \/>\n<meta name=\"twitter:label1\" content=\"Escrito por\" \/>\n\t<meta name=\"twitter:data1\" content=\"admin\" \/>\n\t<meta name=\"twitter:label2\" content=\"Tiempo de lectura\" \/>\n\t<meta name=\"twitter:data2\" content=\"2 minutos\" \/>\n<script type=\"application\/ld+json\" class=\"yoast-schema-graph\">{\"@context\":\"https:\/\/schema.org\",\"@graph\":[{\"@type\":\"Article\",\"@id\":\"https:\/\/orsolinesmvarallo.org\/celebrazione-del-centenario-della-nascita-in-cielo-di-madre-clotilde-verno\/#article\",\"isPartOf\":{\"@id\":\"https:\/\/orsolinesmvarallo.org\/celebrazione-del-centenario-della-nascita-in-cielo-di-madre-clotilde-verno\/\"},\"author\":{\"name\":\"admin\",\"@id\":\"https:\/\/orsolinesmvarallo.org\/es\/#\/schema\/person\/61bcbe28ec16a268abe35517ccfd1b3d\"},\"headline\":\"Celebrazione del Centenario del Dies Natalis di Madre Clotilde Verno\",\"datePublished\":\"2025-06-18T13:56:06+00:00\",\"dateModified\":\"2025-06-18T17:24:20+00:00\",\"mainEntityOfPage\":{\"@id\":\"https:\/\/orsolinesmvarallo.org\/celebrazione-del-centenario-della-nascita-in-cielo-di-madre-clotilde-verno\/\"},\"wordCount\":392,\"publisher\":{\"@id\":\"https:\/\/orsolinesmvarallo.org\/es\/#organization\"},\"image\":{\"@id\":\"https:\/\/orsolinesmvarallo.org\/celebrazione-del-centenario-della-nascita-in-cielo-di-madre-clotilde-verno\/#primaryimage\"},\"thumbnailUrl\":\"https:\/\/orsolinesmvarallo.org\/wp-content\/uploads\/2025\/06\/14.jpg\",\"articleSection\":[\"Fraternit\u00e0\"],\"inLanguage\":\"es\"},{\"@type\":\"WebPage\",\"@id\":\"https:\/\/orsolinesmvarallo.org\/celebrazione-del-centenario-della-nascita-in-cielo-di-madre-clotilde-verno\/\",\"url\":\"https:\/\/orsolinesmvarallo.org\/celebrazione-del-centenario-della-nascita-in-cielo-di-madre-clotilde-verno\/\",\"name\":\"Celebrazione del Centenario del Dies Natalis di Madre Clotilde Verno - OSMV\",\"isPartOf\":{\"@id\":\"https:\/\/orsolinesmvarallo.org\/es\/#website\"},\"primaryImageOfPage\":{\"@id\":\"https:\/\/orsolinesmvarallo.org\/celebrazione-del-centenario-della-nascita-in-cielo-di-madre-clotilde-verno\/#primaryimage\"},\"image\":{\"@id\":\"https:\/\/orsolinesmvarallo.org\/celebrazione-del-centenario-della-nascita-in-cielo-di-madre-clotilde-verno\/#primaryimage\"},\"thumbnailUrl\":\"https:\/\/orsolinesmvarallo.org\/wp-content\/uploads\/2025\/06\/14.jpg\",\"datePublished\":\"2025-06-18T13:56:06+00:00\",\"dateModified\":\"2025-06-18T17:24:20+00:00\",\"breadcrumb\":{\"@id\":\"https:\/\/orsolinesmvarallo.org\/celebrazione-del-centenario-della-nascita-in-cielo-di-madre-clotilde-verno\/#breadcrumb\"},\"inLanguage\":\"es\",\"potentialAction\":[{\"@type\":\"ReadAction\",\"target\":[\"https:\/\/orsolinesmvarallo.org\/celebrazione-del-centenario-della-nascita-in-cielo-di-madre-clotilde-verno\/\"]}]},{\"@type\":\"ImageObject\",\"inLanguage\":\"es\",\"@id\":\"https:\/\/orsolinesmvarallo.org\/celebrazione-del-centenario-della-nascita-in-cielo-di-madre-clotilde-verno\/#primaryimage\",\"url\":\"https:\/\/orsolinesmvarallo.org\/wp-content\/uploads\/2025\/06\/14.jpg\",\"contentUrl\":\"https:\/\/orsolinesmvarallo.org\/wp-content\/uploads\/2025\/06\/14.jpg\",\"width\":1599,\"height\":899},{\"@type\":\"BreadcrumbList\",\"@id\":\"https:\/\/orsolinesmvarallo.org\/celebrazione-del-centenario-della-nascita-in-cielo-di-madre-clotilde-verno\/#breadcrumb\",\"itemListElement\":[{\"@type\":\"ListItem\",\"position\":1,\"name\":\"Portada\",\"item\":\"https:\/\/orsolinesmvarallo.org\/\"},{\"@type\":\"ListItem\",\"position\":2,\"name\":\"Celebrazione del Centenario del Dies Natalis di Madre Clotilde Verno\"}]},{\"@type\":\"WebSite\",\"@id\":\"https:\/\/orsolinesmvarallo.org\/es\/#website\",\"url\":\"https:\/\/orsolinesmvarallo.org\/es\/\",\"name\":\"OSMV\",\"description\":\"Suore Orsoline Sacro Monte di Varallo\",\"publisher\":{\"@id\":\"https:\/\/orsolinesmvarallo.org\/es\/#organization\"},\"potentialAction\":[{\"@type\":\"SearchAction\",\"target\":{\"@type\":\"EntryPoint\",\"urlTemplate\":\"https:\/\/orsolinesmvarallo.org\/es\/?s={search_term_string}\"},\"query-input\":{\"@type\":\"PropertyValueSpecification\",\"valueRequired\":true,\"valueName\":\"search_term_string\"}}],\"inLanguage\":\"es\"},{\"@type\":\"Organization\",\"@id\":\"https:\/\/orsolinesmvarallo.org\/es\/#organization\",\"name\":\"OSMV\",\"url\":\"https:\/\/orsolinesmvarallo.org\/es\/\",\"logo\":{\"@type\":\"ImageObject\",\"inLanguage\":\"es\",\"@id\":\"https:\/\/orsolinesmvarallo.org\/es\/#\/schema\/logo\/image\/\",\"url\":\"https:\/\/orsolinesmvarallo.org\/wp-content\/uploads\/2024\/12\/cropped-logoeuca-blanco.png\",\"contentUrl\":\"https:\/\/orsolinesmvarallo.org\/wp-content\/uploads\/2024\/12\/cropped-logoeuca-blanco.png\",\"width\":772,\"height\":742,\"caption\":\"OSMV\"},\"image\":{\"@id\":\"https:\/\/orsolinesmvarallo.org\/es\/#\/schema\/logo\/image\/\"}},{\"@type\":\"Person\",\"@id\":\"https:\/\/orsolinesmvarallo.org\/es\/#\/schema\/person\/61bcbe28ec16a268abe35517ccfd1b3d\",\"name\":\"admin\",\"image\":{\"@type\":\"ImageObject\",\"inLanguage\":\"es\",\"@id\":\"https:\/\/orsolinesmvarallo.org\/es\/#\/schema\/person\/image\/\",\"url\":\"https:\/\/secure.gravatar.com\/avatar\/48e6239e9fa94be050f37e1c9541cfb0?s=96&d=mm&r=g\",\"contentUrl\":\"https:\/\/secure.gravatar.com\/avatar\/48e6239e9fa94be050f37e1c9541cfb0?s=96&d=mm&r=g\",\"caption\":\"admin\"},\"sameAs\":[\"https:\/\/orsolinesmvarallo.org\"],\"url\":\"https:\/\/orsolinesmvarallo.org\/es\/author\/admin\/\"}]}<\/script>\n<!-- \/ Yoast SEO plugin. -->","yoast_head_json":{"title":"Celebrazione del Centenario del Dies Natalis di Madre Clotilde Verno - OSMV","robots":{"index":"index","follow":"follow","max-snippet":"max-snippet:-1","max-image-preview":"max-image-preview:large","max-video-preview":"max-video-preview:-1"},"canonical":"https:\/\/orsolinesmvarallo.org\/es\/celebrazione-del-centenario-della-nascita-in-cielo-di-madre-clotilde-verno\/","og_locale":"es_ES","og_type":"article","og_title":"Celebrazione del Centenario del Dies Natalis di Madre Clotilde Verno - OSMV","og_description":"Desideriamo condividere con voi il ricordo della celebrazione del centenario della nascita in cielo della nostra...","og_url":"https:\/\/orsolinesmvarallo.org\/es\/celebrazione-del-centenario-della-nascita-in-cielo-di-madre-clotilde-verno\/","og_site_name":"OSMV","article_published_time":"2025-06-18T13:56:06+00:00","article_modified_time":"2025-06-18T17:24:20+00:00","og_image":[{"width":1599,"height":899,"url":"https:\/\/orsolinesmvarallo.org\/wp-content\/uploads\/2025\/06\/14.jpg","type":"image\/jpeg"}],"author":"admin","twitter_card":"summary_large_image","twitter_misc":{"Escrito por":"admin","Tiempo de lectura":"2 minutos"},"schema":{"@context":"https:\/\/schema.org","@graph":[{"@type":"Article","@id":"https:\/\/orsolinesmvarallo.org\/celebrazione-del-centenario-della-nascita-in-cielo-di-madre-clotilde-verno\/#article","isPartOf":{"@id":"https:\/\/orsolinesmvarallo.org\/celebrazione-del-centenario-della-nascita-in-cielo-di-madre-clotilde-verno\/"},"author":{"name":"admin","@id":"https:\/\/orsolinesmvarallo.org\/es\/#\/schema\/person\/61bcbe28ec16a268abe35517ccfd1b3d"},"headline":"Celebrazione del Centenario del Dies Natalis di Madre Clotilde Verno","datePublished":"2025-06-18T13:56:06+00:00","dateModified":"2025-06-18T17:24:20+00:00","mainEntityOfPage":{"@id":"https:\/\/orsolinesmvarallo.org\/celebrazione-del-centenario-della-nascita-in-cielo-di-madre-clotilde-verno\/"},"wordCount":392,"publisher":{"@id":"https:\/\/orsolinesmvarallo.org\/es\/#organization"},"image":{"@id":"https:\/\/orsolinesmvarallo.org\/celebrazione-del-centenario-della-nascita-in-cielo-di-madre-clotilde-verno\/#primaryimage"},"thumbnailUrl":"https:\/\/orsolinesmvarallo.org\/wp-content\/uploads\/2025\/06\/14.jpg","articleSection":["Fraternit\u00e0"],"inLanguage":"es"},{"@type":"WebPage","@id":"https:\/\/orsolinesmvarallo.org\/celebrazione-del-centenario-della-nascita-in-cielo-di-madre-clotilde-verno\/","url":"https:\/\/orsolinesmvarallo.org\/celebrazione-del-centenario-della-nascita-in-cielo-di-madre-clotilde-verno\/","name":"Celebrazione del Centenario del Dies Natalis di Madre Clotilde Verno - OSMV","isPartOf":{"@id":"https:\/\/orsolinesmvarallo.org\/es\/#website"},"primaryImageOfPage":{"@id":"https:\/\/orsolinesmvarallo.org\/celebrazione-del-centenario-della-nascita-in-cielo-di-madre-clotilde-verno\/#primaryimage"},"image":{"@id":"https:\/\/orsolinesmvarallo.org\/celebrazione-del-centenario-della-nascita-in-cielo-di-madre-clotilde-verno\/#primaryimage"},"thumbnailUrl":"https:\/\/orsolinesmvarallo.org\/wp-content\/uploads\/2025\/06\/14.jpg","datePublished":"2025-06-18T13:56:06+00:00","dateModified":"2025-06-18T17:24:20+00:00","breadcrumb":{"@id":"https:\/\/orsolinesmvarallo.org\/celebrazione-del-centenario-della-nascita-in-cielo-di-madre-clotilde-verno\/#breadcrumb"},"inLanguage":"es","potentialAction":[{"@type":"ReadAction","target":["https:\/\/orsolinesmvarallo.org\/celebrazione-del-centenario-della-nascita-in-cielo-di-madre-clotilde-verno\/"]}]},{"@type":"ImageObject","inLanguage":"es","@id":"https:\/\/orsolinesmvarallo.org\/celebrazione-del-centenario-della-nascita-in-cielo-di-madre-clotilde-verno\/#primaryimage","url":"https:\/\/orsolinesmvarallo.org\/wp-content\/uploads\/2025\/06\/14.jpg","contentUrl":"https:\/\/orsolinesmvarallo.org\/wp-content\/uploads\/2025\/06\/14.jpg","width":1599,"height":899},{"@type":"BreadcrumbList","@id":"https:\/\/orsolinesmvarallo.org\/celebrazione-del-centenario-della-nascita-in-cielo-di-madre-clotilde-verno\/#breadcrumb","itemListElement":[{"@type":"ListItem","position":1,"name":"Portada","item":"https:\/\/orsolinesmvarallo.org\/"},{"@type":"ListItem","position":2,"name":"Celebrazione del Centenario del Dies Natalis di Madre Clotilde Verno"}]},{"@type":"WebSite","@id":"https:\/\/orsolinesmvarallo.org\/es\/#website","url":"https:\/\/orsolinesmvarallo.org\/es\/","name":"OSMV","description":"Suore Orsoline Sacro Monte di Varallo","publisher":{"@id":"https:\/\/orsolinesmvarallo.org\/es\/#organization"},"potentialAction":[{"@type":"SearchAction","target":{"@type":"EntryPoint","urlTemplate":"https:\/\/orsolinesmvarallo.org\/es\/?s={search_term_string}"},"query-input":{"@type":"PropertyValueSpecification","valueRequired":true,"valueName":"search_term_string"}}],"inLanguage":"es"},{"@type":"Organization","@id":"https:\/\/orsolinesmvarallo.org\/es\/#organization","name":"OSMV","url":"https:\/\/orsolinesmvarallo.org\/es\/","logo":{"@type":"ImageObject","inLanguage":"es","@id":"https:\/\/orsolinesmvarallo.org\/es\/#\/schema\/logo\/image\/","url":"https:\/\/orsolinesmvarallo.org\/wp-content\/uploads\/2024\/12\/cropped-logoeuca-blanco.png","contentUrl":"https:\/\/orsolinesmvarallo.org\/wp-content\/uploads\/2024\/12\/cropped-logoeuca-blanco.png","width":772,"height":742,"caption":"OSMV"},"image":{"@id":"https:\/\/orsolinesmvarallo.org\/es\/#\/schema\/logo\/image\/"}},{"@type":"Person","@id":"https:\/\/orsolinesmvarallo.org\/es\/#\/schema\/person\/61bcbe28ec16a268abe35517ccfd1b3d","name":"admin","image":{"@type":"ImageObject","inLanguage":"es","@id":"https:\/\/orsolinesmvarallo.org\/es\/#\/schema\/person\/image\/","url":"https:\/\/secure.gravatar.com\/avatar\/48e6239e9fa94be050f37e1c9541cfb0?s=96&d=mm&r=g","contentUrl":"https:\/\/secure.gravatar.com\/avatar\/48e6239e9fa94be050f37e1c9541cfb0?s=96&d=mm&r=g","caption":"admin"},"sameAs":["https:\/\/orsolinesmvarallo.org"],"url":"https:\/\/orsolinesmvarallo.org\/es\/author\/admin\/"}]}},"jetpack_featured_media_url":"https:\/\/orsolinesmvarallo.org\/wp-content\/uploads\/2025\/06\/14.jpg","_links":{"self":[{"href":"https:\/\/orsolinesmvarallo.org\/es\/wp-json\/wp\/v2\/posts\/6504","targetHints":{"allow":["GET"]}}],"collection":[{"href":"https:\/\/orsolinesmvarallo.org\/es\/wp-json\/wp\/v2\/posts"}],"about":[{"href":"https:\/\/orsolinesmvarallo.org\/es\/wp-json\/wp\/v2\/types\/post"}],"author":[{"embeddable":true,"href":"https:\/\/orsolinesmvarallo.org\/es\/wp-json\/wp\/v2\/users\/1"}],"replies":[{"embeddable":true,"href":"https:\/\/orsolinesmvarallo.org\/es\/wp-json\/wp\/v2\/comments?post=6504"}],"version-history":[{"count":6,"href":"https:\/\/orsolinesmvarallo.org\/es\/wp-json\/wp\/v2\/posts\/6504\/revisions"}],"predecessor-version":[{"id":6537,"href":"https:\/\/orsolinesmvarallo.org\/es\/wp-json\/wp\/v2\/posts\/6504\/revisions\/6537"}],"wp:featuredmedia":[{"embeddable":true,"href":"https:\/\/orsolinesmvarallo.org\/es\/wp-json\/wp\/v2\/media\/6499"}],"wp:attachment":[{"href":"https:\/\/orsolinesmvarallo.org\/es\/wp-json\/wp\/v2\/media?parent=6504"}],"wp:term":[{"taxonomy":"category","embeddable":true,"href":"https:\/\/orsolinesmvarallo.org\/es\/wp-json\/wp\/v2\/categories?post=6504"},{"taxonomy":"post_tag","embeddable":true,"href":"https:\/\/orsolinesmvarallo.org\/es\/wp-json\/wp\/v2\/tags?post=6504"}],"curies":[{"name":"wp","href":"https:\/\/api.w.org\/{rel}","templated":true}]}}