{"id":6543,"date":"2025-07-18T15:28:58","date_gmt":"2025-07-18T13:28:58","guid":{"rendered":"https:\/\/orsolinesmvarallo.org\/?p=6543"},"modified":"2025-07-18T15:38:29","modified_gmt":"2025-07-18T13:38:29","slug":"centenario-del-dies-natalis-de-don-alfonso-maria-chiara-y-madre-clotilde-verno","status":"publish","type":"post","link":"https:\/\/orsolinesmvarallo.org\/es\/centenario-del-dies-natalis-de-don-alfonso-maria-chiara-y-madre-clotilde-verno\/","title":{"rendered":"Centenario del \u201cDies Natalis\u201d de Don Alfonso Maria Chiara y Madre Clotilde Verno"},"content":{"rendered":"<p class=\"translation-block\">El pr\u00f3ximo 24 de agosto de 2025 se celebrar\u00e1 el centenario del \u201cDies Natalis\u201d de Don Alfonso Maria Chiara y Madre Clotilde Verno, fundadores de las Ursulinas del Sacro Monte de Varallo.<\/p>\n\n\n\n<p class=\"translation-block\">La jornada comenzar\u00e1 a las 16:30 horas con la presentaci\u00f3n del libro \"D. Alfonso Maria Chiara, pastor entre las ovejas\", con la participaci\u00f3n de los autores Prof. Franco Dessilani y Don Damiano Pomi.<\/p>\n\n\n\n<p>Una oportunidad para profundizar en la vida y misi\u00f3n de este sacerdote que supo vivir entre su pueblo como verdadero pastor con olor a oveja, guiado por el amor a Cristo y a la Iglesia.<\/p>\n\n\n\n<p class=\"translation-block\">A las 18:00 horas, se celebrar\u00e1 la Santa Misa, presidida por S.E. Mons. Franco Giulio Brambilla, obispo de Novara, en la Iglesia parroquial de San Bartolomeo en Scopa (VC).\nSer\u00e1 un momento central del d\u00eda, en el que la comunidad se reunir\u00e1 para dar gracias a Dios por el don de estos fundadores y renovar el compromiso de seguir caminando en fidelidad a su carisma.<\/p>\n\n\n\n<p class=\"translation-block\">Al termine della celebrazione ci sar\u00e0 un rinfresco per tutti.<\/p>\n\n\n\n<p class=\"translation-block\">Per maggiori informazioni: info@orsolinesmvarallo.org<\/p>\n\n\n\n<p><\/p>\n\n\n\n<figure class=\"wp-block-image size-large\"><img fetchpriority=\"high\" decoding=\"async\" width=\"682\" height=\"1024\" src=\"https:\/\/orsolinesmvarallo.org\/wp-content\/uploads\/2025\/07\/img-20250718-wa00237853565942182331524-682x1024.jpg\" alt=\"\" class=\"wp-image-6542\" srcset=\"https:\/\/orsolinesmvarallo.org\/wp-content\/uploads\/2025\/07\/img-20250718-wa00237853565942182331524-682x1024.jpg 682w, https:\/\/orsolinesmvarallo.org\/wp-content\/uploads\/2025\/07\/img-20250718-wa00237853565942182331524-200x300.jpg 200w, https:\/\/orsolinesmvarallo.org\/wp-content\/uploads\/2025\/07\/img-20250718-wa00237853565942182331524-768x1153.jpg 768w, https:\/\/orsolinesmvarallo.org\/wp-content\/uploads\/2025\/07\/img-20250718-wa00237853565942182331524-1023x1536.jpg 1023w, https:\/\/orsolinesmvarallo.org\/wp-content\/uploads\/2025\/07\/img-20250718-wa00237853565942182331524-8x12.jpg 8w, https:\/\/orsolinesmvarallo.org\/wp-content\/uploads\/2025\/07\/img-20250718-wa00237853565942182331524.jpg 1066w\" sizes=\"(max-width: 682px) 100vw, 682px\" \/><\/figure>","protected":false},"excerpt":{"rendered":"<p>Il prossimo 24 agosto 2025 si celebrer\u00e0 il centenario del \u201cDies Natalis\u201d di Don Alfonso Maria&#8230;<\/p>","protected":false},"author":1,"featured_media":6542,"comment_status":"closed","ping_status":"open","sticky":false,"template":"","format":"standard","meta":{"_eb_attr":"","_kadence_starter_templates_imported_post":false,"_kad_post_transparent":"","_kad_post_title":"","_kad_post_layout":"","_kad_post_sidebar_id":"","_kad_post_content_style":"","_kad_post_vertical_padding":"","_kad_post_feature":"","_kad_post_feature_position":"","_kad_post_header":false,"_kad_post_footer":false,"footnotes":""},"categories":[7],"tags":[],"class_list":["post-6543","post","type-post","status-publish","format-standard","has-post-thumbnail","hentry","category-fraternita"],"yoast_head":"<!-- This site is optimized with the Yoast SEO plugin v24.8.1 - https:\/\/yoast.com\/wordpress\/plugins\/seo\/ -->\n<title>Centenario del \u201cDies Natalis\u201d di Don Alfonso Maria Chiara e Madre Clotilde Verno. - OSMV<\/title>\n<meta name=\"robots\" content=\"index, follow, max-snippet:-1, max-image-preview:large, max-video-preview:-1\" \/>\n<link rel=\"canonical\" href=\"https:\/\/orsolinesmvarallo.org\/es\/centenario-del-dies-natalis-de-don-alfonso-maria-chiara-y-madre-clotilde-verno\/\" \/>\n<meta property=\"og:locale\" content=\"es_ES\" \/>\n<meta property=\"og:type\" content=\"article\" \/>\n<meta property=\"og:title\" content=\"Centenario del \u201cDies Natalis\u201d di Don Alfonso Maria Chiara e Madre Clotilde Verno. - OSMV\" \/>\n<meta property=\"og:description\" content=\"Il prossimo 24 agosto 2025 si celebrer\u00e0 il centenario del \u201cDies Natalis\u201d di Don Alfonso Maria...\" \/>\n<meta property=\"og:url\" content=\"https:\/\/orsolinesmvarallo.org\/es\/centenario-del-dies-natalis-de-don-alfonso-maria-chiara-y-madre-clotilde-verno\/\" \/>\n<meta property=\"og:site_name\" content=\"OSMV\" \/>\n<meta property=\"article:published_time\" content=\"2025-07-18T13:28:58+00:00\" \/>\n<meta property=\"article:modified_time\" content=\"2025-07-18T13:38:29+00:00\" \/>\n<meta property=\"og:image\" content=\"https:\/\/orsolinesmvarallo.org\/wp-content\/uploads\/2025\/07\/img-20250718-wa00237853565942182331524.jpg\" \/>\n\t<meta property=\"og:image:width\" content=\"1066\" \/>\n\t<meta property=\"og:image:height\" content=\"1600\" \/>\n\t<meta property=\"og:image:type\" content=\"image\/jpeg\" \/>\n<meta name=\"author\" content=\"admin\" \/>\n<meta name=\"twitter:card\" content=\"summary_large_image\" \/>\n<meta name=\"twitter:label1\" content=\"Escrito por\" \/>\n\t<meta name=\"twitter:data1\" content=\"admin\" \/>\n\t<meta name=\"twitter:label2\" content=\"Tiempo de lectura\" \/>\n\t<meta name=\"twitter:data2\" content=\"2 minutos\" \/>\n<script type=\"application\/ld+json\" class=\"yoast-schema-graph\">{\"@context\":\"https:\/\/schema.org\",\"@graph\":[{\"@type\":\"Article\",\"@id\":\"https:\/\/orsolinesmvarallo.org\/centenario-del-dies-natalis-de-don-alfonso-maria-chiara-y-madre-clotilde-verno\/#article\",\"isPartOf\":{\"@id\":\"https:\/\/orsolinesmvarallo.org\/centenario-del-dies-natalis-de-don-alfonso-maria-chiara-y-madre-clotilde-verno\/\"},\"author\":{\"name\":\"admin\",\"@id\":\"https:\/\/orsolinesmvarallo.org\/es\/#\/schema\/person\/61bcbe28ec16a268abe35517ccfd1b3d\"},\"headline\":\"Centenario del \u201cDies Natalis\u201d di Don Alfonso Maria Chiara e Madre Clotilde Verno.\",\"datePublished\":\"2025-07-18T13:28:58+00:00\",\"dateModified\":\"2025-07-18T13:38:29+00:00\",\"mainEntityOfPage\":{\"@id\":\"https:\/\/orsolinesmvarallo.org\/centenario-del-dies-natalis-de-don-alfonso-maria-chiara-y-madre-clotilde-verno\/\"},\"wordCount\":163,\"publisher\":{\"@id\":\"https:\/\/orsolinesmvarallo.org\/es\/#organization\"},\"image\":{\"@id\":\"https:\/\/orsolinesmvarallo.org\/centenario-del-dies-natalis-de-don-alfonso-maria-chiara-y-madre-clotilde-verno\/#primaryimage\"},\"thumbnailUrl\":\"https:\/\/orsolinesmvarallo.org\/wp-content\/uploads\/2025\/07\/img-20250718-wa00237853565942182331524.jpg\",\"articleSection\":[\"Fraternit\u00e0\"],\"inLanguage\":\"es\"},{\"@type\":\"WebPage\",\"@id\":\"https:\/\/orsolinesmvarallo.org\/centenario-del-dies-natalis-de-don-alfonso-maria-chiara-y-madre-clotilde-verno\/\",\"url\":\"https:\/\/orsolinesmvarallo.org\/centenario-del-dies-natalis-de-don-alfonso-maria-chiara-y-madre-clotilde-verno\/\",\"name\":\"Centenario del \u201cDies Natalis\u201d di Don Alfonso Maria Chiara e Madre Clotilde Verno. - OSMV\",\"isPartOf\":{\"@id\":\"https:\/\/orsolinesmvarallo.org\/es\/#website\"},\"primaryImageOfPage\":{\"@id\":\"https:\/\/orsolinesmvarallo.org\/centenario-del-dies-natalis-de-don-alfonso-maria-chiara-y-madre-clotilde-verno\/#primaryimage\"},\"image\":{\"@id\":\"https:\/\/orsolinesmvarallo.org\/centenario-del-dies-natalis-de-don-alfonso-maria-chiara-y-madre-clotilde-verno\/#primaryimage\"},\"thumbnailUrl\":\"https:\/\/orsolinesmvarallo.org\/wp-content\/uploads\/2025\/07\/img-20250718-wa00237853565942182331524.jpg\",\"datePublished\":\"2025-07-18T13:28:58+00:00\",\"dateModified\":\"2025-07-18T13:38:29+00:00\",\"breadcrumb\":{\"@id\":\"https:\/\/orsolinesmvarallo.org\/centenario-del-dies-natalis-de-don-alfonso-maria-chiara-y-madre-clotilde-verno\/#breadcrumb\"},\"inLanguage\":\"es\",\"potentialAction\":[{\"@type\":\"ReadAction\",\"target\":[\"https:\/\/orsolinesmvarallo.org\/centenario-del-dies-natalis-de-don-alfonso-maria-chiara-y-madre-clotilde-verno\/\"]}]},{\"@type\":\"ImageObject\",\"inLanguage\":\"es\",\"@id\":\"https:\/\/orsolinesmvarallo.org\/centenario-del-dies-natalis-de-don-alfonso-maria-chiara-y-madre-clotilde-verno\/#primaryimage\",\"url\":\"https:\/\/orsolinesmvarallo.org\/wp-content\/uploads\/2025\/07\/img-20250718-wa00237853565942182331524.jpg\",\"contentUrl\":\"https:\/\/orsolinesmvarallo.org\/wp-content\/uploads\/2025\/07\/img-20250718-wa00237853565942182331524.jpg\",\"width\":1066,\"height\":1600},{\"@type\":\"BreadcrumbList\",\"@id\":\"https:\/\/orsolinesmvarallo.org\/centenario-del-dies-natalis-de-don-alfonso-maria-chiara-y-madre-clotilde-verno\/#breadcrumb\",\"itemListElement\":[{\"@type\":\"ListItem\",\"position\":1,\"name\":\"Portada\",\"item\":\"https:\/\/orsolinesmvarallo.org\/\"},{\"@type\":\"ListItem\",\"position\":2,\"name\":\"Centenario del \u201cDies Natalis\u201d di Don Alfonso Maria Chiara e Madre Clotilde Verno.\"}]},{\"@type\":\"WebSite\",\"@id\":\"https:\/\/orsolinesmvarallo.org\/es\/#website\",\"url\":\"https:\/\/orsolinesmvarallo.org\/es\/\",\"name\":\"OSMV\",\"description\":\"Suore Orsoline Sacro Monte di Varallo\",\"publisher\":{\"@id\":\"https:\/\/orsolinesmvarallo.org\/es\/#organization\"},\"potentialAction\":[{\"@type\":\"SearchAction\",\"target\":{\"@type\":\"EntryPoint\",\"urlTemplate\":\"https:\/\/orsolinesmvarallo.org\/es\/?s={search_term_string}\"},\"query-input\":{\"@type\":\"PropertyValueSpecification\",\"valueRequired\":true,\"valueName\":\"search_term_string\"}}],\"inLanguage\":\"es\"},{\"@type\":\"Organization\",\"@id\":\"https:\/\/orsolinesmvarallo.org\/es\/#organization\",\"name\":\"OSMV\",\"url\":\"https:\/\/orsolinesmvarallo.org\/es\/\",\"logo\":{\"@type\":\"ImageObject\",\"inLanguage\":\"es\",\"@id\":\"https:\/\/orsolinesmvarallo.org\/es\/#\/schema\/logo\/image\/\",\"url\":\"https:\/\/orsolinesmvarallo.org\/wp-content\/uploads\/2024\/12\/cropped-logoeuca-blanco.png\",\"contentUrl\":\"https:\/\/orsolinesmvarallo.org\/wp-content\/uploads\/2024\/12\/cropped-logoeuca-blanco.png\",\"width\":772,\"height\":742,\"caption\":\"OSMV\"},\"image\":{\"@id\":\"https:\/\/orsolinesmvarallo.org\/es\/#\/schema\/logo\/image\/\"}},{\"@type\":\"Person\",\"@id\":\"https:\/\/orsolinesmvarallo.org\/es\/#\/schema\/person\/61bcbe28ec16a268abe35517ccfd1b3d\",\"name\":\"admin\",\"image\":{\"@type\":\"ImageObject\",\"inLanguage\":\"es\",\"@id\":\"https:\/\/orsolinesmvarallo.org\/es\/#\/schema\/person\/image\/\",\"url\":\"https:\/\/secure.gravatar.com\/avatar\/48e6239e9fa94be050f37e1c9541cfb0?s=96&d=mm&r=g\",\"contentUrl\":\"https:\/\/secure.gravatar.com\/avatar\/48e6239e9fa94be050f37e1c9541cfb0?s=96&d=mm&r=g\",\"caption\":\"admin\"},\"sameAs\":[\"https:\/\/orsolinesmvarallo.org\"],\"url\":\"https:\/\/orsolinesmvarallo.org\/es\/author\/admin\/\"}]}<\/script>\n<!-- \/ Yoast SEO plugin. -->","yoast_head_json":{"title":"Centenario del \u201cDies Natalis\u201d di Don Alfonso Maria Chiara e Madre Clotilde Verno. - OSMV","robots":{"index":"index","follow":"follow","max-snippet":"max-snippet:-1","max-image-preview":"max-image-preview:large","max-video-preview":"max-video-preview:-1"},"canonical":"https:\/\/orsolinesmvarallo.org\/es\/centenario-del-dies-natalis-de-don-alfonso-maria-chiara-y-madre-clotilde-verno\/","og_locale":"es_ES","og_type":"article","og_title":"Centenario del \u201cDies Natalis\u201d di Don Alfonso Maria Chiara e Madre Clotilde Verno. - OSMV","og_description":"Il prossimo 24 agosto 2025 si celebrer\u00e0 il centenario del \u201cDies Natalis\u201d di Don Alfonso Maria...","og_url":"https:\/\/orsolinesmvarallo.org\/es\/centenario-del-dies-natalis-de-don-alfonso-maria-chiara-y-madre-clotilde-verno\/","og_site_name":"OSMV","article_published_time":"2025-07-18T13:28:58+00:00","article_modified_time":"2025-07-18T13:38:29+00:00","og_image":[{"width":1066,"height":1600,"url":"https:\/\/orsolinesmvarallo.org\/wp-content\/uploads\/2025\/07\/img-20250718-wa00237853565942182331524.jpg","type":"image\/jpeg"}],"author":"admin","twitter_card":"summary_large_image","twitter_misc":{"Escrito por":"admin","Tiempo de lectura":"2 minutos"},"schema":{"@context":"https:\/\/schema.org","@graph":[{"@type":"Article","@id":"https:\/\/orsolinesmvarallo.org\/centenario-del-dies-natalis-de-don-alfonso-maria-chiara-y-madre-clotilde-verno\/#article","isPartOf":{"@id":"https:\/\/orsolinesmvarallo.org\/centenario-del-dies-natalis-de-don-alfonso-maria-chiara-y-madre-clotilde-verno\/"},"author":{"name":"admin","@id":"https:\/\/orsolinesmvarallo.org\/es\/#\/schema\/person\/61bcbe28ec16a268abe35517ccfd1b3d"},"headline":"Centenario del \u201cDies Natalis\u201d di Don Alfonso Maria Chiara e Madre Clotilde Verno.","datePublished":"2025-07-18T13:28:58+00:00","dateModified":"2025-07-18T13:38:29+00:00","mainEntityOfPage":{"@id":"https:\/\/orsolinesmvarallo.org\/centenario-del-dies-natalis-de-don-alfonso-maria-chiara-y-madre-clotilde-verno\/"},"wordCount":163,"publisher":{"@id":"https:\/\/orsolinesmvarallo.org\/es\/#organization"},"image":{"@id":"https:\/\/orsolinesmvarallo.org\/centenario-del-dies-natalis-de-don-alfonso-maria-chiara-y-madre-clotilde-verno\/#primaryimage"},"thumbnailUrl":"https:\/\/orsolinesmvarallo.org\/wp-content\/uploads\/2025\/07\/img-20250718-wa00237853565942182331524.jpg","articleSection":["Fraternit\u00e0"],"inLanguage":"es"},{"@type":"WebPage","@id":"https:\/\/orsolinesmvarallo.org\/centenario-del-dies-natalis-de-don-alfonso-maria-chiara-y-madre-clotilde-verno\/","url":"https:\/\/orsolinesmvarallo.org\/centenario-del-dies-natalis-de-don-alfonso-maria-chiara-y-madre-clotilde-verno\/","name":"Centenario del \u201cDies Natalis\u201d di Don Alfonso Maria Chiara e Madre Clotilde Verno. - OSMV","isPartOf":{"@id":"https:\/\/orsolinesmvarallo.org\/es\/#website"},"primaryImageOfPage":{"@id":"https:\/\/orsolinesmvarallo.org\/centenario-del-dies-natalis-de-don-alfonso-maria-chiara-y-madre-clotilde-verno\/#primaryimage"},"image":{"@id":"https:\/\/orsolinesmvarallo.org\/centenario-del-dies-natalis-de-don-alfonso-maria-chiara-y-madre-clotilde-verno\/#primaryimage"},"thumbnailUrl":"https:\/\/orsolinesmvarallo.org\/wp-content\/uploads\/2025\/07\/img-20250718-wa00237853565942182331524.jpg","datePublished":"2025-07-18T13:28:58+00:00","dateModified":"2025-07-18T13:38:29+00:00","breadcrumb":{"@id":"https:\/\/orsolinesmvarallo.org\/centenario-del-dies-natalis-de-don-alfonso-maria-chiara-y-madre-clotilde-verno\/#breadcrumb"},"inLanguage":"es","potentialAction":[{"@type":"ReadAction","target":["https:\/\/orsolinesmvarallo.org\/centenario-del-dies-natalis-de-don-alfonso-maria-chiara-y-madre-clotilde-verno\/"]}]},{"@type":"ImageObject","inLanguage":"es","@id":"https:\/\/orsolinesmvarallo.org\/centenario-del-dies-natalis-de-don-alfonso-maria-chiara-y-madre-clotilde-verno\/#primaryimage","url":"https:\/\/orsolinesmvarallo.org\/wp-content\/uploads\/2025\/07\/img-20250718-wa00237853565942182331524.jpg","contentUrl":"https:\/\/orsolinesmvarallo.org\/wp-content\/uploads\/2025\/07\/img-20250718-wa00237853565942182331524.jpg","width":1066,"height":1600},{"@type":"BreadcrumbList","@id":"https:\/\/orsolinesmvarallo.org\/centenario-del-dies-natalis-de-don-alfonso-maria-chiara-y-madre-clotilde-verno\/#breadcrumb","itemListElement":[{"@type":"ListItem","position":1,"name":"Portada","item":"https:\/\/orsolinesmvarallo.org\/"},{"@type":"ListItem","position":2,"name":"Centenario del \u201cDies Natalis\u201d di Don Alfonso Maria Chiara e Madre Clotilde Verno."}]},{"@type":"WebSite","@id":"https:\/\/orsolinesmvarallo.org\/es\/#website","url":"https:\/\/orsolinesmvarallo.org\/es\/","name":"OSMV","description":"Suore Orsoline Sacro Monte di Varallo","publisher":{"@id":"https:\/\/orsolinesmvarallo.org\/es\/#organization"},"potentialAction":[{"@type":"SearchAction","target":{"@type":"EntryPoint","urlTemplate":"https:\/\/orsolinesmvarallo.org\/es\/?s={search_term_string}"},"query-input":{"@type":"PropertyValueSpecification","valueRequired":true,"valueName":"search_term_string"}}],"inLanguage":"es"},{"@type":"Organization","@id":"https:\/\/orsolinesmvarallo.org\/es\/#organization","name":"OSMV","url":"https:\/\/orsolinesmvarallo.org\/es\/","logo":{"@type":"ImageObject","inLanguage":"es","@id":"https:\/\/orsolinesmvarallo.org\/es\/#\/schema\/logo\/image\/","url":"https:\/\/orsolinesmvarallo.org\/wp-content\/uploads\/2024\/12\/cropped-logoeuca-blanco.png","contentUrl":"https:\/\/orsolinesmvarallo.org\/wp-content\/uploads\/2024\/12\/cropped-logoeuca-blanco.png","width":772,"height":742,"caption":"OSMV"},"image":{"@id":"https:\/\/orsolinesmvarallo.org\/es\/#\/schema\/logo\/image\/"}},{"@type":"Person","@id":"https:\/\/orsolinesmvarallo.org\/es\/#\/schema\/person\/61bcbe28ec16a268abe35517ccfd1b3d","name":"admin","image":{"@type":"ImageObject","inLanguage":"es","@id":"https:\/\/orsolinesmvarallo.org\/es\/#\/schema\/person\/image\/","url":"https:\/\/secure.gravatar.com\/avatar\/48e6239e9fa94be050f37e1c9541cfb0?s=96&d=mm&r=g","contentUrl":"https:\/\/secure.gravatar.com\/avatar\/48e6239e9fa94be050f37e1c9541cfb0?s=96&d=mm&r=g","caption":"admin"},"sameAs":["https:\/\/orsolinesmvarallo.org"],"url":"https:\/\/orsolinesmvarallo.org\/es\/author\/admin\/"}]}},"jetpack_featured_media_url":"https:\/\/orsolinesmvarallo.org\/wp-content\/uploads\/2025\/07\/img-20250718-wa00237853565942182331524.jpg","_links":{"self":[{"href":"https:\/\/orsolinesmvarallo.org\/es\/wp-json\/wp\/v2\/posts\/6543","targetHints":{"allow":["GET"]}}],"collection":[{"href":"https:\/\/orsolinesmvarallo.org\/es\/wp-json\/wp\/v2\/posts"}],"about":[{"href":"https:\/\/orsolinesmvarallo.org\/es\/wp-json\/wp\/v2\/types\/post"}],"author":[{"embeddable":true,"href":"https:\/\/orsolinesmvarallo.org\/es\/wp-json\/wp\/v2\/users\/1"}],"replies":[{"embeddable":true,"href":"https:\/\/orsolinesmvarallo.org\/es\/wp-json\/wp\/v2\/comments?post=6543"}],"version-history":[{"count":3,"href":"https:\/\/orsolinesmvarallo.org\/es\/wp-json\/wp\/v2\/posts\/6543\/revisions"}],"predecessor-version":[{"id":6548,"href":"https:\/\/orsolinesmvarallo.org\/es\/wp-json\/wp\/v2\/posts\/6543\/revisions\/6548"}],"wp:featuredmedia":[{"embeddable":true,"href":"https:\/\/orsolinesmvarallo.org\/es\/wp-json\/wp\/v2\/media\/6542"}],"wp:attachment":[{"href":"https:\/\/orsolinesmvarallo.org\/es\/wp-json\/wp\/v2\/media?parent=6543"}],"wp:term":[{"taxonomy":"category","embeddable":true,"href":"https:\/\/orsolinesmvarallo.org\/es\/wp-json\/wp\/v2\/categories?post=6543"},{"taxonomy":"post_tag","embeddable":true,"href":"https:\/\/orsolinesmvarallo.org\/es\/wp-json\/wp\/v2\/tags?post=6543"}],"curies":[{"name":"wp","href":"https:\/\/api.w.org\/{rel}","templated":true}]}}