{"id":6549,"date":"2025-07-18T15:43:48","date_gmt":"2025-07-18T13:43:48","guid":{"rendered":"https:\/\/orsolinesmvarallo.org\/?p=6549"},"modified":"2025-07-18T15:44:17","modified_gmt":"2025-07-18T13:44:17","slug":"professione-perpetua-di-suor-maruja-quispe-queccano","status":"publish","type":"post","link":"https:\/\/orsolinesmvarallo.org\/es\/professione-perpetua-di-suor-maruja-quispe-queccano\/","title":{"rendered":"Profesi\u00f3n perpetua de Sor Maruja Quispe."},"content":{"rendered":"<p class=\"translation-block\">Con inmensa alegr\u00eda, las Hermanas Ursulinas del Sacro Monte de Varallo invitan a la comunidad a participar en la celebraci\u00f3n de los votos perpetuos de Sor Maruja Quispe Quecca\u00f1o, que tendr\u00e1 lugar el pr\u00f3ximo 15 de agosto de 2025, en el marco del A\u00f1o Jubilar.<\/p>\n\n\n\n<p class=\"translation-block\">La Santa Misa solemne ser\u00e1 presidida por S. Em. Rvdmo. Card. Marc Ouellet, a las 11:30 h, en la Bas\u00edlica de Santa Mar\u00eda Asunta, en el Sacro Monte de Varallo.<\/p>\n\n\n\n<p>La profesi\u00f3n perpetua es un momento de gran significado espiritual: Sor Maruja entregar\u00e1 para siempre su vida al Se\u00f1or en la vivencia radical de los consejos evang\u00e9licos, en comuni\u00f3n con la Iglesia y seg\u00fan el carisma de las Ursulinas.<\/p>\n\n\n\n<p class=\"translation-block\">Ser\u00e1 un d\u00eda de acci\u00f3n de gracias y de esperanza, un testimonio de fidelidad y amor que renueva la vida consagrada y edifica el Pueblo de Dios.<\/p>\n\n\n\n<p class=\"translation-block\">Todos est\u00e1n cordialmente invitados a unirse en la oraci\u00f3n y a compartir esta fiesta del s\u00ed definitivo al Se\u00f1or.<\/p>\n\n\n\n<p class=\"translation-block\">Para m\u00e1s informaci\u00f3n: info@orsolinesmvarallo.org<\/p>\n\n\n\n<figure class=\"wp-block-gallery has-nested-images columns-default is-cropped wp-block-gallery-1 is-layout-flex wp-block-gallery-is-layout-flex\">\n<figure class=\"wp-block-image size-large\"><img fetchpriority=\"high\" decoding=\"async\" width=\"1024\" height=\"487\" data-id=\"6551\" src=\"https:\/\/orsolinesmvarallo.org\/wp-content\/uploads\/2025\/07\/Sor-Maruja-Quispe-Qqueccano-es.png\" alt=\"\" class=\"wp-image-6551\" srcset=\"https:\/\/orsolinesmvarallo.org\/wp-content\/uploads\/2025\/07\/Sor-Maruja-Quispe-Qqueccano-es.png 2000w, https:\/\/orsolinesmvarallo.org\/wp-content\/uploads\/2025\/07\/Sor-Maruja-Quispe-Qqueccano-es-300x143.png 300w, https:\/\/orsolinesmvarallo.org\/wp-content\/uploads\/2025\/07\/Sor-Maruja-Quispe-Qqueccano-es-1024x487.png 1024w, https:\/\/orsolinesmvarallo.org\/wp-content\/uploads\/2025\/07\/Sor-Maruja-Quispe-Qqueccano-es-768x366.png 768w, https:\/\/orsolinesmvarallo.org\/wp-content\/uploads\/2025\/07\/Sor-Maruja-Quispe-Qqueccano-es-1536x731.png 1536w, https:\/\/orsolinesmvarallo.org\/wp-content\/uploads\/2025\/07\/Sor-Maruja-Quispe-Qqueccano-es-18x9.png 18w, https:\/\/orsolinesmvarallo.org\/wp-content\/uploads\/2025\/07\/Sor-Maruja-Quispe-Qqueccano-es-1320x628.png 1320w\" sizes=\"(max-width: 1024px) 100vw, 1024px\" \/><\/figure>\n<\/figure>","protected":false},"excerpt":{"rendered":"<p>Con grande gioia, le Suore Orsoline del Sacro Monte di Varallo invitano la comunit\u00e0 a partecipare&#8230;<\/p>","protected":false},"author":1,"featured_media":6551,"comment_status":"closed","ping_status":"open","sticky":false,"template":"","format":"standard","meta":{"_eb_attr":"","_kadence_starter_templates_imported_post":false,"_kad_post_transparent":"","_kad_post_title":"","_kad_post_layout":"","_kad_post_sidebar_id":"","_kad_post_content_style":"","_kad_post_vertical_padding":"","_kad_post_feature":"","_kad_post_feature_position":"","_kad_post_header":false,"_kad_post_footer":false,"footnotes":""},"categories":[7],"tags":[],"class_list":["post-6549","post","type-post","status-publish","format-standard","has-post-thumbnail","hentry","category-fraternita"],"yoast_head":"<!-- This site is optimized with the Yoast SEO plugin v24.8.1 - https:\/\/yoast.com\/wordpress\/plugins\/seo\/ -->\n<title>Professione perpetua di Suor Maruja Quispe. - OSMV<\/title>\n<meta name=\"robots\" content=\"index, follow, max-snippet:-1, max-image-preview:large, max-video-preview:-1\" \/>\n<link rel=\"canonical\" href=\"https:\/\/orsolinesmvarallo.org\/es\/professione-perpetua-di-suor-maruja-quispe-queccano\/\" \/>\n<meta property=\"og:locale\" content=\"es_ES\" \/>\n<meta property=\"og:type\" content=\"article\" \/>\n<meta property=\"og:title\" content=\"Professione perpetua di Suor Maruja Quispe. - OSMV\" \/>\n<meta property=\"og:description\" content=\"Con grande gioia, le Suore Orsoline del Sacro Monte di Varallo invitano la comunit\u00e0 a partecipare...\" \/>\n<meta property=\"og:url\" content=\"https:\/\/orsolinesmvarallo.org\/es\/professione-perpetua-di-suor-maruja-quispe-queccano\/\" \/>\n<meta property=\"og:site_name\" content=\"OSMV\" \/>\n<meta property=\"article:published_time\" content=\"2025-07-18T13:43:48+00:00\" \/>\n<meta property=\"article:modified_time\" content=\"2025-07-18T13:44:17+00:00\" \/>\n<meta property=\"og:image\" content=\"https:\/\/orsolinesmvarallo.org\/wp-content\/uploads\/2025\/07\/Sor-Maruja-Quispe-Qqueccano-it.png\" \/>\n\t<meta property=\"og:image:width\" content=\"2000\" \/>\n\t<meta property=\"og:image:height\" content=\"952\" \/>\n\t<meta property=\"og:image:type\" content=\"image\/png\" \/>\n<meta name=\"author\" content=\"admin\" \/>\n<meta name=\"twitter:card\" content=\"summary_large_image\" \/>\n<meta name=\"twitter:label1\" content=\"Escrito por\" \/>\n\t<meta name=\"twitter:data1\" content=\"admin\" \/>\n\t<meta name=\"twitter:label2\" content=\"Tiempo de lectura\" \/>\n\t<meta name=\"twitter:data2\" content=\"2 minutos\" \/>\n<script type=\"application\/ld+json\" class=\"yoast-schema-graph\">{\"@context\":\"https:\/\/schema.org\",\"@graph\":[{\"@type\":\"Article\",\"@id\":\"https:\/\/orsolinesmvarallo.org\/professione-perpetua-di-suor-maruja-quispe-queccano\/#article\",\"isPartOf\":{\"@id\":\"https:\/\/orsolinesmvarallo.org\/professione-perpetua-di-suor-maruja-quispe-queccano\/\"},\"author\":{\"name\":\"admin\",\"@id\":\"https:\/\/orsolinesmvarallo.org\/es\/#\/schema\/person\/61bcbe28ec16a268abe35517ccfd1b3d\"},\"headline\":\"Professione perpetua di Suor Maruja Quispe.\",\"datePublished\":\"2025-07-18T13:43:48+00:00\",\"dateModified\":\"2025-07-18T13:44:17+00:00\",\"mainEntityOfPage\":{\"@id\":\"https:\/\/orsolinesmvarallo.org\/professione-perpetua-di-suor-maruja-quispe-queccano\/\"},\"wordCount\":157,\"publisher\":{\"@id\":\"https:\/\/orsolinesmvarallo.org\/es\/#organization\"},\"image\":{\"@id\":\"https:\/\/orsolinesmvarallo.org\/professione-perpetua-di-suor-maruja-quispe-queccano\/#primaryimage\"},\"thumbnailUrl\":\"https:\/\/orsolinesmvarallo.org\/wp-content\/uploads\/2025\/07\/Sor-Maruja-Quispe-Qqueccano-it.png\",\"articleSection\":[\"Fraternit\u00e0\"],\"inLanguage\":\"es\"},{\"@type\":\"WebPage\",\"@id\":\"https:\/\/orsolinesmvarallo.org\/professione-perpetua-di-suor-maruja-quispe-queccano\/\",\"url\":\"https:\/\/orsolinesmvarallo.org\/professione-perpetua-di-suor-maruja-quispe-queccano\/\",\"name\":\"Professione perpetua di Suor Maruja Quispe. - OSMV\",\"isPartOf\":{\"@id\":\"https:\/\/orsolinesmvarallo.org\/es\/#website\"},\"primaryImageOfPage\":{\"@id\":\"https:\/\/orsolinesmvarallo.org\/professione-perpetua-di-suor-maruja-quispe-queccano\/#primaryimage\"},\"image\":{\"@id\":\"https:\/\/orsolinesmvarallo.org\/professione-perpetua-di-suor-maruja-quispe-queccano\/#primaryimage\"},\"thumbnailUrl\":\"https:\/\/orsolinesmvarallo.org\/wp-content\/uploads\/2025\/07\/Sor-Maruja-Quispe-Qqueccano-it.png\",\"datePublished\":\"2025-07-18T13:43:48+00:00\",\"dateModified\":\"2025-07-18T13:44:17+00:00\",\"breadcrumb\":{\"@id\":\"https:\/\/orsolinesmvarallo.org\/professione-perpetua-di-suor-maruja-quispe-queccano\/#breadcrumb\"},\"inLanguage\":\"es\",\"potentialAction\":[{\"@type\":\"ReadAction\",\"target\":[\"https:\/\/orsolinesmvarallo.org\/professione-perpetua-di-suor-maruja-quispe-queccano\/\"]}]},{\"@type\":\"ImageObject\",\"inLanguage\":\"es\",\"@id\":\"https:\/\/orsolinesmvarallo.org\/professione-perpetua-di-suor-maruja-quispe-queccano\/#primaryimage\",\"url\":\"https:\/\/orsolinesmvarallo.org\/wp-content\/uploads\/2025\/07\/Sor-Maruja-Quispe-Qqueccano-it.png\",\"contentUrl\":\"https:\/\/orsolinesmvarallo.org\/wp-content\/uploads\/2025\/07\/Sor-Maruja-Quispe-Qqueccano-it.png\",\"width\":2000,\"height\":952},{\"@type\":\"BreadcrumbList\",\"@id\":\"https:\/\/orsolinesmvarallo.org\/professione-perpetua-di-suor-maruja-quispe-queccano\/#breadcrumb\",\"itemListElement\":[{\"@type\":\"ListItem\",\"position\":1,\"name\":\"Portada\",\"item\":\"https:\/\/orsolinesmvarallo.org\/\"},{\"@type\":\"ListItem\",\"position\":2,\"name\":\"Professione perpetua di Suor Maruja Quispe.\"}]},{\"@type\":\"WebSite\",\"@id\":\"https:\/\/orsolinesmvarallo.org\/es\/#website\",\"url\":\"https:\/\/orsolinesmvarallo.org\/es\/\",\"name\":\"OSMV\",\"description\":\"Suore Orsoline Sacro Monte di Varallo\",\"publisher\":{\"@id\":\"https:\/\/orsolinesmvarallo.org\/es\/#organization\"},\"potentialAction\":[{\"@type\":\"SearchAction\",\"target\":{\"@type\":\"EntryPoint\",\"urlTemplate\":\"https:\/\/orsolinesmvarallo.org\/es\/?s={search_term_string}\"},\"query-input\":{\"@type\":\"PropertyValueSpecification\",\"valueRequired\":true,\"valueName\":\"search_term_string\"}}],\"inLanguage\":\"es\"},{\"@type\":\"Organization\",\"@id\":\"https:\/\/orsolinesmvarallo.org\/es\/#organization\",\"name\":\"OSMV\",\"url\":\"https:\/\/orsolinesmvarallo.org\/es\/\",\"logo\":{\"@type\":\"ImageObject\",\"inLanguage\":\"es\",\"@id\":\"https:\/\/orsolinesmvarallo.org\/es\/#\/schema\/logo\/image\/\",\"url\":\"https:\/\/orsolinesmvarallo.org\/wp-content\/uploads\/2024\/12\/cropped-logoeuca-blanco.png\",\"contentUrl\":\"https:\/\/orsolinesmvarallo.org\/wp-content\/uploads\/2024\/12\/cropped-logoeuca-blanco.png\",\"width\":772,\"height\":742,\"caption\":\"OSMV\"},\"image\":{\"@id\":\"https:\/\/orsolinesmvarallo.org\/es\/#\/schema\/logo\/image\/\"}},{\"@type\":\"Person\",\"@id\":\"https:\/\/orsolinesmvarallo.org\/es\/#\/schema\/person\/61bcbe28ec16a268abe35517ccfd1b3d\",\"name\":\"admin\",\"image\":{\"@type\":\"ImageObject\",\"inLanguage\":\"es\",\"@id\":\"https:\/\/orsolinesmvarallo.org\/es\/#\/schema\/person\/image\/\",\"url\":\"https:\/\/secure.gravatar.com\/avatar\/48e6239e9fa94be050f37e1c9541cfb0?s=96&d=mm&r=g\",\"contentUrl\":\"https:\/\/secure.gravatar.com\/avatar\/48e6239e9fa94be050f37e1c9541cfb0?s=96&d=mm&r=g\",\"caption\":\"admin\"},\"sameAs\":[\"https:\/\/orsolinesmvarallo.org\"],\"url\":\"https:\/\/orsolinesmvarallo.org\/es\/author\/admin\/\"}]}<\/script>\n<!-- \/ Yoast SEO plugin. -->","yoast_head_json":{"title":"Professione perpetua di Suor Maruja Quispe. - OSMV","robots":{"index":"index","follow":"follow","max-snippet":"max-snippet:-1","max-image-preview":"max-image-preview:large","max-video-preview":"max-video-preview:-1"},"canonical":"https:\/\/orsolinesmvarallo.org\/es\/professione-perpetua-di-suor-maruja-quispe-queccano\/","og_locale":"es_ES","og_type":"article","og_title":"Professione perpetua di Suor Maruja Quispe. - OSMV","og_description":"Con grande gioia, le Suore Orsoline del Sacro Monte di Varallo invitano la comunit\u00e0 a partecipare...","og_url":"https:\/\/orsolinesmvarallo.org\/es\/professione-perpetua-di-suor-maruja-quispe-queccano\/","og_site_name":"OSMV","article_published_time":"2025-07-18T13:43:48+00:00","article_modified_time":"2025-07-18T13:44:17+00:00","og_image":[{"width":2000,"height":952,"url":"https:\/\/orsolinesmvarallo.org\/wp-content\/uploads\/2025\/07\/Sor-Maruja-Quispe-Qqueccano-it.png","type":"image\/png"}],"author":"admin","twitter_card":"summary_large_image","twitter_misc":{"Escrito por":"admin","Tiempo de lectura":"2 minutos"},"schema":{"@context":"https:\/\/schema.org","@graph":[{"@type":"Article","@id":"https:\/\/orsolinesmvarallo.org\/professione-perpetua-di-suor-maruja-quispe-queccano\/#article","isPartOf":{"@id":"https:\/\/orsolinesmvarallo.org\/professione-perpetua-di-suor-maruja-quispe-queccano\/"},"author":{"name":"admin","@id":"https:\/\/orsolinesmvarallo.org\/es\/#\/schema\/person\/61bcbe28ec16a268abe35517ccfd1b3d"},"headline":"Professione perpetua di Suor Maruja Quispe.","datePublished":"2025-07-18T13:43:48+00:00","dateModified":"2025-07-18T13:44:17+00:00","mainEntityOfPage":{"@id":"https:\/\/orsolinesmvarallo.org\/professione-perpetua-di-suor-maruja-quispe-queccano\/"},"wordCount":157,"publisher":{"@id":"https:\/\/orsolinesmvarallo.org\/es\/#organization"},"image":{"@id":"https:\/\/orsolinesmvarallo.org\/professione-perpetua-di-suor-maruja-quispe-queccano\/#primaryimage"},"thumbnailUrl":"https:\/\/orsolinesmvarallo.org\/wp-content\/uploads\/2025\/07\/Sor-Maruja-Quispe-Qqueccano-it.png","articleSection":["Fraternit\u00e0"],"inLanguage":"es"},{"@type":"WebPage","@id":"https:\/\/orsolinesmvarallo.org\/professione-perpetua-di-suor-maruja-quispe-queccano\/","url":"https:\/\/orsolinesmvarallo.org\/professione-perpetua-di-suor-maruja-quispe-queccano\/","name":"Professione perpetua di Suor Maruja Quispe. - OSMV","isPartOf":{"@id":"https:\/\/orsolinesmvarallo.org\/es\/#website"},"primaryImageOfPage":{"@id":"https:\/\/orsolinesmvarallo.org\/professione-perpetua-di-suor-maruja-quispe-queccano\/#primaryimage"},"image":{"@id":"https:\/\/orsolinesmvarallo.org\/professione-perpetua-di-suor-maruja-quispe-queccano\/#primaryimage"},"thumbnailUrl":"https:\/\/orsolinesmvarallo.org\/wp-content\/uploads\/2025\/07\/Sor-Maruja-Quispe-Qqueccano-it.png","datePublished":"2025-07-18T13:43:48+00:00","dateModified":"2025-07-18T13:44:17+00:00","breadcrumb":{"@id":"https:\/\/orsolinesmvarallo.org\/professione-perpetua-di-suor-maruja-quispe-queccano\/#breadcrumb"},"inLanguage":"es","potentialAction":[{"@type":"ReadAction","target":["https:\/\/orsolinesmvarallo.org\/professione-perpetua-di-suor-maruja-quispe-queccano\/"]}]},{"@type":"ImageObject","inLanguage":"es","@id":"https:\/\/orsolinesmvarallo.org\/professione-perpetua-di-suor-maruja-quispe-queccano\/#primaryimage","url":"https:\/\/orsolinesmvarallo.org\/wp-content\/uploads\/2025\/07\/Sor-Maruja-Quispe-Qqueccano-it.png","contentUrl":"https:\/\/orsolinesmvarallo.org\/wp-content\/uploads\/2025\/07\/Sor-Maruja-Quispe-Qqueccano-it.png","width":2000,"height":952},{"@type":"BreadcrumbList","@id":"https:\/\/orsolinesmvarallo.org\/professione-perpetua-di-suor-maruja-quispe-queccano\/#breadcrumb","itemListElement":[{"@type":"ListItem","position":1,"name":"Portada","item":"https:\/\/orsolinesmvarallo.org\/"},{"@type":"ListItem","position":2,"name":"Professione perpetua di Suor Maruja Quispe."}]},{"@type":"WebSite","@id":"https:\/\/orsolinesmvarallo.org\/es\/#website","url":"https:\/\/orsolinesmvarallo.org\/es\/","name":"OSMV","description":"Suore Orsoline Sacro Monte di Varallo","publisher":{"@id":"https:\/\/orsolinesmvarallo.org\/es\/#organization"},"potentialAction":[{"@type":"SearchAction","target":{"@type":"EntryPoint","urlTemplate":"https:\/\/orsolinesmvarallo.org\/es\/?s={search_term_string}"},"query-input":{"@type":"PropertyValueSpecification","valueRequired":true,"valueName":"search_term_string"}}],"inLanguage":"es"},{"@type":"Organization","@id":"https:\/\/orsolinesmvarallo.org\/es\/#organization","name":"OSMV","url":"https:\/\/orsolinesmvarallo.org\/es\/","logo":{"@type":"ImageObject","inLanguage":"es","@id":"https:\/\/orsolinesmvarallo.org\/es\/#\/schema\/logo\/image\/","url":"https:\/\/orsolinesmvarallo.org\/wp-content\/uploads\/2024\/12\/cropped-logoeuca-blanco.png","contentUrl":"https:\/\/orsolinesmvarallo.org\/wp-content\/uploads\/2024\/12\/cropped-logoeuca-blanco.png","width":772,"height":742,"caption":"OSMV"},"image":{"@id":"https:\/\/orsolinesmvarallo.org\/es\/#\/schema\/logo\/image\/"}},{"@type":"Person","@id":"https:\/\/orsolinesmvarallo.org\/es\/#\/schema\/person\/61bcbe28ec16a268abe35517ccfd1b3d","name":"admin","image":{"@type":"ImageObject","inLanguage":"es","@id":"https:\/\/orsolinesmvarallo.org\/es\/#\/schema\/person\/image\/","url":"https:\/\/secure.gravatar.com\/avatar\/48e6239e9fa94be050f37e1c9541cfb0?s=96&d=mm&r=g","contentUrl":"https:\/\/secure.gravatar.com\/avatar\/48e6239e9fa94be050f37e1c9541cfb0?s=96&d=mm&r=g","caption":"admin"},"sameAs":["https:\/\/orsolinesmvarallo.org"],"url":"https:\/\/orsolinesmvarallo.org\/es\/author\/admin\/"}]}},"jetpack_featured_media_url":"https:\/\/orsolinesmvarallo.org\/wp-content\/uploads\/2025\/07\/Sor-Maruja-Quispe-Qqueccano-it.png","_links":{"self":[{"href":"https:\/\/orsolinesmvarallo.org\/es\/wp-json\/wp\/v2\/posts\/6549","targetHints":{"allow":["GET"]}}],"collection":[{"href":"https:\/\/orsolinesmvarallo.org\/es\/wp-json\/wp\/v2\/posts"}],"about":[{"href":"https:\/\/orsolinesmvarallo.org\/es\/wp-json\/wp\/v2\/types\/post"}],"author":[{"embeddable":true,"href":"https:\/\/orsolinesmvarallo.org\/es\/wp-json\/wp\/v2\/users\/1"}],"replies":[{"embeddable":true,"href":"https:\/\/orsolinesmvarallo.org\/es\/wp-json\/wp\/v2\/comments?post=6549"}],"version-history":[{"count":2,"href":"https:\/\/orsolinesmvarallo.org\/es\/wp-json\/wp\/v2\/posts\/6549\/revisions"}],"predecessor-version":[{"id":6553,"href":"https:\/\/orsolinesmvarallo.org\/es\/wp-json\/wp\/v2\/posts\/6549\/revisions\/6553"}],"wp:featuredmedia":[{"embeddable":true,"href":"https:\/\/orsolinesmvarallo.org\/es\/wp-json\/wp\/v2\/media\/6551"}],"wp:attachment":[{"href":"https:\/\/orsolinesmvarallo.org\/es\/wp-json\/wp\/v2\/media?parent=6549"}],"wp:term":[{"taxonomy":"category","embeddable":true,"href":"https:\/\/orsolinesmvarallo.org\/es\/wp-json\/wp\/v2\/categories?post=6549"},{"taxonomy":"post_tag","embeddable":true,"href":"https:\/\/orsolinesmvarallo.org\/es\/wp-json\/wp\/v2\/tags?post=6549"}],"curies":[{"name":"wp","href":"https:\/\/api.w.org\/{rel}","templated":true}]}}