{"id":6558,"date":"2025-08-18T12:51:06","date_gmt":"2025-08-18T10:51:06","guid":{"rendered":"https:\/\/orsolinesmvarallo.org\/?p=6558"},"modified":"2025-08-25T14:26:47","modified_gmt":"2025-08-25T12:26:47","slug":"voti-perpetui-di-suor-maruja","status":"publish","type":"post","link":"https:\/\/orsolinesmvarallo.org\/es\/voti-perpetui-di-suor-maruja\/","title":{"rendered":"Votos Perpetuos de Sor Maruja en la Solemnidad de la Asunci\u00f3n."},"content":{"rendered":"<p class=\"translation-block\">El 15 de agosto, en el espl\u00e9ndido marco del Santuario del Sagrado Monte de Varallo, nuestra comunidad experiment\u00f3 una gran alegr\u00eda: la celebraci\u00f3n de los votos perpetuos de la Hermana Maruja. <br><br>El d\u00eda en que la Iglesia contempla a Mar\u00eda, asunta en cuerpo y alma al cielo, la Hermana Maruja pronunci\u00f3 su \"s\u00ed\" definitivo y total al Se\u00f1or, consagr\u00e1ndose para siempre a \u00c9l en amor y servicio. Su ofrenda se convierte as\u00ed en un signo de esperanza para la Iglesia y el mundo, una luz que da testimonio de la fidelidad de Dios y de la belleza de la vida donada. <br><br>Durante la celebraci\u00f3n, vivida con profunda participaci\u00f3n, la comunidad agradeci\u00f3 al Se\u00f1or el don de su consagraci\u00f3n y encomend\u00f3 a la Hermana Maruja a la intercesi\u00f3n de Nuestra Se\u00f1ora de la Asunci\u00f3n, modelo y Madre de toda mujer consagrada. <br><br>Un\u00e1monos en oraci\u00f3n para que su vida, sostenida por la gracia divina y la protecci\u00f3n maternal de Mar\u00eda, sea siempre un testimonio vivo del Evangelio y del carisma que recibi\u00f3.<\/p>\n\n\n\n<figure class=\"wp-block-image size-large\"><img fetchpriority=\"high\" decoding=\"async\" width=\"1024\" height=\"683\" src=\"https:\/\/orsolinesmvarallo.org\/wp-content\/uploads\/2025\/08\/IMG_1427-1024x683.jpg\" alt=\"\" class=\"wp-image-6580\" srcset=\"https:\/\/orsolinesmvarallo.org\/wp-content\/uploads\/2025\/08\/IMG_1427-1024x683.jpg 1024w, https:\/\/orsolinesmvarallo.org\/wp-content\/uploads\/2025\/08\/IMG_1427-300x200.jpg 300w, https:\/\/orsolinesmvarallo.org\/wp-content\/uploads\/2025\/08\/IMG_1427-768x512.jpg 768w, https:\/\/orsolinesmvarallo.org\/wp-content\/uploads\/2025\/08\/IMG_1427-1536x1024.jpg 1536w, https:\/\/orsolinesmvarallo.org\/wp-content\/uploads\/2025\/08\/IMG_1427-2048x1365.jpg 2048w, https:\/\/orsolinesmvarallo.org\/wp-content\/uploads\/2025\/08\/IMG_1427-18x12.jpg 18w, https:\/\/orsolinesmvarallo.org\/wp-content\/uploads\/2025\/08\/IMG_1427-1320x880.jpg 1320w\" sizes=\"(max-width: 1024px) 100vw, 1024px\" \/><\/figure>\n\n\n\n<figure class=\"wp-block-image size-large\"><img decoding=\"async\" width=\"1024\" height=\"682\" src=\"https:\/\/orsolinesmvarallo.org\/wp-content\/uploads\/2025\/08\/10003782125078065735853179182-1024x682.jpg\" alt=\"\" class=\"wp-image-6556\" srcset=\"https:\/\/orsolinesmvarallo.org\/wp-content\/uploads\/2025\/08\/10003782125078065735853179182-1024x682.jpg 1024w, https:\/\/orsolinesmvarallo.org\/wp-content\/uploads\/2025\/08\/10003782125078065735853179182-300x200.jpg 300w, https:\/\/orsolinesmvarallo.org\/wp-content\/uploads\/2025\/08\/10003782125078065735853179182-768x512.jpg 768w, https:\/\/orsolinesmvarallo.org\/wp-content\/uploads\/2025\/08\/10003782125078065735853179182-1536x1024.jpg 1536w, https:\/\/orsolinesmvarallo.org\/wp-content\/uploads\/2025\/08\/10003782125078065735853179182-18x12.jpg 18w, https:\/\/orsolinesmvarallo.org\/wp-content\/uploads\/2025\/08\/10003782125078065735853179182-1320x880.jpg 1320w, https:\/\/orsolinesmvarallo.org\/wp-content\/uploads\/2025\/08\/10003782125078065735853179182.jpg 2000w\" sizes=\"(max-width: 1024px) 100vw, 1024px\" \/><\/figure>\n\n\n\n<a data-flickr-embed=\"true\" href=\"https:\/\/www.flickr.com\/photos\/203378236@N05\/albums\/72177720328591182\" title=\"Voti perpetui suor Maruja\"><img decoding=\"async\" src=\"https:\/\/live.staticflickr.com\/65535\/54743867085_e5ea005aac_h.jpg\" width=\"1600\" height=\"1200\" alt=\"Voti perpetui suor Maruja\"\/><\/a><script async src=\"\/\/embedr.flickr.com\/assets\/client-code.js\" charset=\"utf-8\"><\/script>\n\n\n\n<h2 class=\"wp-block-heading\">Agradecimineto de Suor Maruja:<\/h2>\n\n\n\n<p><\/p>\n\n\n\n<blockquote class=\"wp-block-quote is-layout-flow wp-block-quote-is-layout-flow\">\n<p><strong>\u00ecSoy muy feliz! <\/strong><\/p>\n\n\n\n<p class=\"translation-block\">Dios, T\u00fa me lo das todo y Te agradezco tambi\u00e9n porque me lo pides todo\u2026 Te amo, Jes\u00fas.<br>\nHoy, lo que resuena en mi coraz\u00f3n es la gratitud a Dios, porque \u00c9l me am\u00f3 primero, porque antes de mi nacimiento me pens\u00f3 y me cre\u00f3. Habiendo reconocido Su amor infinito en mi historia de salvaci\u00f3n, deseo unirme a Mar\u00eda, nuestra Madre, para proclamar las grandes cosas que \u00c9l ha hecho y hace en m\u00ed, y deseo con ustedes elevar estas palabras a Dios:<\/p>\n\n\n\n<p>Te doy gracias, Padre, por haberme llamado a la vida y por haberme formado como criatura Tuya, a Tu imagen y semejanza. Te doy gracias, Padre, porque he visto todo lo que has creado y contigo puedo decir que es \u201cmuy bueno\u201d. Proclamo Tu grandeza porque en mi peque\u00f1ez realizas maravillas; mi esp\u00edritu exulta porque amas mi debilidad y en ella Te manifiestas.<\/p>\n\n\n\n<p>Te doy gracias, Padre, porque me formaste en el seno materno y me hiciste el regalo de mis padres y hermanos. Te doy gracias por todas las personas que pusiste en mi camino y que iluminaron mis pasos mostr\u00e1ndome a Ti: tantos nombres por los que agradecer. Ante todo, por Madre Maribel, porque ha sido para m\u00ed como una madre. Te alabo tambi\u00e9n, Se\u00f1or, por la amistad; en cada amigo me has dado un tesoro que custodiar.<\/p>\n\n\n\n<p class=\"translation-block\">Te bendigo, Padre, porque me has regalado esta comunidad de hermanas, en la cual T\u00fa te haces presente en nuestra uni\u00f3n hacia un \u00fanico fin, que eres T\u00fa mismo. Padre, pongo delante de Ti el \u201cs\u00ed\u201d de cada hermana. Gracias por haber infundido Tu Esp\u00edritu en nuestros fundadores, Madre Clotilde y Don Chiara, por haberles inspirado el carisma de ser ayuda para los sacerdotes y gu\u00eda para la juventud; y porque su \u201cs\u00ed\u201d me permite decir tambi\u00e9n el m\u00edo, con alegr\u00eda y gratitud.<\/p>\n\n\n\n<p class=\"translation-block\">Te doy gracias, Padre, por el don de los sacerdotes, por su entrega, su escucha, su afecto y su compasi\u00f3n. En particular, Te agradezco por el cardenal Ouellet que, desde que lo pusiste en mi vida, me ha mostrado Tu rostro paterno, y por su presencia en esta celebraci\u00f3n tan memorable. Te doy gracias tambi\u00e9n por los sacerdotes que me han guiado en mi camino de fe; todos me ense\u00f1an la belleza de la donaci\u00f3n en seguirte a Ti. Bendice y santifica a cada uno en su ministerio.<\/p>\n\n\n\n<p class=\"translation-block\">Te doy gracias, Padre, por la Eucarist\u00eda, que me ayuda a vivir mi consagraci\u00f3n como una entrega total a Ti, en la Iglesia, haciendo de mi existencia un holocausto en uni\u00f3n con Cristo, Sumo Sacerdote y V\u00edctima, para Tu gloria, la salvaci\u00f3n de mis hermanos y la santificaci\u00f3n de mi alma.<\/p>\n\n\n\n<p>Te alabo, Padre, por Tu presencia constante en mi historia de salvaci\u00f3n; has tenido paciencia conmigo y eres fiel a Tu promesa. Gracias porque has vencido en mi vida y no me dejaste ni abandonaste cuando no pod\u00eda abrazar la cruz. Gracias por haberme amado, por haberme llamado y por haberme hecho Tu esposa para siempre.<\/p>\n\n\n\n<p>Unida a esta gran familia aqu\u00ed presente, alabo la inmensidad de Tu obra; Tu nombre es Santo. Este \u201cs\u00ed\u201d habla m\u00e1s de Ti que de m\u00ed, un \u201cs\u00ed\u201d sostenido por Tu amor y por Tu misericordia; un \u201cs\u00ed\u201d que no es solo m\u00edo, sino de todos y con todos.<\/p>\n\n\n\n<p><strong>Jes\u00fas, ya no soy yo quien vive: eres T\u00fa quien vive en m\u00ed. <\/strong><\/p>\n\n\n\n<p>Recen por m\u00ed, para que sea fiel a la llamada del Esposo. Que la obra que \u00c9l ha comenzado en m\u00ed, \u00c9l mismo la lleve a plenitud. Am\u00e9n.<\/p>\n<\/blockquote>","protected":false},"excerpt":{"rendered":"<p>Il 15 agosto, nella splendida cornice del Santuario del Sacro Monte di Varallo, la nostra comunit\u00e0&#8230;<\/p>","protected":false},"author":1,"featured_media":6564,"comment_status":"closed","ping_status":"open","sticky":false,"template":"","format":"standard","meta":{"_eb_attr":"","_kadence_starter_templates_imported_post":false,"_kad_post_transparent":"","_kad_post_title":"","_kad_post_layout":"","_kad_post_sidebar_id":"","_kad_post_content_style":"","_kad_post_vertical_padding":"","_kad_post_feature":"","_kad_post_feature_position":"","_kad_post_header":false,"_kad_post_footer":false,"footnotes":""},"categories":[7],"tags":[],"class_list":["post-6558","post","type-post","status-publish","format-standard","has-post-thumbnail","hentry","category-fraternita"],"yoast_head":"<!-- This site is optimized with the Yoast SEO plugin v24.8.1 - https:\/\/yoast.com\/wordpress\/plugins\/seo\/ -->\n<title>Voti Perpetui di suor Maruja nella solennit\u00e0 dell\u2019Assunta. - OSMV<\/title>\n<meta name=\"robots\" content=\"index, follow, max-snippet:-1, max-image-preview:large, max-video-preview:-1\" \/>\n<link rel=\"canonical\" href=\"https:\/\/orsolinesmvarallo.org\/es\/voti-perpetui-di-suor-maruja\/\" \/>\n<meta property=\"og:locale\" content=\"es_ES\" \/>\n<meta property=\"og:type\" content=\"article\" \/>\n<meta property=\"og:title\" content=\"Voti Perpetui di suor Maruja nella solennit\u00e0 dell\u2019Assunta. - OSMV\" \/>\n<meta property=\"og:description\" content=\"Il 15 agosto, nella splendida cornice del Santuario del Sacro Monte di Varallo, la nostra comunit\u00e0...\" \/>\n<meta property=\"og:url\" content=\"https:\/\/orsolinesmvarallo.org\/es\/voti-perpetui-di-suor-maruja\/\" \/>\n<meta property=\"og:site_name\" content=\"OSMV\" \/>\n<meta property=\"article:published_time\" content=\"2025-08-18T10:51:06+00:00\" \/>\n<meta property=\"article:modified_time\" content=\"2025-08-25T12:26:47+00:00\" \/>\n<meta property=\"og:image\" content=\"https:\/\/orsolinesmvarallo.org\/wp-content\/uploads\/2025\/08\/IMG_1308-scaled.jpg\" \/>\n\t<meta property=\"og:image:width\" content=\"2560\" \/>\n\t<meta property=\"og:image:height\" content=\"1707\" \/>\n\t<meta property=\"og:image:type\" content=\"image\/jpeg\" \/>\n<meta name=\"author\" content=\"admin\" \/>\n<meta name=\"twitter:card\" content=\"summary_large_image\" \/>\n<meta name=\"twitter:label1\" content=\"Escrito por\" \/>\n\t<meta name=\"twitter:data1\" content=\"admin\" \/>\n\t<meta name=\"twitter:label2\" content=\"Tiempo de lectura\" \/>\n\t<meta name=\"twitter:data2\" content=\"2 minutos\" \/>\n<script type=\"application\/ld+json\" class=\"yoast-schema-graph\">{\"@context\":\"https:\/\/schema.org\",\"@graph\":[{\"@type\":\"Article\",\"@id\":\"https:\/\/orsolinesmvarallo.org\/voti-perpetui-di-suor-maruja\/#article\",\"isPartOf\":{\"@id\":\"https:\/\/orsolinesmvarallo.org\/voti-perpetui-di-suor-maruja\/\"},\"author\":{\"name\":\"admin\",\"@id\":\"https:\/\/orsolinesmvarallo.org\/es\/#\/schema\/person\/61bcbe28ec16a268abe35517ccfd1b3d\"},\"headline\":\"Voti Perpetui di suor Maruja nella solennit\u00e0 dell\u2019Assunta.\",\"datePublished\":\"2025-08-18T10:51:06+00:00\",\"dateModified\":\"2025-08-25T12:26:47+00:00\",\"mainEntityOfPage\":{\"@id\":\"https:\/\/orsolinesmvarallo.org\/voti-perpetui-di-suor-maruja\/\"},\"wordCount\":775,\"publisher\":{\"@id\":\"https:\/\/orsolinesmvarallo.org\/es\/#organization\"},\"image\":{\"@id\":\"https:\/\/orsolinesmvarallo.org\/voti-perpetui-di-suor-maruja\/#primaryimage\"},\"thumbnailUrl\":\"https:\/\/orsolinesmvarallo.org\/wp-content\/uploads\/2025\/08\/IMG_1308-scaled.jpg\",\"articleSection\":[\"Fraternit\u00e0\"],\"inLanguage\":\"es\"},{\"@type\":\"WebPage\",\"@id\":\"https:\/\/orsolinesmvarallo.org\/voti-perpetui-di-suor-maruja\/\",\"url\":\"https:\/\/orsolinesmvarallo.org\/voti-perpetui-di-suor-maruja\/\",\"name\":\"Voti Perpetui di suor Maruja nella solennit\u00e0 dell\u2019Assunta. - OSMV\",\"isPartOf\":{\"@id\":\"https:\/\/orsolinesmvarallo.org\/es\/#website\"},\"primaryImageOfPage\":{\"@id\":\"https:\/\/orsolinesmvarallo.org\/voti-perpetui-di-suor-maruja\/#primaryimage\"},\"image\":{\"@id\":\"https:\/\/orsolinesmvarallo.org\/voti-perpetui-di-suor-maruja\/#primaryimage\"},\"thumbnailUrl\":\"https:\/\/orsolinesmvarallo.org\/wp-content\/uploads\/2025\/08\/IMG_1308-scaled.jpg\",\"datePublished\":\"2025-08-18T10:51:06+00:00\",\"dateModified\":\"2025-08-25T12:26:47+00:00\",\"breadcrumb\":{\"@id\":\"https:\/\/orsolinesmvarallo.org\/voti-perpetui-di-suor-maruja\/#breadcrumb\"},\"inLanguage\":\"es\",\"potentialAction\":[{\"@type\":\"ReadAction\",\"target\":[\"https:\/\/orsolinesmvarallo.org\/voti-perpetui-di-suor-maruja\/\"]}]},{\"@type\":\"ImageObject\",\"inLanguage\":\"es\",\"@id\":\"https:\/\/orsolinesmvarallo.org\/voti-perpetui-di-suor-maruja\/#primaryimage\",\"url\":\"https:\/\/orsolinesmvarallo.org\/wp-content\/uploads\/2025\/08\/IMG_1308-scaled.jpg\",\"contentUrl\":\"https:\/\/orsolinesmvarallo.org\/wp-content\/uploads\/2025\/08\/IMG_1308-scaled.jpg\",\"width\":2560,\"height\":1707},{\"@type\":\"BreadcrumbList\",\"@id\":\"https:\/\/orsolinesmvarallo.org\/voti-perpetui-di-suor-maruja\/#breadcrumb\",\"itemListElement\":[{\"@type\":\"ListItem\",\"position\":1,\"name\":\"Portada\",\"item\":\"https:\/\/orsolinesmvarallo.org\/\"},{\"@type\":\"ListItem\",\"position\":2,\"name\":\"Voti Perpetui di suor Maruja nella solennit\u00e0 dell\u2019Assunta.\"}]},{\"@type\":\"WebSite\",\"@id\":\"https:\/\/orsolinesmvarallo.org\/es\/#website\",\"url\":\"https:\/\/orsolinesmvarallo.org\/es\/\",\"name\":\"OSMV\",\"description\":\"Suore Orsoline Sacro Monte di Varallo\",\"publisher\":{\"@id\":\"https:\/\/orsolinesmvarallo.org\/es\/#organization\"},\"potentialAction\":[{\"@type\":\"SearchAction\",\"target\":{\"@type\":\"EntryPoint\",\"urlTemplate\":\"https:\/\/orsolinesmvarallo.org\/es\/?s={search_term_string}\"},\"query-input\":{\"@type\":\"PropertyValueSpecification\",\"valueRequired\":true,\"valueName\":\"search_term_string\"}}],\"inLanguage\":\"es\"},{\"@type\":\"Organization\",\"@id\":\"https:\/\/orsolinesmvarallo.org\/es\/#organization\",\"name\":\"OSMV\",\"url\":\"https:\/\/orsolinesmvarallo.org\/es\/\",\"logo\":{\"@type\":\"ImageObject\",\"inLanguage\":\"es\",\"@id\":\"https:\/\/orsolinesmvarallo.org\/es\/#\/schema\/logo\/image\/\",\"url\":\"https:\/\/orsolinesmvarallo.org\/wp-content\/uploads\/2024\/12\/cropped-logoeuca-blanco.png\",\"contentUrl\":\"https:\/\/orsolinesmvarallo.org\/wp-content\/uploads\/2024\/12\/cropped-logoeuca-blanco.png\",\"width\":772,\"height\":742,\"caption\":\"OSMV\"},\"image\":{\"@id\":\"https:\/\/orsolinesmvarallo.org\/es\/#\/schema\/logo\/image\/\"}},{\"@type\":\"Person\",\"@id\":\"https:\/\/orsolinesmvarallo.org\/es\/#\/schema\/person\/61bcbe28ec16a268abe35517ccfd1b3d\",\"name\":\"admin\",\"image\":{\"@type\":\"ImageObject\",\"inLanguage\":\"es\",\"@id\":\"https:\/\/orsolinesmvarallo.org\/es\/#\/schema\/person\/image\/\",\"url\":\"https:\/\/secure.gravatar.com\/avatar\/48e6239e9fa94be050f37e1c9541cfb0?s=96&d=mm&r=g\",\"contentUrl\":\"https:\/\/secure.gravatar.com\/avatar\/48e6239e9fa94be050f37e1c9541cfb0?s=96&d=mm&r=g\",\"caption\":\"admin\"},\"sameAs\":[\"https:\/\/orsolinesmvarallo.org\"],\"url\":\"https:\/\/orsolinesmvarallo.org\/es\/author\/admin\/\"}]}<\/script>\n<!-- \/ Yoast SEO plugin. -->","yoast_head_json":{"title":"Voti Perpetui di suor Maruja nella solennit\u00e0 dell\u2019Assunta. - OSMV","robots":{"index":"index","follow":"follow","max-snippet":"max-snippet:-1","max-image-preview":"max-image-preview:large","max-video-preview":"max-video-preview:-1"},"canonical":"https:\/\/orsolinesmvarallo.org\/es\/voti-perpetui-di-suor-maruja\/","og_locale":"es_ES","og_type":"article","og_title":"Voti Perpetui di suor Maruja nella solennit\u00e0 dell\u2019Assunta. - OSMV","og_description":"Il 15 agosto, nella splendida cornice del Santuario del Sacro Monte di Varallo, la nostra comunit\u00e0...","og_url":"https:\/\/orsolinesmvarallo.org\/es\/voti-perpetui-di-suor-maruja\/","og_site_name":"OSMV","article_published_time":"2025-08-18T10:51:06+00:00","article_modified_time":"2025-08-25T12:26:47+00:00","og_image":[{"width":2560,"height":1707,"url":"https:\/\/orsolinesmvarallo.org\/wp-content\/uploads\/2025\/08\/IMG_1308-scaled.jpg","type":"image\/jpeg"}],"author":"admin","twitter_card":"summary_large_image","twitter_misc":{"Escrito por":"admin","Tiempo de lectura":"2 minutos"},"schema":{"@context":"https:\/\/schema.org","@graph":[{"@type":"Article","@id":"https:\/\/orsolinesmvarallo.org\/voti-perpetui-di-suor-maruja\/#article","isPartOf":{"@id":"https:\/\/orsolinesmvarallo.org\/voti-perpetui-di-suor-maruja\/"},"author":{"name":"admin","@id":"https:\/\/orsolinesmvarallo.org\/es\/#\/schema\/person\/61bcbe28ec16a268abe35517ccfd1b3d"},"headline":"Voti Perpetui di suor Maruja nella solennit\u00e0 dell\u2019Assunta.","datePublished":"2025-08-18T10:51:06+00:00","dateModified":"2025-08-25T12:26:47+00:00","mainEntityOfPage":{"@id":"https:\/\/orsolinesmvarallo.org\/voti-perpetui-di-suor-maruja\/"},"wordCount":775,"publisher":{"@id":"https:\/\/orsolinesmvarallo.org\/es\/#organization"},"image":{"@id":"https:\/\/orsolinesmvarallo.org\/voti-perpetui-di-suor-maruja\/#primaryimage"},"thumbnailUrl":"https:\/\/orsolinesmvarallo.org\/wp-content\/uploads\/2025\/08\/IMG_1308-scaled.jpg","articleSection":["Fraternit\u00e0"],"inLanguage":"es"},{"@type":"WebPage","@id":"https:\/\/orsolinesmvarallo.org\/voti-perpetui-di-suor-maruja\/","url":"https:\/\/orsolinesmvarallo.org\/voti-perpetui-di-suor-maruja\/","name":"Voti Perpetui di suor Maruja nella solennit\u00e0 dell\u2019Assunta. - OSMV","isPartOf":{"@id":"https:\/\/orsolinesmvarallo.org\/es\/#website"},"primaryImageOfPage":{"@id":"https:\/\/orsolinesmvarallo.org\/voti-perpetui-di-suor-maruja\/#primaryimage"},"image":{"@id":"https:\/\/orsolinesmvarallo.org\/voti-perpetui-di-suor-maruja\/#primaryimage"},"thumbnailUrl":"https:\/\/orsolinesmvarallo.org\/wp-content\/uploads\/2025\/08\/IMG_1308-scaled.jpg","datePublished":"2025-08-18T10:51:06+00:00","dateModified":"2025-08-25T12:26:47+00:00","breadcrumb":{"@id":"https:\/\/orsolinesmvarallo.org\/voti-perpetui-di-suor-maruja\/#breadcrumb"},"inLanguage":"es","potentialAction":[{"@type":"ReadAction","target":["https:\/\/orsolinesmvarallo.org\/voti-perpetui-di-suor-maruja\/"]}]},{"@type":"ImageObject","inLanguage":"es","@id":"https:\/\/orsolinesmvarallo.org\/voti-perpetui-di-suor-maruja\/#primaryimage","url":"https:\/\/orsolinesmvarallo.org\/wp-content\/uploads\/2025\/08\/IMG_1308-scaled.jpg","contentUrl":"https:\/\/orsolinesmvarallo.org\/wp-content\/uploads\/2025\/08\/IMG_1308-scaled.jpg","width":2560,"height":1707},{"@type":"BreadcrumbList","@id":"https:\/\/orsolinesmvarallo.org\/voti-perpetui-di-suor-maruja\/#breadcrumb","itemListElement":[{"@type":"ListItem","position":1,"name":"Portada","item":"https:\/\/orsolinesmvarallo.org\/"},{"@type":"ListItem","position":2,"name":"Voti Perpetui di suor Maruja nella solennit\u00e0 dell\u2019Assunta."}]},{"@type":"WebSite","@id":"https:\/\/orsolinesmvarallo.org\/es\/#website","url":"https:\/\/orsolinesmvarallo.org\/es\/","name":"OSMV","description":"Suore Orsoline Sacro Monte di Varallo","publisher":{"@id":"https:\/\/orsolinesmvarallo.org\/es\/#organization"},"potentialAction":[{"@type":"SearchAction","target":{"@type":"EntryPoint","urlTemplate":"https:\/\/orsolinesmvarallo.org\/es\/?s={search_term_string}"},"query-input":{"@type":"PropertyValueSpecification","valueRequired":true,"valueName":"search_term_string"}}],"inLanguage":"es"},{"@type":"Organization","@id":"https:\/\/orsolinesmvarallo.org\/es\/#organization","name":"OSMV","url":"https:\/\/orsolinesmvarallo.org\/es\/","logo":{"@type":"ImageObject","inLanguage":"es","@id":"https:\/\/orsolinesmvarallo.org\/es\/#\/schema\/logo\/image\/","url":"https:\/\/orsolinesmvarallo.org\/wp-content\/uploads\/2024\/12\/cropped-logoeuca-blanco.png","contentUrl":"https:\/\/orsolinesmvarallo.org\/wp-content\/uploads\/2024\/12\/cropped-logoeuca-blanco.png","width":772,"height":742,"caption":"OSMV"},"image":{"@id":"https:\/\/orsolinesmvarallo.org\/es\/#\/schema\/logo\/image\/"}},{"@type":"Person","@id":"https:\/\/orsolinesmvarallo.org\/es\/#\/schema\/person\/61bcbe28ec16a268abe35517ccfd1b3d","name":"admin","image":{"@type":"ImageObject","inLanguage":"es","@id":"https:\/\/orsolinesmvarallo.org\/es\/#\/schema\/person\/image\/","url":"https:\/\/secure.gravatar.com\/avatar\/48e6239e9fa94be050f37e1c9541cfb0?s=96&d=mm&r=g","contentUrl":"https:\/\/secure.gravatar.com\/avatar\/48e6239e9fa94be050f37e1c9541cfb0?s=96&d=mm&r=g","caption":"admin"},"sameAs":["https:\/\/orsolinesmvarallo.org"],"url":"https:\/\/orsolinesmvarallo.org\/es\/author\/admin\/"}]}},"jetpack_featured_media_url":"https:\/\/orsolinesmvarallo.org\/wp-content\/uploads\/2025\/08\/IMG_1308-scaled.jpg","_links":{"self":[{"href":"https:\/\/orsolinesmvarallo.org\/es\/wp-json\/wp\/v2\/posts\/6558","targetHints":{"allow":["GET"]}}],"collection":[{"href":"https:\/\/orsolinesmvarallo.org\/es\/wp-json\/wp\/v2\/posts"}],"about":[{"href":"https:\/\/orsolinesmvarallo.org\/es\/wp-json\/wp\/v2\/types\/post"}],"author":[{"embeddable":true,"href":"https:\/\/orsolinesmvarallo.org\/es\/wp-json\/wp\/v2\/users\/1"}],"replies":[{"embeddable":true,"href":"https:\/\/orsolinesmvarallo.org\/es\/wp-json\/wp\/v2\/comments?post=6558"}],"version-history":[{"count":10,"href":"https:\/\/orsolinesmvarallo.org\/es\/wp-json\/wp\/v2\/posts\/6558\/revisions"}],"predecessor-version":[{"id":6581,"href":"https:\/\/orsolinesmvarallo.org\/es\/wp-json\/wp\/v2\/posts\/6558\/revisions\/6581"}],"wp:featuredmedia":[{"embeddable":true,"href":"https:\/\/orsolinesmvarallo.org\/es\/wp-json\/wp\/v2\/media\/6564"}],"wp:attachment":[{"href":"https:\/\/orsolinesmvarallo.org\/es\/wp-json\/wp\/v2\/media?parent=6558"}],"wp:term":[{"taxonomy":"category","embeddable":true,"href":"https:\/\/orsolinesmvarallo.org\/es\/wp-json\/wp\/v2\/categories?post=6558"},{"taxonomy":"post_tag","embeddable":true,"href":"https:\/\/orsolinesmvarallo.org\/es\/wp-json\/wp\/v2\/tags?post=6558"}],"curies":[{"name":"wp","href":"https:\/\/api.w.org\/{rel}","templated":true}]}}