{"id":6582,"date":"2025-08-25T14:34:57","date_gmt":"2025-08-25T12:34:57","guid":{"rendered":"https:\/\/orsolinesmvarallo.org\/?p=6582"},"modified":"2025-08-26T16:03:35","modified_gmt":"2025-08-26T14:03:35","slug":"presentazione-libro-dchiara","status":"publish","type":"post","link":"https:\/\/orsolinesmvarallo.org\/es\/presentazione-libro-dchiara\/","title":{"rendered":"Presentazione del libro su Don Alfonso Maria Chiara \u201cPastore tra le pecore\u201d"},"content":{"rendered":"<p>Il <strong>24 agosto 2025<\/strong>, a Scopa (VC), nell\u2019ambito del <strong>Centenario del Dies Natalis di Don Alfonso Maria Chiara e di Madre Clotilde Verno<\/strong>, abbiamo vissuto una giornata di fede, memoria e gratitudine.<\/p>\n\n\n\n<p>Il pomeriggio si \u00e8 aperto con la <strong>presentaci\u00f3n del libro<\/strong> <em>\u201cDon Alfonso Maria Chiara, pastore tra le pecore\u201d<\/em>, a cura del <strong>Prof. Franco Dessilani<\/strong> e di <strong>Don Damiano Pomi<\/strong>, che hanno offerto una riflessione viva e profonda sulla figura di Don Alfonso: un sacerdote umile, vicino alla sua gente, capace di incarnare il Vangelo con semplicit\u00e0 e forza.<\/p>\n\n\n\n<p>Successivamente, la comunit\u00e0 si \u00e8 riunita per la <strong>Celebraci\u00f3n Eucar\u00edstica<\/strong>, presieduta da <strong>S.E. Mons. Franco Giulio Brambilla, Vescovo di Novara<\/strong>, nella chiesa parrocchiale di San Bartolomeo, proprio nel giorno della <strong>solennit\u00e0 del santo patrono di Scopa<\/strong>.<br>Un momento solenne che ha unito memoria storica e fede viva, rinnovando il grazie al Signore per il dono dei fondatori delle Orsoline del Sacro Monte di Varallo.<\/p>\n\n\n\n<p>La giornata si \u00e8 conclusa con un momento fraterno di condivisione, segno della comunione che continua a germogliare dall\u2019eredit\u00e0 spirituale di Don Alfonso e Madre Clotilde.<\/p>\n\n\n\n<hr class=\"wp-block-separator has-alpha-channel-opacity\"\/>\n\n\n\n<h2 class=\"wp-block-heading\">\ud83d\udcf7 Galleria fotografica<\/h2>\n\n\n\n<a data-flickr-embed=\"true\" href=\"https:\/\/www.flickr.com\/photos\/203378236@N05\/albums\/72177720328605849\" title=\"Presentazione del libro di Don Alfonso Chiara\"><img fetchpriority=\"high\" decoding=\"async\" src=\"https:\/\/live.staticflickr.com\/65535\/54743341341_3be0c4dcf9_h.jpg\" width=\"1600\" height=\"1200\" alt=\"Presentazione del libro di Don Alfonso Chiara\"\/><\/a><script async src=\"\/\/embedr.flickr.com\/assets\/client-code.js\" charset=\"utf-8\"><\/script>\n\n\n\n<hr class=\"wp-block-separator has-alpha-channel-opacity\"\/>\n\n\n\n<h2 class=\"wp-block-heading\">\ud83c\udfa5 Video della presentazione del libro<\/h2>\n\n\n\n<figure class=\"wp-block-embed is-type-video is-provider-youtube wp-block-embed-youtube wp-embed-aspect-4-3 wp-has-aspect-ratio\"><div class=\"wp-block-embed__wrapper\">\n<iframe title=\"Presentazione libro di Don Alfonso Chiara \u201cPastore tra le pecore\u201d\" width=\"720\" height=\"540\" src=\"https:\/\/www.youtube.com\/embed\/sx83Ktuxllc?feature=oembed\" frameborder=\"0\" allow=\"accelerometer; autoplay; clipboard-write; encrypted-media; gyroscope; picture-in-picture; web-share\" referrerpolicy=\"strict-origin-when-cross-origin\" allowfullscreen><\/iframe>\n<\/div><\/figure>\n\n\n\n<hr class=\"wp-block-separator has-alpha-channel-opacity\"\/>\n\n\n\n<h2 class=\"wp-block-heading\">\ud83c\udfa5 Video della Celebrazione Eucaristica<\/h2>\n\n\n\n<figure class=\"wp-block-embed is-type-video is-provider-youtube wp-block-embed-youtube wp-embed-aspect-16-9 wp-has-aspect-ratio\"><div class=\"wp-block-embed__wrapper\">\n<iframe title=\"Celebrazione Eucaristica Presentazione del libro su Don Chiara.\" width=\"720\" height=\"405\" src=\"https:\/\/www.youtube.com\/embed\/PZsd91sN5KM?feature=oembed\" frameborder=\"0\" allow=\"accelerometer; autoplay; clipboard-write; encrypted-media; gyroscope; picture-in-picture; web-share\" referrerpolicy=\"strict-origin-when-cross-origin\" allowfullscreen><\/iframe>\n<\/div><\/figure>","protected":false},"excerpt":{"rendered":"<p>Il 24 agosto 2025, a Scopa (VC), nell\u2019ambito del Centenario del Dies Natalis di Don Alfonso&#8230;<\/p>","protected":false},"author":1,"featured_media":6584,"comment_status":"closed","ping_status":"open","sticky":false,"template":"","format":"standard","meta":{"_eb_attr":"","_kadence_starter_templates_imported_post":false,"_kad_post_transparent":"","_kad_post_title":"","_kad_post_layout":"","_kad_post_sidebar_id":"","_kad_post_content_style":"","_kad_post_vertical_padding":"","_kad_post_feature":"","_kad_post_feature_position":"","_kad_post_header":false,"_kad_post_footer":false,"footnotes":""},"categories":[7],"tags":[],"class_list":["post-6582","post","type-post","status-publish","format-standard","has-post-thumbnail","hentry","category-fraternita"],"yoast_head":"<!-- This site is optimized with the Yoast SEO plugin v24.8.1 - https:\/\/yoast.com\/wordpress\/plugins\/seo\/ -->\n<title>Presentazione del libro su Don Alfonso Maria Chiara \u201cPastore tra le pecore\u201d - OSMV<\/title>\n<meta name=\"robots\" content=\"index, follow, max-snippet:-1, max-image-preview:large, max-video-preview:-1\" \/>\n<link rel=\"canonical\" href=\"https:\/\/orsolinesmvarallo.org\/es\/presentazione-libro-dchiara\/\" \/>\n<meta property=\"og:locale\" content=\"es_ES\" \/>\n<meta property=\"og:type\" content=\"article\" \/>\n<meta property=\"og:title\" content=\"Presentazione del libro su Don Alfonso Maria Chiara \u201cPastore tra le pecore\u201d - OSMV\" \/>\n<meta property=\"og:description\" content=\"Il 24 agosto 2025, a Scopa (VC), nell\u2019ambito del Centenario del Dies Natalis di Don Alfonso...\" \/>\n<meta property=\"og:url\" content=\"https:\/\/orsolinesmvarallo.org\/es\/presentazione-libro-dchiara\/\" \/>\n<meta property=\"og:site_name\" content=\"OSMV\" \/>\n<meta property=\"article:published_time\" content=\"2025-08-25T12:34:57+00:00\" \/>\n<meta property=\"article:modified_time\" content=\"2025-08-26T14:03:35+00:00\" \/>\n<meta property=\"og:image\" content=\"https:\/\/orsolinesmvarallo.org\/wp-content\/uploads\/2025\/08\/IMG_2105-scaled.jpg\" \/>\n\t<meta property=\"og:image:width\" content=\"2560\" \/>\n\t<meta property=\"og:image:height\" content=\"1707\" \/>\n\t<meta property=\"og:image:type\" content=\"image\/jpeg\" \/>\n<meta name=\"author\" content=\"admin\" \/>\n<meta name=\"twitter:card\" content=\"summary_large_image\" \/>\n<meta name=\"twitter:label1\" content=\"Escrito por\" \/>\n\t<meta name=\"twitter:data1\" content=\"admin\" \/>\n\t<meta name=\"twitter:label2\" content=\"Tiempo de lectura\" \/>\n\t<meta name=\"twitter:data2\" content=\"2 minutos\" \/>\n<script type=\"application\/ld+json\" class=\"yoast-schema-graph\">{\"@context\":\"https:\/\/schema.org\",\"@graph\":[{\"@type\":\"Article\",\"@id\":\"https:\/\/orsolinesmvarallo.org\/presentazione-libro-dchiara\/#article\",\"isPartOf\":{\"@id\":\"https:\/\/orsolinesmvarallo.org\/presentazione-libro-dchiara\/\"},\"author\":{\"name\":\"admin\",\"@id\":\"https:\/\/orsolinesmvarallo.org\/es\/#\/schema\/person\/61bcbe28ec16a268abe35517ccfd1b3d\"},\"headline\":\"Presentazione del libro su Don Alfonso Maria Chiara \u201cPastore tra le pecore\u201d\",\"datePublished\":\"2025-08-25T12:34:57+00:00\",\"dateModified\":\"2025-08-26T14:03:35+00:00\",\"mainEntityOfPage\":{\"@id\":\"https:\/\/orsolinesmvarallo.org\/presentazione-libro-dchiara\/\"},\"wordCount\":212,\"publisher\":{\"@id\":\"https:\/\/orsolinesmvarallo.org\/es\/#organization\"},\"image\":{\"@id\":\"https:\/\/orsolinesmvarallo.org\/presentazione-libro-dchiara\/#primaryimage\"},\"thumbnailUrl\":\"https:\/\/orsolinesmvarallo.org\/wp-content\/uploads\/2025\/08\/IMG_2105-scaled.jpg\",\"articleSection\":[\"Fraternit\u00e0\"],\"inLanguage\":\"es\"},{\"@type\":\"WebPage\",\"@id\":\"https:\/\/orsolinesmvarallo.org\/presentazione-libro-dchiara\/\",\"url\":\"https:\/\/orsolinesmvarallo.org\/presentazione-libro-dchiara\/\",\"name\":\"Presentazione del libro su Don Alfonso Maria Chiara \u201cPastore tra le pecore\u201d - OSMV\",\"isPartOf\":{\"@id\":\"https:\/\/orsolinesmvarallo.org\/es\/#website\"},\"primaryImageOfPage\":{\"@id\":\"https:\/\/orsolinesmvarallo.org\/presentazione-libro-dchiara\/#primaryimage\"},\"image\":{\"@id\":\"https:\/\/orsolinesmvarallo.org\/presentazione-libro-dchiara\/#primaryimage\"},\"thumbnailUrl\":\"https:\/\/orsolinesmvarallo.org\/wp-content\/uploads\/2025\/08\/IMG_2105-scaled.jpg\",\"datePublished\":\"2025-08-25T12:34:57+00:00\",\"dateModified\":\"2025-08-26T14:03:35+00:00\",\"breadcrumb\":{\"@id\":\"https:\/\/orsolinesmvarallo.org\/presentazione-libro-dchiara\/#breadcrumb\"},\"inLanguage\":\"es\",\"potentialAction\":[{\"@type\":\"ReadAction\",\"target\":[\"https:\/\/orsolinesmvarallo.org\/presentazione-libro-dchiara\/\"]}]},{\"@type\":\"ImageObject\",\"inLanguage\":\"es\",\"@id\":\"https:\/\/orsolinesmvarallo.org\/presentazione-libro-dchiara\/#primaryimage\",\"url\":\"https:\/\/orsolinesmvarallo.org\/wp-content\/uploads\/2025\/08\/IMG_2105-scaled.jpg\",\"contentUrl\":\"https:\/\/orsolinesmvarallo.org\/wp-content\/uploads\/2025\/08\/IMG_2105-scaled.jpg\",\"width\":2560,\"height\":1707},{\"@type\":\"BreadcrumbList\",\"@id\":\"https:\/\/orsolinesmvarallo.org\/presentazione-libro-dchiara\/#breadcrumb\",\"itemListElement\":[{\"@type\":\"ListItem\",\"position\":1,\"name\":\"Portada\",\"item\":\"https:\/\/orsolinesmvarallo.org\/\"},{\"@type\":\"ListItem\",\"position\":2,\"name\":\"Presentazione del libro su Don Alfonso Maria Chiara \u201cPastore tra le pecore\u201d\"}]},{\"@type\":\"WebSite\",\"@id\":\"https:\/\/orsolinesmvarallo.org\/es\/#website\",\"url\":\"https:\/\/orsolinesmvarallo.org\/es\/\",\"name\":\"OSMV\",\"description\":\"Suore Orsoline Sacro Monte di Varallo\",\"publisher\":{\"@id\":\"https:\/\/orsolinesmvarallo.org\/es\/#organization\"},\"potentialAction\":[{\"@type\":\"SearchAction\",\"target\":{\"@type\":\"EntryPoint\",\"urlTemplate\":\"https:\/\/orsolinesmvarallo.org\/es\/?s={search_term_string}\"},\"query-input\":{\"@type\":\"PropertyValueSpecification\",\"valueRequired\":true,\"valueName\":\"search_term_string\"}}],\"inLanguage\":\"es\"},{\"@type\":\"Organization\",\"@id\":\"https:\/\/orsolinesmvarallo.org\/es\/#organization\",\"name\":\"OSMV\",\"url\":\"https:\/\/orsolinesmvarallo.org\/es\/\",\"logo\":{\"@type\":\"ImageObject\",\"inLanguage\":\"es\",\"@id\":\"https:\/\/orsolinesmvarallo.org\/es\/#\/schema\/logo\/image\/\",\"url\":\"https:\/\/orsolinesmvarallo.org\/wp-content\/uploads\/2024\/12\/cropped-logoeuca-blanco.png\",\"contentUrl\":\"https:\/\/orsolinesmvarallo.org\/wp-content\/uploads\/2024\/12\/cropped-logoeuca-blanco.png\",\"width\":772,\"height\":742,\"caption\":\"OSMV\"},\"image\":{\"@id\":\"https:\/\/orsolinesmvarallo.org\/es\/#\/schema\/logo\/image\/\"}},{\"@type\":\"Person\",\"@id\":\"https:\/\/orsolinesmvarallo.org\/es\/#\/schema\/person\/61bcbe28ec16a268abe35517ccfd1b3d\",\"name\":\"admin\",\"image\":{\"@type\":\"ImageObject\",\"inLanguage\":\"es\",\"@id\":\"https:\/\/orsolinesmvarallo.org\/es\/#\/schema\/person\/image\/\",\"url\":\"https:\/\/secure.gravatar.com\/avatar\/48e6239e9fa94be050f37e1c9541cfb0?s=96&d=mm&r=g\",\"contentUrl\":\"https:\/\/secure.gravatar.com\/avatar\/48e6239e9fa94be050f37e1c9541cfb0?s=96&d=mm&r=g\",\"caption\":\"admin\"},\"sameAs\":[\"https:\/\/orsolinesmvarallo.org\"],\"url\":\"https:\/\/orsolinesmvarallo.org\/es\/author\/admin\/\"}]}<\/script>\n<!-- \/ Yoast SEO plugin. -->","yoast_head_json":{"title":"Presentazione del libro su Don Alfonso Maria Chiara \u201cPastore tra le pecore\u201d - OSMV","robots":{"index":"index","follow":"follow","max-snippet":"max-snippet:-1","max-image-preview":"max-image-preview:large","max-video-preview":"max-video-preview:-1"},"canonical":"https:\/\/orsolinesmvarallo.org\/es\/presentazione-libro-dchiara\/","og_locale":"es_ES","og_type":"article","og_title":"Presentazione del libro su Don Alfonso Maria Chiara \u201cPastore tra le pecore\u201d - OSMV","og_description":"Il 24 agosto 2025, a Scopa (VC), nell\u2019ambito del Centenario del Dies Natalis di Don Alfonso...","og_url":"https:\/\/orsolinesmvarallo.org\/es\/presentazione-libro-dchiara\/","og_site_name":"OSMV","article_published_time":"2025-08-25T12:34:57+00:00","article_modified_time":"2025-08-26T14:03:35+00:00","og_image":[{"width":2560,"height":1707,"url":"https:\/\/orsolinesmvarallo.org\/wp-content\/uploads\/2025\/08\/IMG_2105-scaled.jpg","type":"image\/jpeg"}],"author":"admin","twitter_card":"summary_large_image","twitter_misc":{"Escrito por":"admin","Tiempo de lectura":"2 minutos"},"schema":{"@context":"https:\/\/schema.org","@graph":[{"@type":"Article","@id":"https:\/\/orsolinesmvarallo.org\/presentazione-libro-dchiara\/#article","isPartOf":{"@id":"https:\/\/orsolinesmvarallo.org\/presentazione-libro-dchiara\/"},"author":{"name":"admin","@id":"https:\/\/orsolinesmvarallo.org\/es\/#\/schema\/person\/61bcbe28ec16a268abe35517ccfd1b3d"},"headline":"Presentazione del libro su Don Alfonso Maria Chiara \u201cPastore tra le pecore\u201d","datePublished":"2025-08-25T12:34:57+00:00","dateModified":"2025-08-26T14:03:35+00:00","mainEntityOfPage":{"@id":"https:\/\/orsolinesmvarallo.org\/presentazione-libro-dchiara\/"},"wordCount":212,"publisher":{"@id":"https:\/\/orsolinesmvarallo.org\/es\/#organization"},"image":{"@id":"https:\/\/orsolinesmvarallo.org\/presentazione-libro-dchiara\/#primaryimage"},"thumbnailUrl":"https:\/\/orsolinesmvarallo.org\/wp-content\/uploads\/2025\/08\/IMG_2105-scaled.jpg","articleSection":["Fraternit\u00e0"],"inLanguage":"es"},{"@type":"WebPage","@id":"https:\/\/orsolinesmvarallo.org\/presentazione-libro-dchiara\/","url":"https:\/\/orsolinesmvarallo.org\/presentazione-libro-dchiara\/","name":"Presentazione del libro su Don Alfonso Maria Chiara \u201cPastore tra le pecore\u201d - OSMV","isPartOf":{"@id":"https:\/\/orsolinesmvarallo.org\/es\/#website"},"primaryImageOfPage":{"@id":"https:\/\/orsolinesmvarallo.org\/presentazione-libro-dchiara\/#primaryimage"},"image":{"@id":"https:\/\/orsolinesmvarallo.org\/presentazione-libro-dchiara\/#primaryimage"},"thumbnailUrl":"https:\/\/orsolinesmvarallo.org\/wp-content\/uploads\/2025\/08\/IMG_2105-scaled.jpg","datePublished":"2025-08-25T12:34:57+00:00","dateModified":"2025-08-26T14:03:35+00:00","breadcrumb":{"@id":"https:\/\/orsolinesmvarallo.org\/presentazione-libro-dchiara\/#breadcrumb"},"inLanguage":"es","potentialAction":[{"@type":"ReadAction","target":["https:\/\/orsolinesmvarallo.org\/presentazione-libro-dchiara\/"]}]},{"@type":"ImageObject","inLanguage":"es","@id":"https:\/\/orsolinesmvarallo.org\/presentazione-libro-dchiara\/#primaryimage","url":"https:\/\/orsolinesmvarallo.org\/wp-content\/uploads\/2025\/08\/IMG_2105-scaled.jpg","contentUrl":"https:\/\/orsolinesmvarallo.org\/wp-content\/uploads\/2025\/08\/IMG_2105-scaled.jpg","width":2560,"height":1707},{"@type":"BreadcrumbList","@id":"https:\/\/orsolinesmvarallo.org\/presentazione-libro-dchiara\/#breadcrumb","itemListElement":[{"@type":"ListItem","position":1,"name":"Portada","item":"https:\/\/orsolinesmvarallo.org\/"},{"@type":"ListItem","position":2,"name":"Presentazione del libro su Don Alfonso Maria Chiara \u201cPastore tra le pecore\u201d"}]},{"@type":"WebSite","@id":"https:\/\/orsolinesmvarallo.org\/es\/#website","url":"https:\/\/orsolinesmvarallo.org\/es\/","name":"OSMV","description":"Suore Orsoline Sacro Monte di Varallo","publisher":{"@id":"https:\/\/orsolinesmvarallo.org\/es\/#organization"},"potentialAction":[{"@type":"SearchAction","target":{"@type":"EntryPoint","urlTemplate":"https:\/\/orsolinesmvarallo.org\/es\/?s={search_term_string}"},"query-input":{"@type":"PropertyValueSpecification","valueRequired":true,"valueName":"search_term_string"}}],"inLanguage":"es"},{"@type":"Organization","@id":"https:\/\/orsolinesmvarallo.org\/es\/#organization","name":"OSMV","url":"https:\/\/orsolinesmvarallo.org\/es\/","logo":{"@type":"ImageObject","inLanguage":"es","@id":"https:\/\/orsolinesmvarallo.org\/es\/#\/schema\/logo\/image\/","url":"https:\/\/orsolinesmvarallo.org\/wp-content\/uploads\/2024\/12\/cropped-logoeuca-blanco.png","contentUrl":"https:\/\/orsolinesmvarallo.org\/wp-content\/uploads\/2024\/12\/cropped-logoeuca-blanco.png","width":772,"height":742,"caption":"OSMV"},"image":{"@id":"https:\/\/orsolinesmvarallo.org\/es\/#\/schema\/logo\/image\/"}},{"@type":"Person","@id":"https:\/\/orsolinesmvarallo.org\/es\/#\/schema\/person\/61bcbe28ec16a268abe35517ccfd1b3d","name":"admin","image":{"@type":"ImageObject","inLanguage":"es","@id":"https:\/\/orsolinesmvarallo.org\/es\/#\/schema\/person\/image\/","url":"https:\/\/secure.gravatar.com\/avatar\/48e6239e9fa94be050f37e1c9541cfb0?s=96&d=mm&r=g","contentUrl":"https:\/\/secure.gravatar.com\/avatar\/48e6239e9fa94be050f37e1c9541cfb0?s=96&d=mm&r=g","caption":"admin"},"sameAs":["https:\/\/orsolinesmvarallo.org"],"url":"https:\/\/orsolinesmvarallo.org\/es\/author\/admin\/"}]}},"jetpack_featured_media_url":"https:\/\/orsolinesmvarallo.org\/wp-content\/uploads\/2025\/08\/IMG_2105-scaled.jpg","_links":{"self":[{"href":"https:\/\/orsolinesmvarallo.org\/es\/wp-json\/wp\/v2\/posts\/6582","targetHints":{"allow":["GET"]}}],"collection":[{"href":"https:\/\/orsolinesmvarallo.org\/es\/wp-json\/wp\/v2\/posts"}],"about":[{"href":"https:\/\/orsolinesmvarallo.org\/es\/wp-json\/wp\/v2\/types\/post"}],"author":[{"embeddable":true,"href":"https:\/\/orsolinesmvarallo.org\/es\/wp-json\/wp\/v2\/users\/1"}],"replies":[{"embeddable":true,"href":"https:\/\/orsolinesmvarallo.org\/es\/wp-json\/wp\/v2\/comments?post=6582"}],"version-history":[{"count":3,"href":"https:\/\/orsolinesmvarallo.org\/es\/wp-json\/wp\/v2\/posts\/6582\/revisions"}],"predecessor-version":[{"id":6598,"href":"https:\/\/orsolinesmvarallo.org\/es\/wp-json\/wp\/v2\/posts\/6582\/revisions\/6598"}],"wp:featuredmedia":[{"embeddable":true,"href":"https:\/\/orsolinesmvarallo.org\/es\/wp-json\/wp\/v2\/media\/6584"}],"wp:attachment":[{"href":"https:\/\/orsolinesmvarallo.org\/es\/wp-json\/wp\/v2\/media?parent=6582"}],"wp:term":[{"taxonomy":"category","embeddable":true,"href":"https:\/\/orsolinesmvarallo.org\/es\/wp-json\/wp\/v2\/categories?post=6582"},{"taxonomy":"post_tag","embeddable":true,"href":"https:\/\/orsolinesmvarallo.org\/es\/wp-json\/wp\/v2\/tags?post=6582"}],"curies":[{"name":"wp","href":"https:\/\/api.w.org\/{rel}","templated":true}]}}