{"id":6638,"date":"2025-12-12T12:42:52","date_gmt":"2025-12-12T11:42:52","guid":{"rendered":"https:\/\/orsolinesmvarallo.org\/?p=6638"},"modified":"2025-12-12T12:43:10","modified_gmt":"2025-12-12T11:43:10","slug":"la-tierra-era-caos-y-oscuridad","status":"publish","type":"post","link":"https:\/\/orsolinesmvarallo.org\/es\/la-tierra-era-caos-y-oscuridad\/","title":{"rendered":"\u201cLa tierra era caos, vac\u00edo y oscuridad. Dijo Dios: \u2018Haya luz\u2019, y hubo luz.\u201d (Gn. 1, 2-3)"},"content":{"rendered":"<p>Mi vida tambi\u00e9n era oscuridad, pero un d\u00eda, a trav\u00e9s de la confesi\u00f3n, Dios la ilumin\u00f3. \u00a1Qu\u00e9 gran regalo es la confesi\u00f3n! Como dice la Madre Clotilde (ahora ya sab\u00e9is qui\u00e9n es):<br><em>\u201c\u00a1Qu\u00e9 gran bien es la confesi\u00f3n! Sin ella me hubiera perdido\u2026 \u00a1Qu\u00e9 gran beneficio es, pues, la confesi\u00f3n! \u00a1Demos gracias a Dios para que recompense abundantemente a aquellos santos sacerdotes!\u201d<br>Os contar\u00e9 mi testimonio.<\/em><\/p>\n\n\n\n<p>La oscuridad habitaba dentro de m\u00ed con el nombre de rencor, divisi\u00f3n. Un rencor que me estaba consumiendo sin saberlo, porque no me deten\u00eda ni un momento a reflexionar de d\u00f3nde ven\u00eda tanto vac\u00edo, desgano, desesperanza y desilusi\u00f3n. El consumismo, el trabajo, los viajes, las amistades y la tecnolog\u00eda me manten\u00edan superficialmente distra\u00edda. Pero en los momentos en que no hab\u00eda esas cosas, sal\u00eda a flote toda la oscuridad de mi alma.<\/p>\n\n\n\n<p>En mi primera confesi\u00f3n despu\u00e9s de muchos a\u00f1os \u2014no fui con la idea de tener pecados, era ignorante para reconocerme pecadora; solo fui al sacerdote en un momento de desesperaci\u00f3n, buscando respuestas sobre por qu\u00e9 no era feliz\u2014, despu\u00e9s de escucharme me dijo: <em><strong>\u201cPerdona; hasta que no perdones, no ser\u00e1s feliz.\u201d<\/strong><\/em><\/p>\n\n\n\n<p>Yo le respond\u00ed claramente que era imposible perdonar una situaci\u00f3n as\u00ed, y me respondi\u00f3 que pidiera la gracia del perd\u00f3n, porque el perd\u00f3n es una gracia. No entend\u00ed nada, pero obedec\u00ed. Curiosamente era diciembre, y yo quer\u00eda empezar un nuevo a\u00f1o liberada, para plantearme nuevos proyectos ambiciosos seg\u00fan mi profesi\u00f3n. (Hoy veo que Dios sonre\u00eda de mis planes).<\/p>\n\n\n\n<p>Ped\u00ed la gracia y fui a buscar a la persona a quien deb\u00eda perdonar. Le dije: \u201cTe perdono por esto, por lo otro y por mucho m\u00e1s.\u201d Seg\u00fan yo la confesi\u00f3n no solo es decir los pecados; sino hab\u00eda que actuar, poner en pr\u00e1ctica el deseo del coraz\u00f3n de convertirse.<\/p>\n\n\n\n<p>Sin embargo, no fue hasta una segunda confesi\u00f3n en enero, con una mayor conciencia de mis propios pecados, que realmente experiment\u00e9 un cambio en mi vida. Me encontr\u00e9 con el amor encarnado en la persona de Jesucristo al recibir su perd\u00f3n. Ya no miraba solo con dolor la herida que otro me hab\u00eda causado, sino tambi\u00e9n mi propia miseria y el da\u00f1o que yo misma hab\u00eda hecho a los dem\u00e1s. Y creo que esa es la oscuridad m\u00e1s grande que podemos vivir: pensar que solo somos v\u00edctimas de la vida.<\/p>\n\n\n\n<p>En este tercer domingo de Adviento, el Evangelio nos muestra a Juan el Bautista en la oscuridad de la c\u00e1rcel. Tambi\u00e9n recordaremos a San Juan de la Cruz, quien fu\u00e9 encarcelado por sus propios hermanos.<\/p>\n\n\n\n<p>Hoy quiz\u00e1s no estamos viviendo encierros externos, pero s\u00ed uno m\u00e1s grande: el encierro interno del alma, al no querer abrirse a los dem\u00e1s, al cerrar las puertas de nuestro coraz\u00f3n a las personas que nos han herido.<br>Pero, \u00bfy t\u00fa? \u00bfNo lo has hecho alguna vez? \u00bfNunca has herido a alguien? Por supuesto que s\u00ed; nadie est\u00e1 libre de pecar.<\/p>\n\n\n\n<p>La buena noticia es que estamos en tiempo de preparaci\u00f3n, de pedir que nazca esa luz que iluminar\u00e1 nuestra alma, para que se abra poco a poco a la gracia que nos llevar\u00e1 al Reino de los Cielos. Esa luz que nos liberar\u00e1 del victimismo y del individualismo, y nos dar\u00e1 un coraz\u00f3n m\u00e1s grande para amar y as\u00ed poder entrar en el Reino. Un Reino donde no hay enemistades, donde solo abunda el amor, donde nadie puede rechazar ni ser rechazado, donde nadie ser\u00e1 olvidado ni menospreciado.<\/p>\n\n\n\n<p>Si a\u00fan no eres capaz de acoger a alguien en tu coraz\u00f3n, pide la gracia. P\u00eddela con toda la fe que te queda. Mira que los ciegos ven, los cojos caminan, los leprosos son curados, los sordos oyen, los muertos resucitan <em>(Mt 11,5)<\/em>. <strong>No esperes: pide ayuda al Se\u00f1or para que te abra el coraz\u00f3n<\/strong>; si no, no se te abrir\u00e1n las puertas del Reino.<\/p>\n\n\n\n<p>Recordemos a<br>\u2022 San Esteban, que est\u00e1 junto a San Pablo, y perdon\u00f3 hasta en su martirio.<br>\u2022 Santa Mar\u00eda Goretti perdon\u00f3 antes de morir a Alessandro, quien la asesin\u00f3 tras intentar violarla.<br>\u2022 San Maximiliano Kolbe perdon\u00f3 a sus carceleros en Auschwitz.<br>\u2022 San Juan Pablo II visit\u00f3 en la c\u00e1rcel a quien le dispar\u00f3.<br>Y muchos m\u00e1s.<\/p>\n\n\n\n<p>\u00bfCrees que es dif\u00edcil? No es dif\u00edcil, es humanamente imposible. Pero como dice Jes\u00fas:<br><strong><em>\u201cLo que es imposible para los hombres es posible para Dios.\u201d<\/em><\/strong> <em>(Lc 18,27)<\/em><br>Por eso, pide la gracia del perd\u00f3n y ac\u00f3gela.<\/p>\n\n\n\n<p>Jes\u00fas tambi\u00e9n nos dice: <strong><em>\u201cEsforzaos en entrar por la puerta estrecha, pues os digo que muchos intentar\u00e1n entrar y no podr\u00e1n.\u201d<\/em><\/strong> <em>(Lc 13,24)<\/em><\/p>\n\n\n\n<p>Ahora, en un momento de silencio, meditemos: \u00bfQu\u00e9 situaciones, personas o recuerdos te impiden sentirte verdaderamente en paz? \u00bfEn qu\u00e9 momentos tu coraz\u00f3n se ha cerrado a amar a alguien? Imagina su rostro. Imagina a esa persona y dile: te perdono o perd\u00f3name.<br>Pero <strong>recuerda que no est\u00e1s solo\/a<\/strong>: Jes\u00fas est\u00e1 a tu lado. Como ahora, Jes\u00fas est\u00e1 aqu\u00ed. No tengas miedo de enfrentar esa situaci\u00f3n.<\/p>\n\n\n\n<p><\/p>","protected":false},"excerpt":{"rendered":"<p>Mi vida tambi\u00e9n era oscuridad, pero un d\u00eda, a trav\u00e9s de la confesi\u00f3n, Dios la ilumin\u00f3&#8230;.<\/p>","protected":false},"author":1,"featured_media":0,"comment_status":"closed","ping_status":"open","sticky":false,"template":"","format":"standard","meta":{"_eb_attr":"","_kadence_starter_templates_imported_post":false,"_kad_post_transparent":"","_kad_post_title":"","_kad_post_layout":"","_kad_post_sidebar_id":"","_kad_post_content_style":"","_kad_post_vertical_padding":"","_kad_post_feature":"","_kad_post_feature_position":"","_kad_post_header":false,"_kad_post_footer":false,"footnotes":""},"categories":[44],"tags":[],"class_list":["post-6638","post","type-post","status-publish","format-standard","hentry","category-meditaciones"],"yoast_head":"<!-- This site is optimized with the Yoast SEO plugin v24.8.1 - https:\/\/yoast.com\/wordpress\/plugins\/seo\/ -->\n<title>\u201cLa tierra era caos, vac\u00edo y oscuridad. Dijo Dios: \u2018Haya luz\u2019, y hubo luz.\u201d (Gn. 1, 2-3) - OSMV<\/title>\n<meta name=\"robots\" content=\"index, follow, max-snippet:-1, max-image-preview:large, max-video-preview:-1\" \/>\n<link rel=\"canonical\" href=\"https:\/\/orsolinesmvarallo.org\/es\/la-tierra-era-caos-y-oscuridad\/\" \/>\n<meta property=\"og:locale\" content=\"es_ES\" \/>\n<meta property=\"og:type\" content=\"article\" \/>\n<meta property=\"og:title\" content=\"\u201cLa tierra era caos, vac\u00edo y oscuridad. Dijo Dios: \u2018Haya luz\u2019, y hubo luz.\u201d (Gn. 1, 2-3) - OSMV\" \/>\n<meta property=\"og:description\" content=\"Mi vida tambi\u00e9n era oscuridad, pero un d\u00eda, a trav\u00e9s de la confesi\u00f3n, Dios la ilumin\u00f3....\" \/>\n<meta property=\"og:url\" content=\"https:\/\/orsolinesmvarallo.org\/es\/la-tierra-era-caos-y-oscuridad\/\" \/>\n<meta property=\"og:site_name\" content=\"OSMV\" \/>\n<meta property=\"article:published_time\" content=\"2025-12-12T11:42:52+00:00\" \/>\n<meta property=\"article:modified_time\" content=\"2025-12-12T11:43:10+00:00\" \/>\n<meta name=\"author\" content=\"admin\" \/>\n<meta name=\"twitter:card\" content=\"summary_large_image\" \/>\n<meta name=\"twitter:label1\" content=\"Escrito por\" \/>\n\t<meta name=\"twitter:data1\" content=\"admin\" \/>\n\t<meta name=\"twitter:label2\" content=\"Tiempo de lectura\" \/>\n\t<meta name=\"twitter:data2\" content=\"4 minutos\" \/>\n<script type=\"application\/ld+json\" class=\"yoast-schema-graph\">{\"@context\":\"https:\/\/schema.org\",\"@graph\":[{\"@type\":\"Article\",\"@id\":\"https:\/\/orsolinesmvarallo.org\/la-tierra-era-caos-y-oscuridad\/#article\",\"isPartOf\":{\"@id\":\"https:\/\/orsolinesmvarallo.org\/la-tierra-era-caos-y-oscuridad\/\"},\"author\":{\"name\":\"admin\",\"@id\":\"https:\/\/orsolinesmvarallo.org\/es\/#\/schema\/person\/61bcbe28ec16a268abe35517ccfd1b3d\"},\"headline\":\"\u201cLa tierra era caos, vac\u00edo y oscuridad. Dijo Dios: \u2018Haya luz\u2019, y hubo luz.\u201d (Gn. 1, 2-3)\",\"datePublished\":\"2025-12-12T11:42:52+00:00\",\"dateModified\":\"2025-12-12T11:43:10+00:00\",\"mainEntityOfPage\":{\"@id\":\"https:\/\/orsolinesmvarallo.org\/la-tierra-era-caos-y-oscuridad\/\"},\"wordCount\":914,\"publisher\":{\"@id\":\"https:\/\/orsolinesmvarallo.org\/es\/#organization\"},\"articleSection\":[\"Meditaciones\"],\"inLanguage\":\"es\"},{\"@type\":\"WebPage\",\"@id\":\"https:\/\/orsolinesmvarallo.org\/la-tierra-era-caos-y-oscuridad\/\",\"url\":\"https:\/\/orsolinesmvarallo.org\/la-tierra-era-caos-y-oscuridad\/\",\"name\":\"\u201cLa tierra era caos, vac\u00edo y oscuridad. Dijo Dios: \u2018Haya luz\u2019, y hubo luz.\u201d (Gn. 1, 2-3) - OSMV\",\"isPartOf\":{\"@id\":\"https:\/\/orsolinesmvarallo.org\/es\/#website\"},\"datePublished\":\"2025-12-12T11:42:52+00:00\",\"dateModified\":\"2025-12-12T11:43:10+00:00\",\"breadcrumb\":{\"@id\":\"https:\/\/orsolinesmvarallo.org\/la-tierra-era-caos-y-oscuridad\/#breadcrumb\"},\"inLanguage\":\"es\",\"potentialAction\":[{\"@type\":\"ReadAction\",\"target\":[\"https:\/\/orsolinesmvarallo.org\/la-tierra-era-caos-y-oscuridad\/\"]}]},{\"@type\":\"BreadcrumbList\",\"@id\":\"https:\/\/orsolinesmvarallo.org\/la-tierra-era-caos-y-oscuridad\/#breadcrumb\",\"itemListElement\":[{\"@type\":\"ListItem\",\"position\":1,\"name\":\"Portada\",\"item\":\"https:\/\/orsolinesmvarallo.org\/\"},{\"@type\":\"ListItem\",\"position\":2,\"name\":\"\u201cLa tierra era caos, vac\u00edo y oscuridad. Dijo Dios: \u2018Haya luz\u2019, y hubo luz.\u201d (Gn. 1, 2-3)\"}]},{\"@type\":\"WebSite\",\"@id\":\"https:\/\/orsolinesmvarallo.org\/es\/#website\",\"url\":\"https:\/\/orsolinesmvarallo.org\/es\/\",\"name\":\"OSMV\",\"description\":\"Suore Orsoline Sacro Monte di Varallo\",\"publisher\":{\"@id\":\"https:\/\/orsolinesmvarallo.org\/es\/#organization\"},\"potentialAction\":[{\"@type\":\"SearchAction\",\"target\":{\"@type\":\"EntryPoint\",\"urlTemplate\":\"https:\/\/orsolinesmvarallo.org\/es\/?s={search_term_string}\"},\"query-input\":{\"@type\":\"PropertyValueSpecification\",\"valueRequired\":true,\"valueName\":\"search_term_string\"}}],\"inLanguage\":\"es\"},{\"@type\":\"Organization\",\"@id\":\"https:\/\/orsolinesmvarallo.org\/es\/#organization\",\"name\":\"OSMV\",\"url\":\"https:\/\/orsolinesmvarallo.org\/es\/\",\"logo\":{\"@type\":\"ImageObject\",\"inLanguage\":\"es\",\"@id\":\"https:\/\/orsolinesmvarallo.org\/es\/#\/schema\/logo\/image\/\",\"url\":\"https:\/\/orsolinesmvarallo.org\/wp-content\/uploads\/2024\/12\/cropped-logoeuca-blanco.png\",\"contentUrl\":\"https:\/\/orsolinesmvarallo.org\/wp-content\/uploads\/2024\/12\/cropped-logoeuca-blanco.png\",\"width\":772,\"height\":742,\"caption\":\"OSMV\"},\"image\":{\"@id\":\"https:\/\/orsolinesmvarallo.org\/es\/#\/schema\/logo\/image\/\"}},{\"@type\":\"Person\",\"@id\":\"https:\/\/orsolinesmvarallo.org\/es\/#\/schema\/person\/61bcbe28ec16a268abe35517ccfd1b3d\",\"name\":\"admin\",\"image\":{\"@type\":\"ImageObject\",\"inLanguage\":\"es\",\"@id\":\"https:\/\/orsolinesmvarallo.org\/es\/#\/schema\/person\/image\/\",\"url\":\"https:\/\/secure.gravatar.com\/avatar\/48e6239e9fa94be050f37e1c9541cfb0?s=96&d=mm&r=g\",\"contentUrl\":\"https:\/\/secure.gravatar.com\/avatar\/48e6239e9fa94be050f37e1c9541cfb0?s=96&d=mm&r=g\",\"caption\":\"admin\"},\"sameAs\":[\"https:\/\/orsolinesmvarallo.org\"],\"url\":\"https:\/\/orsolinesmvarallo.org\/es\/author\/admin\/\"}]}<\/script>\n<!-- \/ Yoast SEO plugin. -->","yoast_head_json":{"title":"\u201cLa tierra era caos, vac\u00edo y oscuridad. Dijo Dios: \u2018Haya luz\u2019, y hubo luz.\u201d (Gn. 1, 2-3) - OSMV","robots":{"index":"index","follow":"follow","max-snippet":"max-snippet:-1","max-image-preview":"max-image-preview:large","max-video-preview":"max-video-preview:-1"},"canonical":"https:\/\/orsolinesmvarallo.org\/es\/la-tierra-era-caos-y-oscuridad\/","og_locale":"es_ES","og_type":"article","og_title":"\u201cLa tierra era caos, vac\u00edo y oscuridad. Dijo Dios: \u2018Haya luz\u2019, y hubo luz.\u201d (Gn. 1, 2-3) - OSMV","og_description":"Mi vida tambi\u00e9n era oscuridad, pero un d\u00eda, a trav\u00e9s de la confesi\u00f3n, Dios la ilumin\u00f3....","og_url":"https:\/\/orsolinesmvarallo.org\/es\/la-tierra-era-caos-y-oscuridad\/","og_site_name":"OSMV","article_published_time":"2025-12-12T11:42:52+00:00","article_modified_time":"2025-12-12T11:43:10+00:00","author":"admin","twitter_card":"summary_large_image","twitter_misc":{"Escrito por":"admin","Tiempo de lectura":"4 minutos"},"schema":{"@context":"https:\/\/schema.org","@graph":[{"@type":"Article","@id":"https:\/\/orsolinesmvarallo.org\/la-tierra-era-caos-y-oscuridad\/#article","isPartOf":{"@id":"https:\/\/orsolinesmvarallo.org\/la-tierra-era-caos-y-oscuridad\/"},"author":{"name":"admin","@id":"https:\/\/orsolinesmvarallo.org\/es\/#\/schema\/person\/61bcbe28ec16a268abe35517ccfd1b3d"},"headline":"\u201cLa tierra era caos, vac\u00edo y oscuridad. Dijo Dios: \u2018Haya luz\u2019, y hubo luz.\u201d (Gn. 1, 2-3)","datePublished":"2025-12-12T11:42:52+00:00","dateModified":"2025-12-12T11:43:10+00:00","mainEntityOfPage":{"@id":"https:\/\/orsolinesmvarallo.org\/la-tierra-era-caos-y-oscuridad\/"},"wordCount":914,"publisher":{"@id":"https:\/\/orsolinesmvarallo.org\/es\/#organization"},"articleSection":["Meditaciones"],"inLanguage":"es"},{"@type":"WebPage","@id":"https:\/\/orsolinesmvarallo.org\/la-tierra-era-caos-y-oscuridad\/","url":"https:\/\/orsolinesmvarallo.org\/la-tierra-era-caos-y-oscuridad\/","name":"\u201cLa tierra era caos, vac\u00edo y oscuridad. Dijo Dios: \u2018Haya luz\u2019, y hubo luz.\u201d (Gn. 1, 2-3) - OSMV","isPartOf":{"@id":"https:\/\/orsolinesmvarallo.org\/es\/#website"},"datePublished":"2025-12-12T11:42:52+00:00","dateModified":"2025-12-12T11:43:10+00:00","breadcrumb":{"@id":"https:\/\/orsolinesmvarallo.org\/la-tierra-era-caos-y-oscuridad\/#breadcrumb"},"inLanguage":"es","potentialAction":[{"@type":"ReadAction","target":["https:\/\/orsolinesmvarallo.org\/la-tierra-era-caos-y-oscuridad\/"]}]},{"@type":"BreadcrumbList","@id":"https:\/\/orsolinesmvarallo.org\/la-tierra-era-caos-y-oscuridad\/#breadcrumb","itemListElement":[{"@type":"ListItem","position":1,"name":"Portada","item":"https:\/\/orsolinesmvarallo.org\/"},{"@type":"ListItem","position":2,"name":"\u201cLa tierra era caos, vac\u00edo y oscuridad. Dijo Dios: \u2018Haya luz\u2019, y hubo luz.\u201d (Gn. 1, 2-3)"}]},{"@type":"WebSite","@id":"https:\/\/orsolinesmvarallo.org\/es\/#website","url":"https:\/\/orsolinesmvarallo.org\/es\/","name":"OSMV","description":"Suore Orsoline Sacro Monte di Varallo","publisher":{"@id":"https:\/\/orsolinesmvarallo.org\/es\/#organization"},"potentialAction":[{"@type":"SearchAction","target":{"@type":"EntryPoint","urlTemplate":"https:\/\/orsolinesmvarallo.org\/es\/?s={search_term_string}"},"query-input":{"@type":"PropertyValueSpecification","valueRequired":true,"valueName":"search_term_string"}}],"inLanguage":"es"},{"@type":"Organization","@id":"https:\/\/orsolinesmvarallo.org\/es\/#organization","name":"OSMV","url":"https:\/\/orsolinesmvarallo.org\/es\/","logo":{"@type":"ImageObject","inLanguage":"es","@id":"https:\/\/orsolinesmvarallo.org\/es\/#\/schema\/logo\/image\/","url":"https:\/\/orsolinesmvarallo.org\/wp-content\/uploads\/2024\/12\/cropped-logoeuca-blanco.png","contentUrl":"https:\/\/orsolinesmvarallo.org\/wp-content\/uploads\/2024\/12\/cropped-logoeuca-blanco.png","width":772,"height":742,"caption":"OSMV"},"image":{"@id":"https:\/\/orsolinesmvarallo.org\/es\/#\/schema\/logo\/image\/"}},{"@type":"Person","@id":"https:\/\/orsolinesmvarallo.org\/es\/#\/schema\/person\/61bcbe28ec16a268abe35517ccfd1b3d","name":"admin","image":{"@type":"ImageObject","inLanguage":"es","@id":"https:\/\/orsolinesmvarallo.org\/es\/#\/schema\/person\/image\/","url":"https:\/\/secure.gravatar.com\/avatar\/48e6239e9fa94be050f37e1c9541cfb0?s=96&d=mm&r=g","contentUrl":"https:\/\/secure.gravatar.com\/avatar\/48e6239e9fa94be050f37e1c9541cfb0?s=96&d=mm&r=g","caption":"admin"},"sameAs":["https:\/\/orsolinesmvarallo.org"],"url":"https:\/\/orsolinesmvarallo.org\/es\/author\/admin\/"}]}},"jetpack_featured_media_url":"","_links":{"self":[{"href":"https:\/\/orsolinesmvarallo.org\/es\/wp-json\/wp\/v2\/posts\/6638","targetHints":{"allow":["GET"]}}],"collection":[{"href":"https:\/\/orsolinesmvarallo.org\/es\/wp-json\/wp\/v2\/posts"}],"about":[{"href":"https:\/\/orsolinesmvarallo.org\/es\/wp-json\/wp\/v2\/types\/post"}],"author":[{"embeddable":true,"href":"https:\/\/orsolinesmvarallo.org\/es\/wp-json\/wp\/v2\/users\/1"}],"replies":[{"embeddable":true,"href":"https:\/\/orsolinesmvarallo.org\/es\/wp-json\/wp\/v2\/comments?post=6638"}],"version-history":[{"count":2,"href":"https:\/\/orsolinesmvarallo.org\/es\/wp-json\/wp\/v2\/posts\/6638\/revisions"}],"predecessor-version":[{"id":6647,"href":"https:\/\/orsolinesmvarallo.org\/es\/wp-json\/wp\/v2\/posts\/6638\/revisions\/6647"}],"wp:attachment":[{"href":"https:\/\/orsolinesmvarallo.org\/es\/wp-json\/wp\/v2\/media?parent=6638"}],"wp:term":[{"taxonomy":"category","embeddable":true,"href":"https:\/\/orsolinesmvarallo.org\/es\/wp-json\/wp\/v2\/categories?post=6638"},{"taxonomy":"post_tag","embeddable":true,"href":"https:\/\/orsolinesmvarallo.org\/es\/wp-json\/wp\/v2\/tags?post=6638"}],"curies":[{"name":"wp","href":"https:\/\/api.w.org\/{rel}","templated":true}]}}