{"id":6642,"date":"2025-12-12T15:37:08","date_gmt":"2025-12-12T14:37:08","guid":{"rendered":"https:\/\/orsolinesmvarallo.org\/?p=6642"},"modified":"2025-12-12T15:39:38","modified_gmt":"2025-12-12T14:39:38","slug":"dies-natalis-madrid","status":"publish","type":"post","link":"https:\/\/orsolinesmvarallo.org\/es\/dies-natalis-madrid\/","title":{"rendered":"Dies Natalis Don Alfonso y M. Clotilde &#8211; Madrid"},"content":{"rendered":"<p>La celebraci\u00f3n del centenario del <em>dies natalis<\/em> de <strong>Don Alfonso Chiara<\/strong> y <strong>Madre Clotilde Verno<\/strong> fue, para nosotras <strong>Ursulinas<\/strong>, un momento de profunda gratitud. Vivir esta Eucarist\u00eda junto a la <strong>comunidad de la Parroquia Ntra. Sra. de las Delicias<\/strong>, de la <strong>Parroquia Beata Mar\u00eda Ana de Jes\u00fas<\/strong> y de la <strong>Parroquia Nstra. Sra. de la Paz<\/strong>, reforz\u00f3 nuestro sentido de misi\u00f3n y comuni\u00f3n eclesial.<\/p>\n\n\n\n<p>Desde los preparativos hasta los \u00faltimos cantos, sentimos la cercan\u00eda de todos sacerdotes, jovenes, familias, amigos, se\u00f1oras, etc.  Fue especialmente conmovedor ver a miembros de est\u00e1s tres parroquias reunidos para celebrar la vida de quienes, con su testimonio, han dejado una huella imborrable en nuestra historia y espiritualidad. Sus ejemplos de amor, humildad y servicio siguen siendo para nosotras una gu\u00eda en la misi\u00f3n que realizamos d\u00eda a d\u00eda.<\/p>\n\n\n\n<p>Durante la Eucarist\u00eda, nos sentimos parte de una familia m\u00e1s grande, unida por la misma fe y por el deseo de seguir construyendo comunidad. Cada gesto \u2014las oraciones, los abrazos, las miradas agradecidas\u2014 nos recordaba que el carisma ursulino sigue vivo cuando se ofrece al servicio de la Iglesia y de los hermanos.<\/p>\n\n\n\n<p>Esta celebraci\u00f3n tambi\u00e9n fue una oportunidad para acompa\u00f1ar y animar a la juventud, que con entusiasmo particip\u00f3 tanto en la liturgia como en el momento del compartir comunitario. <\/p>\n\n\n\n<p>Las fotograf\u00edas y el video que compartimos a continuaci\u00f3n recogen los momentos significativos de la celebraci\u00f3n. <\/p>\n\n\n\n<p>Como Hermanas Ursulinas, damos gracias por lo vivido y renovamos nuestro compromiso de seguir caminando junto a las comunidades que nos acogen, sirviendo con alegr\u00eda a los sacerdotes y guiando a quienes buscan a Dios, especialmente a los j\u00f3venes.<\/p>\n\n\n\n<figure class=\"wp-block-embed aligncenter is-type-rich is-provider-flickr wp-block-embed-flickr\"><div class=\"wp-block-embed__wrapper\">\n<a data-flickr-embed='true' href='https:\/\/www.flickr.com\/photos\/203378236@N05\/albums\/72177720330893444\/' title='Dies Natalis fundadores - Madrid by stephanie.osmv, on Flickr'><img src='https:\/\/live.staticflickr.com\/65535\/54979556236_288546841b_z.jpg' width='800' height='600' alt='IMG_9650'><\/a><script async src='https:\/\/embedr.flickr.com\/assets\/client-code.js' charset='utf-8'><\/script>\n<\/div><\/figure>\n\n\n\n<h2 class=\"wp-block-heading\">Conoce nuestra historia:<\/h2>\n\n\n\n<figure class=\"wp-block-embed aligncenter is-type-video is-provider-youtube wp-block-embed-youtube wp-embed-aspect-16-9 wp-has-aspect-ratio\"><div class=\"wp-block-embed__wrapper\">\n<iframe title=\"Video historico USMV por el centenario de los fundadores\" width=\"720\" height=\"405\" src=\"https:\/\/www.youtube.com\/embed\/Ofuyt-mZCts?feature=oembed\" frameborder=\"0\" allow=\"accelerometer; autoplay; clipboard-write; encrypted-media; gyroscope; picture-in-picture; web-share\" referrerpolicy=\"strict-origin-when-cross-origin\" allowfullscreen><\/iframe>\n<\/div><\/figure>\n\n\n\n<h2 class=\"wp-block-heading\">Misa completa:<\/h2>\n\n\n\n<figure class=\"wp-block-embed is-type-video is-provider-youtube wp-block-embed-youtube wp-embed-aspect-16-9 wp-has-aspect-ratio\"><div class=\"wp-block-embed__wrapper\">\n<iframe title=\"Dies Natalis fundadores hnas. Ursulinas - Misa completa\" width=\"720\" height=\"405\" src=\"https:\/\/www.youtube.com\/embed\/MTOf65drkn8?feature=oembed\" frameborder=\"0\" allow=\"accelerometer; autoplay; clipboard-write; encrypted-media; gyroscope; picture-in-picture; web-share\" referrerpolicy=\"strict-origin-when-cross-origin\" allowfullscreen><\/iframe>\n<\/div><\/figure>\n\n\n\n<p><\/p>","protected":false},"excerpt":{"rendered":"<p>La celebraci\u00f3n del centenario del dies natalis de Don Alfonso Chiara y Madre Clotilde Verno fue,&#8230;<\/p>","protected":false},"author":1,"featured_media":0,"comment_status":"closed","ping_status":"open","sticky":false,"template":"","format":"standard","meta":{"_eb_attr":"","_kadence_starter_templates_imported_post":false,"_kad_post_transparent":"","_kad_post_title":"show","_kad_post_layout":"default","_kad_post_sidebar_id":"","_kad_post_content_style":"default","_kad_post_vertical_padding":"","_kad_post_feature":"","_kad_post_feature_position":"","_kad_post_header":false,"_kad_post_footer":false,"footnotes":""},"categories":[7],"tags":[],"class_list":["post-6642","post","type-post","status-publish","format-standard","hentry","category-fraternita"],"yoast_head":"<!-- This site is optimized with the Yoast SEO plugin v24.8.1 - https:\/\/yoast.com\/wordpress\/plugins\/seo\/ -->\n<title>Dies Natalis Don Alfonso y M. Clotilde - Madrid - OSMV<\/title>\n<meta name=\"robots\" content=\"index, follow, max-snippet:-1, max-image-preview:large, max-video-preview:-1\" \/>\n<link rel=\"canonical\" href=\"https:\/\/orsolinesmvarallo.org\/es\/dies-natalis-madrid\/\" \/>\n<meta property=\"og:locale\" content=\"es_ES\" \/>\n<meta property=\"og:type\" content=\"article\" \/>\n<meta property=\"og:title\" content=\"Dies Natalis Don Alfonso y M. Clotilde - Madrid - OSMV\" \/>\n<meta property=\"og:description\" content=\"La celebraci\u00f3n del centenario del dies natalis de Don Alfonso Chiara y Madre Clotilde Verno fue,...\" \/>\n<meta property=\"og:url\" content=\"https:\/\/orsolinesmvarallo.org\/es\/dies-natalis-madrid\/\" \/>\n<meta property=\"og:site_name\" content=\"OSMV\" \/>\n<meta property=\"article:published_time\" content=\"2025-12-12T14:37:08+00:00\" \/>\n<meta property=\"article:modified_time\" content=\"2025-12-12T14:39:38+00:00\" \/>\n<meta name=\"author\" content=\"admin\" \/>\n<meta name=\"twitter:card\" content=\"summary_large_image\" \/>\n<meta name=\"twitter:label1\" content=\"Escrito por\" \/>\n\t<meta name=\"twitter:data1\" content=\"admin\" \/>\n\t<meta name=\"twitter:label2\" content=\"Tiempo de lectura\" \/>\n\t<meta name=\"twitter:data2\" content=\"2 minutos\" \/>\n<script type=\"application\/ld+json\" class=\"yoast-schema-graph\">{\"@context\":\"https:\/\/schema.org\",\"@graph\":[{\"@type\":\"Article\",\"@id\":\"https:\/\/orsolinesmvarallo.org\/dies-natalis-madrid\/#article\",\"isPartOf\":{\"@id\":\"https:\/\/orsolinesmvarallo.org\/dies-natalis-madrid\/\"},\"author\":{\"name\":\"admin\",\"@id\":\"https:\/\/orsolinesmvarallo.org\/es\/#\/schema\/person\/61bcbe28ec16a268abe35517ccfd1b3d\"},\"headline\":\"Dies Natalis Don Alfonso y M. Clotilde &#8211; Madrid\",\"datePublished\":\"2025-12-12T14:37:08+00:00\",\"dateModified\":\"2025-12-12T14:39:38+00:00\",\"mainEntityOfPage\":{\"@id\":\"https:\/\/orsolinesmvarallo.org\/dies-natalis-madrid\/\"},\"wordCount\":320,\"publisher\":{\"@id\":\"https:\/\/orsolinesmvarallo.org\/es\/#organization\"},\"articleSection\":[\"Fraternit\u00e0\"],\"inLanguage\":\"es\"},{\"@type\":\"WebPage\",\"@id\":\"https:\/\/orsolinesmvarallo.org\/dies-natalis-madrid\/\",\"url\":\"https:\/\/orsolinesmvarallo.org\/dies-natalis-madrid\/\",\"name\":\"Dies Natalis Don Alfonso y M. Clotilde - Madrid - OSMV\",\"isPartOf\":{\"@id\":\"https:\/\/orsolinesmvarallo.org\/es\/#website\"},\"datePublished\":\"2025-12-12T14:37:08+00:00\",\"dateModified\":\"2025-12-12T14:39:38+00:00\",\"breadcrumb\":{\"@id\":\"https:\/\/orsolinesmvarallo.org\/dies-natalis-madrid\/#breadcrumb\"},\"inLanguage\":\"es\",\"potentialAction\":[{\"@type\":\"ReadAction\",\"target\":[\"https:\/\/orsolinesmvarallo.org\/dies-natalis-madrid\/\"]}]},{\"@type\":\"BreadcrumbList\",\"@id\":\"https:\/\/orsolinesmvarallo.org\/dies-natalis-madrid\/#breadcrumb\",\"itemListElement\":[{\"@type\":\"ListItem\",\"position\":1,\"name\":\"Portada\",\"item\":\"https:\/\/orsolinesmvarallo.org\/\"},{\"@type\":\"ListItem\",\"position\":2,\"name\":\"Dies Natalis Don Alfonso y M. Clotilde &#8211; Madrid\"}]},{\"@type\":\"WebSite\",\"@id\":\"https:\/\/orsolinesmvarallo.org\/es\/#website\",\"url\":\"https:\/\/orsolinesmvarallo.org\/es\/\",\"name\":\"OSMV\",\"description\":\"Suore Orsoline Sacro Monte di Varallo\",\"publisher\":{\"@id\":\"https:\/\/orsolinesmvarallo.org\/es\/#organization\"},\"potentialAction\":[{\"@type\":\"SearchAction\",\"target\":{\"@type\":\"EntryPoint\",\"urlTemplate\":\"https:\/\/orsolinesmvarallo.org\/es\/?s={search_term_string}\"},\"query-input\":{\"@type\":\"PropertyValueSpecification\",\"valueRequired\":true,\"valueName\":\"search_term_string\"}}],\"inLanguage\":\"es\"},{\"@type\":\"Organization\",\"@id\":\"https:\/\/orsolinesmvarallo.org\/es\/#organization\",\"name\":\"OSMV\",\"url\":\"https:\/\/orsolinesmvarallo.org\/es\/\",\"logo\":{\"@type\":\"ImageObject\",\"inLanguage\":\"es\",\"@id\":\"https:\/\/orsolinesmvarallo.org\/es\/#\/schema\/logo\/image\/\",\"url\":\"https:\/\/orsolinesmvarallo.org\/wp-content\/uploads\/2024\/12\/cropped-logoeuca-blanco.png\",\"contentUrl\":\"https:\/\/orsolinesmvarallo.org\/wp-content\/uploads\/2024\/12\/cropped-logoeuca-blanco.png\",\"width\":772,\"height\":742,\"caption\":\"OSMV\"},\"image\":{\"@id\":\"https:\/\/orsolinesmvarallo.org\/es\/#\/schema\/logo\/image\/\"}},{\"@type\":\"Person\",\"@id\":\"https:\/\/orsolinesmvarallo.org\/es\/#\/schema\/person\/61bcbe28ec16a268abe35517ccfd1b3d\",\"name\":\"admin\",\"image\":{\"@type\":\"ImageObject\",\"inLanguage\":\"es\",\"@id\":\"https:\/\/orsolinesmvarallo.org\/es\/#\/schema\/person\/image\/\",\"url\":\"https:\/\/secure.gravatar.com\/avatar\/48e6239e9fa94be050f37e1c9541cfb0?s=96&d=mm&r=g\",\"contentUrl\":\"https:\/\/secure.gravatar.com\/avatar\/48e6239e9fa94be050f37e1c9541cfb0?s=96&d=mm&r=g\",\"caption\":\"admin\"},\"sameAs\":[\"https:\/\/orsolinesmvarallo.org\"],\"url\":\"https:\/\/orsolinesmvarallo.org\/es\/author\/admin\/\"}]}<\/script>\n<!-- \/ Yoast SEO plugin. -->","yoast_head_json":{"title":"Dies Natalis Don Alfonso y M. Clotilde - Madrid - OSMV","robots":{"index":"index","follow":"follow","max-snippet":"max-snippet:-1","max-image-preview":"max-image-preview:large","max-video-preview":"max-video-preview:-1"},"canonical":"https:\/\/orsolinesmvarallo.org\/es\/dies-natalis-madrid\/","og_locale":"es_ES","og_type":"article","og_title":"Dies Natalis Don Alfonso y M. Clotilde - Madrid - OSMV","og_description":"La celebraci\u00f3n del centenario del dies natalis de Don Alfonso Chiara y Madre Clotilde Verno fue,...","og_url":"https:\/\/orsolinesmvarallo.org\/es\/dies-natalis-madrid\/","og_site_name":"OSMV","article_published_time":"2025-12-12T14:37:08+00:00","article_modified_time":"2025-12-12T14:39:38+00:00","author":"admin","twitter_card":"summary_large_image","twitter_misc":{"Escrito por":"admin","Tiempo de lectura":"2 minutos"},"schema":{"@context":"https:\/\/schema.org","@graph":[{"@type":"Article","@id":"https:\/\/orsolinesmvarallo.org\/dies-natalis-madrid\/#article","isPartOf":{"@id":"https:\/\/orsolinesmvarallo.org\/dies-natalis-madrid\/"},"author":{"name":"admin","@id":"https:\/\/orsolinesmvarallo.org\/es\/#\/schema\/person\/61bcbe28ec16a268abe35517ccfd1b3d"},"headline":"Dies Natalis Don Alfonso y M. Clotilde &#8211; Madrid","datePublished":"2025-12-12T14:37:08+00:00","dateModified":"2025-12-12T14:39:38+00:00","mainEntityOfPage":{"@id":"https:\/\/orsolinesmvarallo.org\/dies-natalis-madrid\/"},"wordCount":320,"publisher":{"@id":"https:\/\/orsolinesmvarallo.org\/es\/#organization"},"articleSection":["Fraternit\u00e0"],"inLanguage":"es"},{"@type":"WebPage","@id":"https:\/\/orsolinesmvarallo.org\/dies-natalis-madrid\/","url":"https:\/\/orsolinesmvarallo.org\/dies-natalis-madrid\/","name":"Dies Natalis Don Alfonso y M. Clotilde - Madrid - OSMV","isPartOf":{"@id":"https:\/\/orsolinesmvarallo.org\/es\/#website"},"datePublished":"2025-12-12T14:37:08+00:00","dateModified":"2025-12-12T14:39:38+00:00","breadcrumb":{"@id":"https:\/\/orsolinesmvarallo.org\/dies-natalis-madrid\/#breadcrumb"},"inLanguage":"es","potentialAction":[{"@type":"ReadAction","target":["https:\/\/orsolinesmvarallo.org\/dies-natalis-madrid\/"]}]},{"@type":"BreadcrumbList","@id":"https:\/\/orsolinesmvarallo.org\/dies-natalis-madrid\/#breadcrumb","itemListElement":[{"@type":"ListItem","position":1,"name":"Portada","item":"https:\/\/orsolinesmvarallo.org\/"},{"@type":"ListItem","position":2,"name":"Dies Natalis Don Alfonso y M. Clotilde &#8211; Madrid"}]},{"@type":"WebSite","@id":"https:\/\/orsolinesmvarallo.org\/es\/#website","url":"https:\/\/orsolinesmvarallo.org\/es\/","name":"OSMV","description":"Suore Orsoline Sacro Monte di Varallo","publisher":{"@id":"https:\/\/orsolinesmvarallo.org\/es\/#organization"},"potentialAction":[{"@type":"SearchAction","target":{"@type":"EntryPoint","urlTemplate":"https:\/\/orsolinesmvarallo.org\/es\/?s={search_term_string}"},"query-input":{"@type":"PropertyValueSpecification","valueRequired":true,"valueName":"search_term_string"}}],"inLanguage":"es"},{"@type":"Organization","@id":"https:\/\/orsolinesmvarallo.org\/es\/#organization","name":"OSMV","url":"https:\/\/orsolinesmvarallo.org\/es\/","logo":{"@type":"ImageObject","inLanguage":"es","@id":"https:\/\/orsolinesmvarallo.org\/es\/#\/schema\/logo\/image\/","url":"https:\/\/orsolinesmvarallo.org\/wp-content\/uploads\/2024\/12\/cropped-logoeuca-blanco.png","contentUrl":"https:\/\/orsolinesmvarallo.org\/wp-content\/uploads\/2024\/12\/cropped-logoeuca-blanco.png","width":772,"height":742,"caption":"OSMV"},"image":{"@id":"https:\/\/orsolinesmvarallo.org\/es\/#\/schema\/logo\/image\/"}},{"@type":"Person","@id":"https:\/\/orsolinesmvarallo.org\/es\/#\/schema\/person\/61bcbe28ec16a268abe35517ccfd1b3d","name":"admin","image":{"@type":"ImageObject","inLanguage":"es","@id":"https:\/\/orsolinesmvarallo.org\/es\/#\/schema\/person\/image\/","url":"https:\/\/secure.gravatar.com\/avatar\/48e6239e9fa94be050f37e1c9541cfb0?s=96&d=mm&r=g","contentUrl":"https:\/\/secure.gravatar.com\/avatar\/48e6239e9fa94be050f37e1c9541cfb0?s=96&d=mm&r=g","caption":"admin"},"sameAs":["https:\/\/orsolinesmvarallo.org"],"url":"https:\/\/orsolinesmvarallo.org\/es\/author\/admin\/"}]}},"jetpack_featured_media_url":"","_links":{"self":[{"href":"https:\/\/orsolinesmvarallo.org\/es\/wp-json\/wp\/v2\/posts\/6642","targetHints":{"allow":["GET"]}}],"collection":[{"href":"https:\/\/orsolinesmvarallo.org\/es\/wp-json\/wp\/v2\/posts"}],"about":[{"href":"https:\/\/orsolinesmvarallo.org\/es\/wp-json\/wp\/v2\/types\/post"}],"author":[{"embeddable":true,"href":"https:\/\/orsolinesmvarallo.org\/es\/wp-json\/wp\/v2\/users\/1"}],"replies":[{"embeddable":true,"href":"https:\/\/orsolinesmvarallo.org\/es\/wp-json\/wp\/v2\/comments?post=6642"}],"version-history":[{"count":2,"href":"https:\/\/orsolinesmvarallo.org\/es\/wp-json\/wp\/v2\/posts\/6642\/revisions"}],"predecessor-version":[{"id":6646,"href":"https:\/\/orsolinesmvarallo.org\/es\/wp-json\/wp\/v2\/posts\/6642\/revisions\/6646"}],"wp:attachment":[{"href":"https:\/\/orsolinesmvarallo.org\/es\/wp-json\/wp\/v2\/media?parent=6642"}],"wp:term":[{"taxonomy":"category","embeddable":true,"href":"https:\/\/orsolinesmvarallo.org\/es\/wp-json\/wp\/v2\/categories?post=6642"},{"taxonomy":"post_tag","embeddable":true,"href":"https:\/\/orsolinesmvarallo.org\/es\/wp-json\/wp\/v2\/tags?post=6642"}],"curies":[{"name":"wp","href":"https:\/\/api.w.org\/{rel}","templated":true}]}}